{"id":314423,"date":"2025-08-12T17:39:26","date_gmt":"2025-08-12T17:39:26","guid":{"rendered":"https:\/\/www.europesays.com\/fr\/314423\/"},"modified":"2025-08-12T17:39:26","modified_gmt":"2025-08-12T17:39:26","slug":"elle-etait-appreciee-de-tous-emotion-apres-le-deces-dune-femme-a-moto-au-sud","status":"publish","type":"post","link":"https:\/\/www.europesays.com\/fr\/314423\/","title":{"rendered":"\u00ab\u00a0Elle \u00e9tait appr\u00e9ci\u00e9e de tous\u00a0\u00bb\u00a0: \u00e9motion apr\u00e8s le d\u00e9c\u00e8s d\u2019une femme \u00e0 moto, au sud"},"content":{"rendered":"<p><strong>\u00ab\u00a0Anne-Thavry \u00e9tait appr\u00e9ci\u00e9e de toutes et tous pour sa gentillesse, son professionnalisme et son engagement au quotidien. Sa disparition laisse un grand vide parmi ses coll\u00e8gues et amis.\u00a0\u00bb<\/strong> C\u2019est avec ces mots que le syndicat Force ouvri\u00e8re de la Semitan (1) a r\u00e9agi apr\u00e8s le d\u00e9c\u00e8s d\u2019Anne-Thavry Mezard, une salari\u00e9e de l\u2019entreprise, dans un <a href=\"https:\/\/nantes.maville.com\/actu\/actudet_-une-femme-est-decedee-apres-un-accident-de-moto-dans-le-vignoble-de-nantes-_52716-6930359_actu.Htm\" target=\"_blank\" rel=\"nofollow noopener\">accident de la circulation, survenu un peu avant 5\u00a0h du matin, dans la nuit du samedi\u00a09 au dimanche 10\u00a0ao\u00fbt<\/a>. Le drame s\u2019est produit au lieu-dit le Chemin-Noir, au Loroux-Bottereau, sur la route menant \u00e0 La Haie-Fouassi\u00e8re.<\/p>\n<p>\u00c2g\u00e9e de 35\u00a0ans, la victime travaillait depuis neuf ans en tant qu\u2019agente de conduite\u00a0et d\u2019intervention au service de la Mission s\u00e9curisation r\u00e9seau (MSR), charg\u00e9e du contr\u00f4le, de l\u2019intervention, ainsi que de la pr\u00e9vention au sein de la Semitan. L\u2019accident s\u2019est produit alors que cette m\u00e8re de deux enfants rentrait de son service pour rejoindre son domicile, au Loroux-Bottereau. La responsable du service MSR \u00e9tait pr\u00e9sente toute la journ\u00e9e de dimanche pour \u00e9pauler ses coll\u00e8gues, fortement \u00e9prouv\u00e9s par ce d\u00e9c\u00e8s.<\/p>\n<p>\u00c0 l\u2019arriv\u00e9e des secours, la victime \u00e9tait seule sur les lieux. Une enqu\u00eate de gendarmerie a \u00e9t\u00e9 ouverte par la compagnie de gendarmerie de Rez\u00e9 pour d\u00e9terminer les raisons de la perte de contr\u00f4le. Il leur faudra notamment d\u00e9terminer s\u2019il y a eu, ou non, intervention d\u2019un tiers. Un examen m\u00e9dico-l\u00e9gal du corps de la victime a \u00e9t\u00e9 demand\u00e9 par le parquet de Nantes.<\/p>\n<p>(1) Soci\u00e9t\u00e9 qui exploite le r\u00e9seau de transport de l\u2019agglom\u00e9ration nantaise.<\/p>\n<p>\u00a0<\/p>\n","protected":false},"excerpt":{"rendered":"\u00ab\u00a0Anne-Thavry \u00e9tait appr\u00e9ci\u00e9e de toutes et tous pour sa gentillesse, son professionnalisme et son engagement au quotidien. Sa&hellip;\n","protected":false},"author":2,"featured_media":314424,"comment_status":"","ping_status":"","sticky":false,"template":"","format":"standard","meta":{"footnotes":""},"categories":[2818],"tags":[1111,11,45379,3983,19816,1777,674,1294,1011,27,1457,766,12,2636,25,7053],"class_list":{"0":"post-314423","1":"post","2":"type-post","3":"status-publish","4":"format-standard","5":"has-post-thumbnail","7":"category-nantes","8":"tag-actu","9":"tag-actualites","10":"tag-appreciee","11":"tag-deces","12":"tag-emotion","13":"tag-eu","14":"tag-europe","15":"tag-femme","16":"tag-fr","17":"tag-france","18":"tag-moto","19":"tag-nantes","20":"tag-news","21":"tag-pays-de-la-loire","22":"tag-republique-francaise","23":"tag-sud"},"share_on_mastodon":{"url":"https:\/\/pubeurope.com\/@fr\/115017021237672002","error":""},"_links":{"self":[{"href":"https:\/\/www.europesays.com\/fr\/wp-json\/wp\/v2\/posts\/314423","targetHints":{"allow":["GET"]}}],"collection":[{"href":"https:\/\/www.europesays.com\/fr\/wp-json\/wp\/v2\/posts"}],"about":[{"href":"https:\/\/www.europesays.com\/fr\/wp-json\/wp\/v2\/types\/post"}],"author":[{"embeddable":true,"href":"https:\/\/www.europesays.com\/fr\/wp-json\/wp\/v2\/users\/2"}],"replies":[{"embeddable":true,"href":"https:\/\/www.europesays.com\/fr\/wp-json\/wp\/v2\/comments?post=314423"}],"version-history":[{"count":0,"href":"https:\/\/www.europesays.com\/fr\/wp-json\/wp\/v2\/posts\/314423\/revisions"}],"wp:featuredmedia":[{"embeddable":true,"href":"https:\/\/www.europesays.com\/fr\/wp-json\/wp\/v2\/media\/314424"}],"wp:attachment":[{"href":"https:\/\/www.europesays.com\/fr\/wp-json\/wp\/v2\/media?parent=314423"}],"wp:term":[{"taxonomy":"category","embeddable":true,"href":"https:\/\/www.europesays.com\/fr\/wp-json\/wp\/v2\/categories?post=314423"},{"taxonomy":"post_tag","embeddable":true,"href":"https:\/\/www.europesays.com\/fr\/wp-json\/wp\/v2\/tags?post=314423"}],"curies":[{"name":"wp","href":"https:\/\/api.w.org\/{rel}","templated":true}]}}