{"id":314425,"date":"2025-08-12T17:40:32","date_gmt":"2025-08-12T17:40:32","guid":{"rendered":"https:\/\/www.europesays.com\/fr\/314425\/"},"modified":"2025-08-12T17:40:32","modified_gmt":"2025-08-12T17:40:32","slug":"loire-atlantique-il-percute-trois-vehicules-de-police-avant-detre-interpelle-pres-de-nantes","status":"publish","type":"post","link":"https:\/\/www.europesays.com\/fr\/314425\/","title":{"rendered":"Loire-Atlantique. Il percute trois v\u00e9hicules de police avant d&rsquo;\u00eatre interpell\u00e9 pr\u00e8s de Nantes"},"content":{"rendered":"<p>Un trentenaire a \u00e9t\u00e9 mis en examen pour tentatives de meurtre et incarc\u00e9r\u00e9 lundi apr\u00e8s avoir percut\u00e9 trois v\u00e9hicules de police pr\u00e8s de Nantes (Loire-Atlantique) sous l&#8217;emprise d&rsquo;alcool et de stup\u00e9fiants.<\/p>\n<p>Au volant de sa camionnette de service, cet homme n\u00e9 en 1989 et d\u00e9j\u00e0 condamn\u00e9, a \u00e9t\u00e9 interpell\u00e9 dans la nuit de samedi \u00e0 dimanche \u00e0 Rez\u00e9 \u00ab en possession de r\u00e9sine de cannabis et de coca\u00efne \u00bb apr\u00e8s avoir fonc\u00e9 sur plusieurs policiers et leurs v\u00e9hicules dans sa fuite, a d\u00e9clar\u00e9 le procureur de la R\u00e9publique de Nantes Antoine Leroy.<\/p>\n<p>Ce contenu est bloqu\u00e9 car vous n&rsquo;avez pas accept\u00e9 les cookies et autres traceurs.<\/p>\n<p>En cliquant sur \u00ab J\u2019accepte \u00bb, les cookies et autres traceurs seront d\u00e9pos\u00e9s et vous pourrez visualiser les contenus  (<a href=\"\" class=\"consentModule_policy\" target=\"_blank\" title=\"Consulter la politique de protection des donn\u00e9es du fournisseur\">plus d&rsquo;informations<\/a>).<\/p>\n<p>En cliquant sur \u00ab J\u2019accepte tous les cookies \u00bb, vous autorisez des d\u00e9p\u00f4ts de cookies et autres traceurs pour le stockage de vos donn\u00e9es sur nos sites et applications \u00e0 des fins de personnalisation et de ciblage publicitaire.<\/p>\n<p class=\"consentModule_secondaryText\">Vous gardez la possibilit\u00e9 de retirer votre consentement \u00e0 tout moment en consultant notre <a href=\"https:\/\/www.ledauphine.com\/protection-des-donnees\" target=\"_blank\" title=\"Consulter notre politique de protection des donn\u00e9es\" rel=\"noopener\">politique de protection des donn\u00e9es<\/a>. <br \/>&#13;<br \/>\n            <a href=\"https:\/\/www.ledauphine.com\/faits-divers-justice\/2025\/08\/12\/javascript:Didomi.notice.show()\" class=\"consentModule_cmp\" target=\"_blank\" rel=\"noopener\">G\u00e9rer mes choix<\/a>&#13;\n        <\/p>\n<p>&#13;<br \/>\n                        J&rsquo;accepte&#13;<br \/>\n            J&rsquo;accepte tous les cookies&#13;\n        <\/p>\n<p>  \u00ab Tentative de meurtre sur policiers\u00a0\u00bb<\/p>\n<p>Le conducteur a d&rsquo;abord \u00ab pris en \u00e9tau \u00bb un v\u00e9hicule de police avec une autre voiture alors qu&rsquo;une quinzaine de personnes tentaient d&#8217;emp\u00eacher l&rsquo;interpellation de deux hommes circulant sur un deux-roues et \u00ab pouvant \u00eatre li\u00e9s \u00bb \u00e0 des coups de feu tir\u00e9s peu avant dans un quartier de Nantes, d\u00e9taille le magistrat.<\/p>\n<p>La camionnette avait ensuite pris la fuite avant de s&rsquo;arr\u00eater brusquement, de percuter en marche arri\u00e8re un second v\u00e9hicule de police qui l&rsquo;avait prise en chasse, puis de foncer sur plusieurs policiers \u00e0 pied. L&rsquo;un d&rsquo;eux \u00ab n&rsquo;a d\u00fb son salut qu&rsquo;en se r\u00e9fugiant rapidement dans son v\u00e9hicule de service, v\u00e9hicule ensuite percut\u00e9 par celui du mis en cause \u00bb, selon le procureur. Une herse a finalement mis fin \u00e0 la course-poursuite nocturne.<\/p>\n<p>Le parquet de Nantes a caract\u00e9ris\u00e9 les faits de tentative de meurtre sur policiers. Lors de sa garde \u00e0 vue, l&rsquo;int\u00e9ress\u00e9 a reconnu \u00ab la mat\u00e9rialit\u00e9 des faits \u00bb mais il nie avoir voulu tuer les fonctionnaires. L&rsquo;homme est \u00e9galement poursuivi pour d\u00e9gradation de biens publics, conduite d&rsquo;un v\u00e9hicule sous l&#8217;emprise d&rsquo;alcool et de produits stup\u00e9fiants, et refus d&rsquo;obtemp\u00e9rer exposant autrui \u00e0 un risque de mort ou d&rsquo;infirmit\u00e9 permanente, selon Leroy. Mis en examen lundi par un juge d&rsquo;instruction, il a \u00e9t\u00e9 plac\u00e9 en d\u00e9tention provisoire.<\/p>\n","protected":false},"excerpt":{"rendered":"Un trentenaire a \u00e9t\u00e9 mis en examen pour tentatives de meurtre et incarc\u00e9r\u00e9 lundi apr\u00e8s avoir percut\u00e9 trois&hellip;\n","protected":false},"author":2,"featured_media":314426,"comment_status":"","ping_status":"","sticky":false,"template":"","format":"standard","meta":{"footnotes":""},"categories":[2818],"tags":[1111,11,271,272,1777,674,274,107,1011,27,329,766,12,2636,25],"class_list":{"0":"post-314425","1":"post","2":"type-post","3":"status-publish","4":"format-standard","5":"has-post-thumbnail","7":"category-nantes","8":"tag-actu","9":"tag-actualites","10":"tag-crime","11":"tag-delit-et-contravention","12":"tag-eu","13":"tag-europe","14":"tag-faits-divers-justice","15":"tag-fil-info","16":"tag-fr","17":"tag-france","18":"tag-france-monde","19":"tag-nantes","20":"tag-news","21":"tag-pays-de-la-loire","22":"tag-republique-francaise"},"share_on_mastodon":{"url":"https:\/\/pubeurope.com\/@fr\/115017025053092695","error":""},"_links":{"self":[{"href":"https:\/\/www.europesays.com\/fr\/wp-json\/wp\/v2\/posts\/314425","targetHints":{"allow":["GET"]}}],"collection":[{"href":"https:\/\/www.europesays.com\/fr\/wp-json\/wp\/v2\/posts"}],"about":[{"href":"https:\/\/www.europesays.com\/fr\/wp-json\/wp\/v2\/types\/post"}],"author":[{"embeddable":true,"href":"https:\/\/www.europesays.com\/fr\/wp-json\/wp\/v2\/users\/2"}],"replies":[{"embeddable":true,"href":"https:\/\/www.europesays.com\/fr\/wp-json\/wp\/v2\/comments?post=314425"}],"version-history":[{"count":0,"href":"https:\/\/www.europesays.com\/fr\/wp-json\/wp\/v2\/posts\/314425\/revisions"}],"wp:featuredmedia":[{"embeddable":true,"href":"https:\/\/www.europesays.com\/fr\/wp-json\/wp\/v2\/media\/314426"}],"wp:attachment":[{"href":"https:\/\/www.europesays.com\/fr\/wp-json\/wp\/v2\/media?parent=314425"}],"wp:term":[{"taxonomy":"category","embeddable":true,"href":"https:\/\/www.europesays.com\/fr\/wp-json\/wp\/v2\/categories?post=314425"},{"taxonomy":"post_tag","embeddable":true,"href":"https:\/\/www.europesays.com\/fr\/wp-json\/wp\/v2\/tags?post=314425"}],"curies":[{"name":"wp","href":"https:\/\/api.w.org\/{rel}","templated":true}]}}