{"id":314431,"date":"2025-08-12T17:43:16","date_gmt":"2025-08-12T17:43:16","guid":{"rendered":"https:\/\/www.europesays.com\/fr\/314431\/"},"modified":"2025-08-12T17:43:16","modified_gmt":"2025-08-12T17:43:16","slug":"un-cheval-de-300-kg-inaugure-lexposition-domestique-moi-si-tu-peux-haute-garonne-toulouse","status":"publish","type":"post","link":"https:\/\/www.europesays.com\/fr\/314431\/","title":{"rendered":"Un cheval de 300 kg inaugure l&rsquo;exposition \u00ab\u00a0Domestique-moi si tu peux !\u00a0\u00bb &#8211; Haute Garonne &#8211; Toulouse"},"content":{"rendered":"<p>                    <img width=\"2560\" height=\"1920\" src=\"https:\/\/www.europesays.com\/fr\/wp-content\/uploads\/2025\/08\/unnamed-1-2-scaled.jpg\" class=\"img-fluid landscape wp-post-image\" alt=\"Arriv\u00e9e du premier sp\u00e9cimen de l\u2019exposition  Domestique-moi si tu peux !\" itemprop=\"image\" decoding=\"async\" fetchpriority=\"high\"  \/>                    <\/p>\n<p itemprop=\"name\">\n                                                Arriv\u00e9e du premier sp\u00e9cimen de l\u2019exposition  Domestique-moi si tu peux !<br \/>\n                         Cr\u00e9dits :<br \/>\n                            \u00a9 Mus\u00e9e Mus\u00e9um d\u00e9partemental des Hautes-Alpes\n                                                <\/p>\n<p><strong>Le Mus\u00e9um de Toulouse a accueilli le premier sp\u00e9cimen de sa future exposition avec un d\u00e9fi logistique de taille : faire descendre un cheval naturalis\u00e9 de 300 kg par les escaliers.<\/strong>&#13;<br \/>\n&#13;<br \/>\nL&rsquo;imposant \u00e9quid\u00e9, pr\u00eat\u00e9 par le Mus\u00e9e Mus\u00e9um d\u00e9partemental des Hautes-Alpes, a n\u00e9cessit\u00e9 l&rsquo;intervention de six personnes pour quitter les r\u00e9serves du deuxi\u00e8me \u00e9tage de son mus\u00e9e d&rsquo;origine. Transport par camion sp\u00e9cialis\u00e9, puis nouvelle descente vers le sous-sol du Mus\u00e9um toulousain : cette op\u00e9ration d\u00e9licate illustre les coulisses de la pr\u00e9paration d&rsquo;une exposition d&rsquo;envergure.&#13;<br \/>\n&#13;<br \/>\n\u00ab\u00a0Domestique-moi si tu peux !\u00a0\u00bb explorera plus de 10 000 ans d&rsquo;histoire entre humains et esp\u00e8ces domestiqu\u00e9es, du chien aux c\u00e9r\u00e9ales cultiv\u00e9es. L&rsquo;exposition, reconnue d&rsquo;int\u00e9r\u00eat national par l&rsquo;\u00c9tat, d\u00e9voilera de nombreux sp\u00e9cimens des collections du Mus\u00e9um et d&rsquo;autres \u00e9tablissements.&#13;<br \/>\n&#13;<br \/>\nDu 17 octobre 2025 au 5 juillet 2026 au Mus\u00e9um de Toulouse.<\/p>\n<p>                Cet article est r\u00e9serv\u00e9 aux abonn\u00e9s.<\/p>\n<p class=\"signature\" itemscope=\"\" itemprop=\"Author\" itemtype=\"http:\/\/schema.org\/Person\">\n                MS31\n            <\/p>\n","protected":false},"excerpt":{"rendered":"Arriv\u00e9e du premier sp\u00e9cimen de l\u2019exposition Domestique-moi si tu peux ! Cr\u00e9dits : \u00a9 Mus\u00e9e Mus\u00e9um d\u00e9partemental des&hellip;\n","protected":false},"author":2,"featured_media":314432,"comment_status":"","ping_status":"","sticky":false,"template":"","format":"standard","meta":{"footnotes":""},"categories":[2816],"tags":[1111,11,1777,674,1011,27,12,2680,301,25,2312],"class_list":{"0":"post-314431","1":"post","2":"type-post","3":"status-publish","4":"format-standard","5":"has-post-thumbnail","7":"category-toulouse","8":"tag-actu","9":"tag-actualites","10":"tag-eu","11":"tag-europe","12":"tag-fr","13":"tag-france","14":"tag-news","15":"tag-occitanie","16":"tag-premium","17":"tag-republique-francaise","18":"tag-toulouse"},"share_on_mastodon":{"url":"https:\/\/pubeurope.com\/@fr\/115017037001330736","error":""},"_links":{"self":[{"href":"https:\/\/www.europesays.com\/fr\/wp-json\/wp\/v2\/posts\/314431","targetHints":{"allow":["GET"]}}],"collection":[{"href":"https:\/\/www.europesays.com\/fr\/wp-json\/wp\/v2\/posts"}],"about":[{"href":"https:\/\/www.europesays.com\/fr\/wp-json\/wp\/v2\/types\/post"}],"author":[{"embeddable":true,"href":"https:\/\/www.europesays.com\/fr\/wp-json\/wp\/v2\/users\/2"}],"replies":[{"embeddable":true,"href":"https:\/\/www.europesays.com\/fr\/wp-json\/wp\/v2\/comments?post=314431"}],"version-history":[{"count":0,"href":"https:\/\/www.europesays.com\/fr\/wp-json\/wp\/v2\/posts\/314431\/revisions"}],"wp:featuredmedia":[{"embeddable":true,"href":"https:\/\/www.europesays.com\/fr\/wp-json\/wp\/v2\/media\/314432"}],"wp:attachment":[{"href":"https:\/\/www.europesays.com\/fr\/wp-json\/wp\/v2\/media?parent=314431"}],"wp:term":[{"taxonomy":"category","embeddable":true,"href":"https:\/\/www.europesays.com\/fr\/wp-json\/wp\/v2\/categories?post=314431"},{"taxonomy":"post_tag","embeddable":true,"href":"https:\/\/www.europesays.com\/fr\/wp-json\/wp\/v2\/tags?post=314431"}],"curies":[{"name":"wp","href":"https:\/\/api.w.org\/{rel}","templated":true}]}}