{"id":314433,"date":"2025-08-12T17:44:13","date_gmt":"2025-08-12T17:44:13","guid":{"rendered":"https:\/\/www.europesays.com\/fr\/314433\/"},"modified":"2025-08-12T17:44:13","modified_gmt":"2025-08-12T17:44:13","slug":"quartier-bellefontaine-des-agents-de-securites-et-des-forces-de-police-vises-par-des-tirs-de-mortiers-a-toulouse","status":"publish","type":"post","link":"https:\/\/www.europesays.com\/fr\/314433\/","title":{"rendered":"Quartier Bellefontaine. Des agents de s\u00e9curit\u00e9s et des forces de police vis\u00e9s par des tirs de mortiers \u00e0 Toulouse"},"content":{"rendered":"<p>Les forces de l\u2019ordre ont \u00e9t\u00e9 prises pour cible par des groupes de jeunes dans la nuit de dimanche \u00e0 lundi alors qu\u2019ils venaient \u00e9pauler des agents de s\u00e9curit\u00e9 de HLM, eux aussi vis\u00e9s par des violences.<\/p>\n<p class=\"fig-paragraph\">\u00abApr\u00e8s d\u2019autres villes, Toulouse est aussi frapp\u00e9e par des violences inacceptables contre nos forces de l\u2019ordre\u00bb, a r\u00e9agi le maire Les R\u00e9publicains de la ville Jean-Luc Moudenc sur X. Peu avant minuit ce dimanche 10 ao\u00fbt, une patrouille de la BST (Brigade sp\u00e9cialis\u00e9e de terrain) a \u00e9t\u00e9 pour \u00e9pauler des agents de s\u00e9curit\u00e9 du Gites (groupement d\u2019intervention tranquillit\u00e9 et s\u00e9curit\u00e9) pris pour cible par des bandes de jeunes dans le quartier de Bellefontaine.<\/p>\n<p class=\"fig-paragraph\">Rapidement sur place, \u00ables effectifs de police ont \u00e9galement \u00e9t\u00e9 victimes de jets de mortiers, cailloux et divers objets de la part de groupes de jeunes non identifi\u00e9s\u00bb, indique le\u00a0<a href=\"http:\/\/www.lefigaro.fr\/faits-divers\/toulouse-un-interne-en-medecine-victime-d-une-tentative-de-meurtre-deux-clandestins-mis-en-examen-20250804\" data-fig-type=\"NewsFlash\" data-gtm-custom-categorie=\"navigation\" data-gtm-custom-action=\"crossclick\" data-gtm-custom-label=\"Contextuel\" data-gtm-event=\"customEventSPE\" data-fig-domain=\"LEFIGARO\" rel=\"nofollow noopener\" target=\"_blank\">parquet de Toulouse<\/a>\u00a0au Figaro. Si aucun fonctionnaire n\u2019a \u00e9t\u00e9 bless\u00e9, les jets de mortiers ont occasionn\u00e9 deux d\u00e9parts de feu dans ce quartier consid\u00e9r\u00e9 comme sensible. Les pompiers du SDIS 31 sont intervenus et ont \u00abcirconscrit le sinistre sans dommage collat\u00e9ral\u00bb, poursuit le parquet.<\/p>\n<p>                                    <a class=\"fig-a11y-skip a11y-hidden\" href=\"#fig-a11y-skip-main-inarticle\"><br \/>\n        Passer la publicit\u00e9<br \/>\n    <\/a><\/p>\n<p class=\"fig-paragraph\">Un membre du Gites, dont les agents assurent la tranquillit\u00e9 et \u00e0 la s\u00fbret\u00e9 r\u00e9sidentielle \u00e0 Toulouse, notamment dans les quartiers dits sensibles, a toutefois \u00e9t\u00e9 bless\u00e9 par un tir de mortier et souffre de br\u00fblures au niveau du bras. Ce dernier a d\u00e9pos\u00e9 plainte et \u00abl\u2019enqu\u00eate est en cours\u00bb, assure le parquet. Le dispositif de police est finalement parvenu \u00e0 r\u00e9tablir le calme au cours de la nuit.<\/p>\n<p>Les mortiers d\u2019artifice dans le viseur de l\u2019Int\u00e9rieur<\/p>\n<p class=\"fig-paragraph\">Les mortiers d\u2019artifice sont devenus le fl\u00e9au des riverains depuis plusieurs mois. Habituellement r\u00e9serv\u00e9s aux soirs de f\u00eates, notamment sportives, leur utilisation a explos\u00e9 en \u00cele-de-France o\u00f9 ils servent d\u00e9sormais lors d\u2019affrontements entre bandes rivales, ou contre les forces de l\u2019ordre. Le 24 juillet dernier, Bruno Retailleau proposait\u00a0<a href=\"http:\/\/www.lefigaro.fr\/actualite-france\/face-a-la-france-des-salauds-retailleau-degaine-un-plan-de-lutte-contre-les-engins-de-mortiers-20250724\" data-fig-type=\"Article\" data-gtm-custom-categorie=\"navigation\" data-gtm-custom-action=\"crossclick\" data-gtm-custom-label=\"Contextuel\" data-gtm-event=\"customEventSPE\" data-fig-domain=\"LEFIGARO\" rel=\"nofollow noopener\" target=\"_blank\">m\u00eame un plan de lutte<\/a>\u00a0d\u2019exception contre ces armes. Le ministre de l\u2019Int\u00e9rieur d\u00e9non\u00e7ait alors la \u00abFrance des salauds qui tire sur non policiers et non sapeurs-pompiers\u00bb avec ces fameux mortiers d\u2019artifice, dont l\u2019utilisation a bondi de 150% entre 2022 et 2024.<\/p>\n<p class=\"fig-paragraph\">Au m\u00eame moment, la pr\u00e9fecture de police de Paris avait d\u2019ailleurs annonc\u00e9 avoir saisi plus de 11.000 engins pyrotechniques et interpell\u00e9 170 personnes lors d\u2019op\u00e9rations de contr\u00f4le men\u00e9es entre le 7 et le 13 juillet dernier. Le ministre de l\u2019Int\u00e9rieur avait de son c\u00f4t\u00e9 indiqu\u00e9 pr\u00e9senter un projet de loi \u00e0 la rentr\u00e9e pour durcir la l\u00e9gislation en la mati\u00e8re.<\/p>\n<p class=\"fig-paragraph\">La vente d\u2019engin pyrotechnique \u00e0 des non-professionnels serait ainsi punie d\u2019un an d\u2019emprisonnement. Une peine port\u00e9e \u00e0 trois ans en cas de vente \u00e0 un mineur ou via le web. \u00abL\u2019achat, la d\u00e9tention et l\u2019utilisation\u00bb de ces armes seraient eux punis de trois ans d\u2019emprisonnement, \u00abcinq ans si l\u2019objectif est de d\u00e9truire ou d\u00e9t\u00e9riorer le bien d\u2019autrui\u00bb.<\/p>\n","protected":false},"excerpt":{"rendered":"Les forces de l\u2019ordre ont \u00e9t\u00e9 prises pour cible par des groupes de jeunes dans la nuit de&hellip;\n","protected":false},"author":2,"featured_media":314434,"comment_status":"","ping_status":"","sticky":false,"template":"","format":"standard","meta":{"footnotes":""},"categories":[2816],"tags":[1111,11,1777,674,1011,27,12,2680,1072,25,28063,2312],"class_list":{"0":"post-314433","1":"post","2":"type-post","3":"status-publish","4":"format-standard","5":"has-post-thumbnail","7":"category-toulouse","8":"tag-actu","9":"tag-actualites","10":"tag-eu","11":"tag-europe","12":"tag-fr","13":"tag-france","14":"tag-news","15":"tag-occitanie","16":"tag-police","17":"tag-republique-francaise","18":"tag-tirs-de-mortier","19":"tag-toulouse"},"share_on_mastodon":{"url":"https:\/\/pubeurope.com\/@fr\/115017040734589494","error":""},"_links":{"self":[{"href":"https:\/\/www.europesays.com\/fr\/wp-json\/wp\/v2\/posts\/314433","targetHints":{"allow":["GET"]}}],"collection":[{"href":"https:\/\/www.europesays.com\/fr\/wp-json\/wp\/v2\/posts"}],"about":[{"href":"https:\/\/www.europesays.com\/fr\/wp-json\/wp\/v2\/types\/post"}],"author":[{"embeddable":true,"href":"https:\/\/www.europesays.com\/fr\/wp-json\/wp\/v2\/users\/2"}],"replies":[{"embeddable":true,"href":"https:\/\/www.europesays.com\/fr\/wp-json\/wp\/v2\/comments?post=314433"}],"version-history":[{"count":0,"href":"https:\/\/www.europesays.com\/fr\/wp-json\/wp\/v2\/posts\/314433\/revisions"}],"wp:featuredmedia":[{"embeddable":true,"href":"https:\/\/www.europesays.com\/fr\/wp-json\/wp\/v2\/media\/314434"}],"wp:attachment":[{"href":"https:\/\/www.europesays.com\/fr\/wp-json\/wp\/v2\/media?parent=314433"}],"wp:term":[{"taxonomy":"category","embeddable":true,"href":"https:\/\/www.europesays.com\/fr\/wp-json\/wp\/v2\/categories?post=314433"},{"taxonomy":"post_tag","embeddable":true,"href":"https:\/\/www.europesays.com\/fr\/wp-json\/wp\/v2\/tags?post=314433"}],"curies":[{"name":"wp","href":"https:\/\/api.w.org\/{rel}","templated":true}]}}