{"id":314437,"date":"2025-08-12T17:47:11","date_gmt":"2025-08-12T17:47:11","guid":{"rendered":"https:\/\/www.europesays.com\/fr\/314437\/"},"modified":"2025-08-12T17:47:11","modified_gmt":"2025-08-12T17:47:11","slug":"les-crs-efficaces-face-a-la-delinquance-qui-polluait-la-plage","status":"publish","type":"post","link":"https:\/\/www.europesays.com\/fr\/314437\/","title":{"rendered":"les CRS efficaces face \u00e0 la d\u00e9linquance qui polluait la plage"},"content":{"rendered":"<p>C\u2019est la plage de <a href=\"https:\/\/www.laprovence.com\/article\/region\/5446750780457814\/un-exercice-geant-devacuation-a-la-calanque-de-sormiou-a-marseille\" target=\"_blank\" rel=\"noopener\">Sormiou<\/a>, dans le 9e arrondissement, que la pr\u00e9f\u00e8te de police a choisi pour tirer le bilan provisoire du dispositif de <a href=\"https:\/\/www.laprovence.com\/article\/faits-divers-justice\/1845443704166514\/le-littoral-sous-haute-surveillance-cet-ete-a-marseille-pres-de-300-policiers-veilleront-au-grain\" target=\"_blank\" rel=\"noopener\">s\u00e9curisation du littoral<\/a> marseillais d\u00e9ploy\u00e9 depuis le mois de juin dernier.<\/p>\n<p><strong>Sous un soleil de plomb et une chaleur d\u00e9j\u00e0 \u00e9crasante<\/strong> en cette fin de matin\u00e9e du mardi 12 ao\u00fbt, au milieu des serviettes de plage, des parasols et des plagistes estomaqu\u00e9s devant une telle d\u00e9ferlante de policiers en tenue de maintien de l\u2019ordre, Corinne Simon a pass\u00e9 en revue les troupes polici\u00e8res qui veillent sur Sormiou du matin jusque tard le soir, \u00e0 pied, en moto, en VTT et m\u00eame \u00e0 cheval.<\/p>\n<p>Derri\u00e8re la carte postale<\/p>\n<p>Joyau du parc national, v\u00e9ritable d\u00e9cor de carte postale, qui se m\u00e9rite tout de m\u00eame puisqu\u2019il faut crapahuter une bonne quarantaine de minutes sur une route \u00e9troite et sinueuse dans la colline avant d\u2019atteindre sa plage, <a href=\"https:\/\/www.laprovence.com\/article\/region\/57299130936571\/quartiers-de-marseille-sormiou-a-la-croisee-des-chemins\" target=\"_blank\" rel=\"noopener\">Sormiou<\/a> est \u00ab\u00a0sans doute l\u2019une des plus belles calanques de Marseille, mais aussi une calanque excentr\u00e9e et difficile d\u2019acc\u00e8s\u00a0\u00bb, a rappel\u00e9 en pr\u00e9ambule la pr\u00e9f\u00e8te d\u00e9l\u00e9gu\u00e9e. Une situation g\u00e9ographique qui la rend vuln\u00e9rable aux d\u00e9parts de feu, aux <a href=\"https:\/\/www.laprovence.com\/article\/region\/1544236952697215\/baignade-a-la-plage-les-horaires-de-la-journee-a-privilegier-pour-en-profiter-et-eviter-tous-risques-pour-la-sante\" target=\"_blank\" rel=\"noopener\">noyades<\/a>, mais aussi \u00e0 la d\u00e9linquance en tout genre\u2026<\/p>\n<p>Car derri\u00e8re la mer qui brille dans l\u2019\u00e9chancrure lointaine des collines de calcaire blanc et d\u2019un massif tach\u00e9 du vert de la garrigue et des pins, Sormiou est aussi un lieu hautement sensible durant la saison estivale.<\/p>\n<p>Changement de d\u00e9cor l\u2019apr\u00e8s-midi<\/p>\n<p>Site remarquable, <strong>ultra-photog\u00e9nique et instagrammable<\/strong>, hautement recommand\u00e9 sur les r\u00e9seaux sociaux, il subit une forte pression en termes de fr\u00e9quentation, et attire invariablement inconditionnels marseillais et touristes, mais aussi une faune aux intentions peu louables qui a coutume de prendre la plage d\u2019assaut d\u00e8s 14\u00a0heures, quand les locaux les plus chanceux ont pli\u00e9 la serviette et se sont retranch\u00e9s dans leurs <a href=\"https:\/\/www.laprovence.com\/article\/culture-loisirs\/12974022900833\/video-valentin-kretz-de-l-agence-sur-netflix-un-cabanon-a-sormiou-c-est-aussi-ca-l-idee-du-luxe\" target=\"_blank\" rel=\"noopener\">cabanons<\/a>.<\/p>\n<p>\u00c0 tel point que depuis\u00a02022 et apr\u00e8s avoir observ\u00e9 un regain de d\u00e9lits attribu\u00e9s \u00e0 une forme de d\u00e9sinhibition post-Covid, les autorit\u00e9s ont d\u00e9cid\u00e9 de remettre de l\u2019ordre sur le littoral marseillais en g\u00e9n\u00e9ral et sur la plage de Sormiou en particulier.<\/p>\n<p><strong>\u00ab\u00a0Les CRS ont sanctuaris\u00e9 la zone\u00a0\u00bb<\/strong><\/p>\n<p>Trois ans plus tard, les vols \u00e0 la roulotte ou par ruse, les incivilit\u00e9s, violences et autres ventes \u00e0 la sauvette semblent singuli\u00e8rement marquer le pas dans la calanque de Sormiou qui pourtant \u00ab\u00a0pr\u00e9sente traditionnellement des difficult\u00e9s en termes de gestion de foule et possiblement de petites bandes qui viennent cr\u00e9er du grabuge\u00a0\u00bb, reconna\u00eet la directrice zonale des CRS. Et la commissaire divisionnaire Camille Derrier d\u2019\u00e9voquer un premier week-end de la saison un peu \u00ab\u00a0mouvement\u00e9\u00a0\u00bb avant que \u00ab\u00a0la r\u00e9activit\u00e9 des CRS ne permette de sanctuariser la zone\u00a0\u00bb.<\/p>\n<p>Depuis, \u00ab\u00a0pas d\u2019incident majeur \u00e0 d\u00e9plorer\u00a0\u00bb affirme le commissaire adjoint de la division sud, Anthony Ragot. \u00ab\u00a0C\u2019est le r\u00e9sultat de la mobilisation tr\u00e8s forte de la police nationale des Bouches-du-Rh\u00f4ne, de la police municipale et des CRS venus en renforts pour les deux mois d\u2019\u00e9t\u00e9\u00a0\u00bb, salue la pr\u00e9f\u00e8te d\u00e9l\u00e9gu\u00e9e.<\/p>\n<p>Dissuasion c\u00f4t\u00e9 Cayolle<\/p>\n<p>\u00ab\u00a0On a m\u00eame observ\u00e9 une baisse des faits constat\u00e9s en termes de d\u00e9linquance sur la calanque de Sormiou sp\u00e9cifiquement\u00a0\u00bb, rench\u00e9rit le commissaire Ragot qui voit plusieurs facteurs \u00e0 cette baisse notable de la d\u00e9linquance. \u00ab\u00a0Outre les brigades VTT et \u00e9questres, nous avons des motocyclistes qui disposent d\u2019engins adapt\u00e9s pour aller dans les chemins afin d\u2019\u00e9viter les <a href=\"https:\/\/www.laprovence.com\/article\/region\/1059739164250114\/rodeos-fetes-illegales-vols-et-incivilites-a-marseille-les-riverains-du-littoral-sud-redoutent-lete\" target=\"_blank\" rel=\"noopener\">rod\u00e9os sauvages<\/a> au c\u0153ur des calanques, mais aussi des patrouilles classiques qui sont mobilis\u00e9es sp\u00e9cifiquement sur le dispositif du littoral et qui en sont en lien avec le poste de police de la plage tenue par les CRS. C\u2019est une organisation qui nous permet d\u2019avoir une remont\u00e9e d\u2019information en temps r\u00e9el et d\u2019adapter notre dispositif en fonction des demandes\u00a0\u00bb.<\/p>\n<p>Autre facteur dissuasif\u00a0: les \u00e9quipages de police positionn\u00e9s de l\u2019autre c\u00f4t\u00e9 de la calanque, sur l\u2019acc\u00e8s village de la Cayolle. \u00ab\u00a0On y est tous les jours, y compris par le biais du contr\u00f4le routier\u00a0\u00bb souligne le commissaire Ragot.<\/p>\n<p>\u00ab\u00a0La saison n\u2019est certes pas finie, l\u2019\u00e9t\u00e9 n\u2019est pas termin\u00e9, on reste mobilis\u00e9s et humbles, mais les CRS tiennent la plage\u00a0\u00bb.<\/p>\n","protected":false},"excerpt":{"rendered":"C\u2019est la plage de Sormiou, dans le 9e arrondissement, que la pr\u00e9f\u00e8te de police a choisi pour tirer&hellip;\n","protected":false},"author":2,"featured_media":314438,"comment_status":"","ping_status":"","sticky":false,"template":"","format":"standard","meta":{"footnotes":""},"categories":[2814],"tags":[17,1111,11,14032,12513,2950,45380,1777,674,2823,274,1011,27,151,884,12,882,25,1183],"class_list":{"0":"post-314437","1":"post","2":"type-post","3":"status-publish","4":"format-standard","5":"has-post-thumbnail","7":"category-marseille","8":"tag-17","9":"tag-actu","10":"tag-actualites","11":"tag-calanque","12":"tag-crs","13":"tag-delinquance","14":"tag-efficaces","15":"tag-eu","16":"tag-europe","17":"tag-face","18":"tag-faits-divers-justice","19":"tag-fr","20":"tag-france","21":"tag-les","22":"tag-marseille","23":"tag-news","24":"tag-provence-alpes-cote-dazur","25":"tag-republique-francaise","26":"tag-sormiou"},"share_on_mastodon":{"url":"https:\/\/pubeurope.com\/@fr\/115017052692343590","error":""},"_links":{"self":[{"href":"https:\/\/www.europesays.com\/fr\/wp-json\/wp\/v2\/posts\/314437","targetHints":{"allow":["GET"]}}],"collection":[{"href":"https:\/\/www.europesays.com\/fr\/wp-json\/wp\/v2\/posts"}],"about":[{"href":"https:\/\/www.europesays.com\/fr\/wp-json\/wp\/v2\/types\/post"}],"author":[{"embeddable":true,"href":"https:\/\/www.europesays.com\/fr\/wp-json\/wp\/v2\/users\/2"}],"replies":[{"embeddable":true,"href":"https:\/\/www.europesays.com\/fr\/wp-json\/wp\/v2\/comments?post=314437"}],"version-history":[{"count":0,"href":"https:\/\/www.europesays.com\/fr\/wp-json\/wp\/v2\/posts\/314437\/revisions"}],"wp:featuredmedia":[{"embeddable":true,"href":"https:\/\/www.europesays.com\/fr\/wp-json\/wp\/v2\/media\/314438"}],"wp:attachment":[{"href":"https:\/\/www.europesays.com\/fr\/wp-json\/wp\/v2\/media?parent=314437"}],"wp:term":[{"taxonomy":"category","embeddable":true,"href":"https:\/\/www.europesays.com\/fr\/wp-json\/wp\/v2\/categories?post=314437"},{"taxonomy":"post_tag","embeddable":true,"href":"https:\/\/www.europesays.com\/fr\/wp-json\/wp\/v2\/tags?post=314437"}],"curies":[{"name":"wp","href":"https:\/\/api.w.org\/{rel}","templated":true}]}}