{"id":314439,"date":"2025-08-12T17:48:25","date_gmt":"2025-08-12T17:48:25","guid":{"rendered":"https:\/\/www.europesays.com\/fr\/314439\/"},"modified":"2025-08-12T17:48:25","modified_gmt":"2025-08-12T17:48:25","slug":"%f0%9f%87%ab%f0%9f%87%b7-marseille-un-homme-a-trottinette-grievement-blesse-apres-avoir-percute-un-policier-lors-dun-refus-dobtemperer","status":"publish","type":"post","link":"https:\/\/www.europesays.com\/fr\/314439\/","title":{"rendered":"\ud83c\uddeb\ud83c\uddf7 Marseille. Un homme \u00e0 trottinette gri\u00e8vement bless\u00e9 apr\u00e8s avoir percut\u00e9 un policier lors d\u2019un refus d\u2019obtemp\u00e9rer"},"content":{"rendered":"<p>\u00c0 Marseille, un quadrag\u00e9naire a \u00e9t\u00e9 hospitalis\u00e9 dans un \u00e9tat critique apr\u00e8s avoir refus\u00e9 un contr\u00f4le de police et percut\u00e9 un fonctionnaire lors d\u2019une fuite en trottinette.<\/p>\n<p><img loading=\"lazy\" data-recalc-dims=\"1\" decoding=\"async\" width=\"640\" height=\"434\" data-attachment-id=\"189490\" data-permalink=\"https:\/\/policeetrealites.com\/police-policier-11\/\" data-orig-file=\"https:\/\/i0.wp.com\/policeetrealites.com\/wp-content\/uploads\/2022\/06\/police-policier.jpg?fit=870%2C590&amp;ssl=1\" data-orig-size=\"870,590\" data-comments-opened=\"0\" data-image-meta=\"{&quot;aperture&quot;:&quot;0&quot;,&quot;credit&quot;:&quot;&quot;,&quot;camera&quot;:&quot;&quot;,&quot;caption&quot;:&quot;&quot;,&quot;created_timestamp&quot;:&quot;0&quot;,&quot;copyright&quot;:&quot;&quot;,&quot;focal_length&quot;:&quot;0&quot;,&quot;iso&quot;:&quot;0&quot;,&quot;shutter_speed&quot;:&quot;0&quot;,&quot;title&quot;:&quot;&quot;,&quot;orientation&quot;:&quot;0&quot;}\" data-image-title=\"police policier\" data-image-description=\"\" data-image-caption=\"\" data-medium-file=\"https:\/\/i0.wp.com\/policeetrealites.com\/wp-content\/uploads\/2022\/06\/police-policier.jpg?fit=300%2C203&amp;ssl=1\" data-large-file=\"https:\/\/i0.wp.com\/policeetrealites.com\/wp-content\/uploads\/2022\/06\/police-policier.jpg?fit=640%2C434&amp;ssl=1\" src=\"https:\/\/www.europesays.com\/fr\/wp-content\/uploads\/2025\/08\/1755020905_644_police-policier.jpg\" alt=\"\" class=\"wp-image-189490\"\/><\/p>\n<p>Une fuite en trottinette qui tourne \u00e0 l\u2019accident<\/p>\n<p class=\"p3\">Lundi 11 ao\u00fbt, vers 18 h, dans le 3\u1d49 arrondissement de Marseille, un contr\u00f4le de police a pris une tournure inattendue lorsqu\u2019un homme d\u2019une quarantaine d\u2019ann\u00e9es aurait tent\u00e9 d\u2019\u00e9chapper aux forces de l\u2019ordre. Selon les informations de <a href=\"https:\/\/www.laprovence.com\/article\/faits-divers-justice\/1336342852101214\/un-homme-a-trottinette-grievement-blesse-apres-un-refus-dobtemperer-dans-le-3e-arrondissement\" target=\"_blank\" rel=\"noreferrer noopener nofollow\">La Provence<\/a>, il venait d\u2019effectuer une transaction de cigarettes de contrebande pr\u00e8s de la station de m\u00e9tro National avant de prendre la fuite sur une trottinette.<\/p>\n<p class=\"p3\">Au cours de sa trajectoire, alternant chauss\u00e9e et trottoirs, il aurait percut\u00e9 volontairement l\u2019un des fonctionnaires.<\/p>\n<p>Chute et blessures pour les deux hommes<\/p>\n<p class=\"p3\">L\u2019impact a projet\u00e9 les deux hommes au sol. Le suspect, qui ne portait pas de casque, a chut\u00e9 sur la t\u00eate, tandis que le policier a \u00e9t\u00e9 bless\u00e9 \u00e0 l\u2019avant-bras et au tibia.<\/p>\n<p class=\"p3\">Les marins-pompiers sont intervenus rapidement dans le secteur de F\u00e9lix Pyat et ont transport\u00e9 le quadrag\u00e9naire \u00e0 l\u2019h\u00f4pital. Son pronostic vital est engag\u00e9.<\/p>\n<p>Un contr\u00f4le li\u00e9 \u00e0 la lutte contre la contrebande<\/p>\n<p class=\"p3\">Cette intervention s\u2019inscrit dans le cadre des op\u00e9rations men\u00e9es contre la vente de cigarettes de contrebande, un trafic pr\u00e9sent dans plusieurs quartiers de Marseille.<\/p>\n<p>J\u2019aime \u00e7a\u00a0:<\/p>\n<p>J\u2019aime chargement\u2026<\/p>\n<p><a class=\"sd-link-color\"\/><\/p>\n<p>\tEn savoir plus sur Police &amp; R\u00e9alit\u00e9s<\/p>\n<p class=\"has-text-align-center\" style=\"margin-top:10px;margin-bottom:10px;font-size:15px\">Subscribe to get the latest posts sent to your email.<\/p>\n<p>\t\tContinue Reading<\/p>\n","protected":false},"excerpt":{"rendered":"\u00c0 Marseille, un quadrag\u00e9naire a \u00e9t\u00e9 hospitalis\u00e9 dans un \u00e9tat critique apr\u00e8s avoir refus\u00e9 un contr\u00f4le de police&hellip;\n","protected":false},"author":2,"featured_media":91599,"comment_status":"","ping_status":"","sticky":false,"template":"","format":"standard","meta":{"footnotes":""},"categories":[2814],"tags":[1111,11,1777,674,1011,27,884,12,882,25],"class_list":{"0":"post-314439","1":"post","2":"type-post","3":"status-publish","4":"format-standard","5":"has-post-thumbnail","7":"category-marseille","8":"tag-actu","9":"tag-actualites","10":"tag-eu","11":"tag-europe","12":"tag-fr","13":"tag-france","14":"tag-marseille","15":"tag-news","16":"tag-provence-alpes-cote-dazur","17":"tag-republique-francaise"},"share_on_mastodon":{"url":"https:\/\/pubeurope.com\/@fr\/115017056619262431","error":""},"_links":{"self":[{"href":"https:\/\/www.europesays.com\/fr\/wp-json\/wp\/v2\/posts\/314439","targetHints":{"allow":["GET"]}}],"collection":[{"href":"https:\/\/www.europesays.com\/fr\/wp-json\/wp\/v2\/posts"}],"about":[{"href":"https:\/\/www.europesays.com\/fr\/wp-json\/wp\/v2\/types\/post"}],"author":[{"embeddable":true,"href":"https:\/\/www.europesays.com\/fr\/wp-json\/wp\/v2\/users\/2"}],"replies":[{"embeddable":true,"href":"https:\/\/www.europesays.com\/fr\/wp-json\/wp\/v2\/comments?post=314439"}],"version-history":[{"count":0,"href":"https:\/\/www.europesays.com\/fr\/wp-json\/wp\/v2\/posts\/314439\/revisions"}],"wp:featuredmedia":[{"embeddable":true,"href":"https:\/\/www.europesays.com\/fr\/wp-json\/wp\/v2\/media\/91599"}],"wp:attachment":[{"href":"https:\/\/www.europesays.com\/fr\/wp-json\/wp\/v2\/media?parent=314439"}],"wp:term":[{"taxonomy":"category","embeddable":true,"href":"https:\/\/www.europesays.com\/fr\/wp-json\/wp\/v2\/categories?post=314439"},{"taxonomy":"post_tag","embeddable":true,"href":"https:\/\/www.europesays.com\/fr\/wp-json\/wp\/v2\/tags?post=314439"}],"curies":[{"name":"wp","href":"https:\/\/api.w.org\/{rel}","templated":true}]}}