{"id":314444,"date":"2025-08-12T17:52:24","date_gmt":"2025-08-12T17:52:24","guid":{"rendered":"https:\/\/www.europesays.com\/fr\/314444\/"},"modified":"2025-08-12T17:52:24","modified_gmt":"2025-08-12T17:52:24","slug":"plus-de-36-degres-en-ile-de-france-combien-de-temps-va-durer-la-canicule-a-paris-jusqua-la-semaine-prochaine","status":"publish","type":"post","link":"https:\/\/www.europesays.com\/fr\/314444\/","title":{"rendered":"Plus de 36 degr\u00e9s en \u00cele-de-France ! Combien de temps va durer la canicule \u00e0 Paris ? Jusqu&rsquo;\u00e0 la semaine prochaine ?"},"content":{"rendered":"<p> <img decoding=\"async\" fetchpriority=\"high\" src=\"https:\/\/www.europesays.com\/fr\/wp-content\/uploads\/2025\/08\/dailymotion-x9omux4_1024.jpg\"  width=\"768\" height=\"432\" id=\"x9omux4\"\/>  <\/p>\n<p>La canicule qui touche le sud du pays depuis le week-end dernier concerne d\u00e9sormais Paris et l\u2019\u00cele-de-France. Que montrent nos cartes pour les prochains jours ? La canicule peut-elle se prolonger jusqu\u2019\u00e0 la semaine prochaine ? Retrouvez nos derni\u00e8res pr\u00e9visions pour le savoir.<\/p>\n<p>    <img decoding=\"async\" fetchpriority=\"high\" src=\"https:\/\/www.europesays.com\/fr\/wp-content\/uploads\/2025\/04\/marc-hay.jpg\" alt=\"Marc Hay\" width=\"40\" height=\"40\"\/>    <a class=\"nombre text-hv\" href=\"https:\/\/www.tameteo.com\/auteur\/marc-hay\/\" title=\"Marc Hay\" target=\"_blank\" rel=\"noopener\">Marc Hay<\/a>         12\/08\/2025 18:24   4 min   <\/p>\n<p>La vague de chaleur qui touche le sud de la France depuis le week-end dernier<strong> ne cesse de gagner du terrain. <\/strong>Depuis ce midi, la r\u00e9gion parisienne est plac\u00e9e en vigilance orange par M\u00e9t\u00e9o-France, <strong>avec des temp\u00e9ratures d\u00e9passant cet apr\u00e8s-midi la barre des 35 degr\u00e9s \u00e0 l\u2019ombre. <\/strong>D\u00e9j\u00e0, la nuit derni\u00e8re, au moment le plus frais, la temp\u00e9rature n\u2019est pas descendue en dessous de 20 degr\u00e9s dans la capitale.<\/p>\n<p>Malgr\u00e9 un temps plus lourd demain et l\u2019arriv\u00e9e d\u2019orages, <strong>les temp\u00e9ratures resteront caniculaires au cours des prochains jours, <\/strong>avec des seuils de canicule d\u00e9pass\u00e9s jour et nuit pendant encore plusieurs jours. <strong>Une nouvelle bouff\u00e9e d\u2019air chaud est d\u2019ailleurs probable en fin de semaine.<\/strong><\/p>\n<p><strong>Jusqu\u2019\u00e0 quand cette canicule va-t-elle durer \u00e0 Paris et en \u00cele-de-France ? <\/strong>Quelles sont les temp\u00e9ratures pr\u00e9vues pour les prochains jours ? Retrouvez nos toutes derni\u00e8res pr\u00e9visions pour Paris et sa r\u00e9gion dans cet article.<\/p>\n<p>Plus de 35 degr\u00e9s en r\u00e9gion parisienne !<\/p>\n<p>Depuis ce midi,<strong> la r\u00e9gion parisienne est plac\u00e9e en vigilance orange canicule par M\u00e9t\u00e9o-France.<\/strong><\/p>\n<p><a class=\"imagen \" href=\"https:\/\/www.tameteo.com\/actualites\/previsions\/en-plus-de-la-canicule-en-france-il-faut-maintenant-craindre-des-orages-parfois-violents-quelles-regions-concernees-grele-vent-fortes-pluies-inondations.html\" title=\"En plus de la canicule en France, il faut maintenant craindre des orages parfois violents ! Quelles r\u00e9gions concern\u00e9es ?\" target=\"_blank\" rel=\"noopener\"><img loading=\"lazy\" decoding=\"async\" fetchpriority=\"low\" class=\"lazy img-body non-editable\" src=\"https:\/\/www.europesays.com\/fr\/wp-content\/uploads\/2025\/08\/en-plus-de-la-canicule-en-france-il-faut-maintenant-craindre-des-orages-parfois-violents-quelles-reg.png\"  width=\"320\" height=\"225\" alt=\"En plus de la canicule en France, il faut maintenant craindre des orages parfois violents ! Quelles r\u00e9gions concern\u00e9es ?\"\/><\/a><\/p>\n<p>Comme pr\u00e9vu, les temp\u00e9ratures ont \u00e9t\u00e9 caniculaires cet apr\u00e8s-midi en <a href=\"https:\/\/www.tameteo.com\/meteo-Europe-France-Ile+de+France-1-1-135-29.html\" data-mrf-recirculation=\"cuerpo_intext\" target=\"_blank\" rel=\"noopener\">\u00cele-de-France<\/a>, avec des maximales souvent proches ou sup\u00e9rieures \u00e0 35 degr\u00e9s. <strong>Le mercure est m\u00eame localement mont\u00e9 au-dessus de 36 degr\u00e9s.<\/strong><\/p>\n<p><img loading=\"lazy\" decoding=\"async\" fetchpriority=\"low\" class=\"lazy \" src=\"https:\/\/www.europesays.com\/fr\/wp-content\/uploads\/2025\/08\/plus-de-36-degres-en-ile-de-france-combien-de-temps-va-durer-la-canicule-a-paris-jusqu-a-la-semaine-.png\"  width=\"768\" height=\"432\" alt=\"Jusqu'\u00e0 37 degr\u00e9s demain apr\u00e8s-midi \u00e0 Paris avant l'arriv\u00e9e des orages !\" title=\"Jusqu'\u00e0 37 degr\u00e9s demain apr\u00e8s-midi \u00e0 Paris avant l'arriv\u00e9e des orages !\" data-image=\"sqaror0sm1bq\"\/>Jusqu&rsquo;\u00e0 37 degr\u00e9s demain apr\u00e8s-midi \u00e0 Paris avant l&rsquo;arriv\u00e9e des orages !<\/p>\n<p>Malgr\u00e9 les orages pr\u00e9vus demain apr\u00e8s-midi, avec localement de fortes rafales de vent, de fortes pluies et de la gr\u00eale, <strong>l\u2019atmosph\u00e8re s\u2019annonce \u00e9touffante et le ressenti tr\u00e8s lourd, <\/strong>avec encore 35 degr\u00e9s attendus avant l\u2019arriv\u00e9e des orages.<\/p>\n<p><img loading=\"lazy\" decoding=\"async\" fetchpriority=\"low\" class=\"lazy \" src=\"https:\/\/www.europesays.com\/fr\/wp-content\/uploads\/2025\/08\/1755021141_370_plus-de-36-degres-en-ile-de-france-combien-de-temps-va-durer-la-canicule-a-paris-jusqu-a-la-semaine-.png\"  width=\"768\" height=\"432\" alt=\"Les orages devraient traverser la r\u00e9gion parisienne entre 15 et 17 heures ce mercredi apr\u00e8s-midi.\" title=\"Les orages devraient traverser la r\u00e9gion parisienne entre 15 et 17 heures ce mercredi apr\u00e8s-midi.\" data-image=\"cntbllen60o6\"\/>Les orages devraient traverser la r\u00e9gion parisienne entre 15 et 17 heures ce mercredi apr\u00e8s-midi. <\/p>\n<p>Ce soir, <strong>le mod\u00e8le europ\u00e9en envisage m\u00eame jusqu\u2019\u00e0 36 voire 37 degr\u00e9s demain dans la capitale, <\/strong>avant une baisse des temp\u00e9ratures en fonction de l\u2019arriv\u00e9e des orages. <strong>La hausse du mercure sera conditionn\u00e9e par l\u2019heure d\u2019arriv\u00e9e de ce temps plus instable.<\/strong><\/p>\n<p><a class=\"imagen \" href=\"https:\/\/www.tameteo.com\/actualites\/previsions\/plus-personne-ne-s-y-attendait-les-cartes-meteo-virent-au-rouge-et-la-situation-pourrait-durer-plus-longtemps-que-prevu-france-canicule.html\" title=\"Plus personne ne s\u2019y attendait. Les cartes m\u00e9t\u00e9o virent au rouge et la situation pourrait durer plus longtemps que pr\u00e9vu\" target=\"_blank\" rel=\"noopener\"><img loading=\"lazy\" decoding=\"async\" fetchpriority=\"low\" class=\"lazy img-body non-editable\" src=\"https:\/\/www.europesays.com\/fr\/wp-content\/uploads\/2025\/08\/niemand-hat-damit-noch-gerechnet-die-wetterkarten-gluhen-rot-und-die-wetterlage-konnte-langer-bleibe.jpeg\"  width=\"320\" height=\"225\" alt=\"Plus personne ne s\u2019y attendait. Les cartes m\u00e9t\u00e9o virent au rouge et la situation pourrait durer plus longtemps que pr\u00e9vu\"\/><\/a>\u00c0 nouveau un soleil de plomb entre jeudi et dimanche<\/p>\n<p>Apr\u00e8s les quelques orages de ce mercredi, les conditions anticycloniques vont vite se r\u00e9tablir au-dessus de l\u2019\u00cele-de-France, <strong>et ce sont donc des conditions tr\u00e8s ensoleill\u00e9es qui vont se maintenir jusqu\u2019\u00e0 lundi prochain au moins.<\/strong><\/p>\n<p><img loading=\"lazy\" decoding=\"async\" fetchpriority=\"low\" class=\"lazy \" src=\"https:\/\/www.europesays.com\/fr\/wp-content\/uploads\/2025\/08\/1755021143_317_plus-de-36-degres-en-ile-de-france-combien-de-temps-va-durer-la-canicule-a-paris-jusqu-a-la-semaine-.png\"  width=\"768\" height=\"432\" alt=\"Pr\u00e8s de 35 degr\u00e9s vendredi apr\u00e8s-midi en \u00cele-de-France !\" title=\"Pr\u00e8s de 35 degr\u00e9s vendredi apr\u00e8s-midi en \u00cele-de-France !\" data-image=\"enqw7ibc5cyl\"\/>Pr\u00e8s de 35 degr\u00e9s vendredi apr\u00e8s-midi en \u00cele-de-France !<\/p>\n<p>Pour <a href=\"https:\/\/www.tameteo.com\/meteo-Europe-France-Ile+de+France-Paris-1-1-135-29-5461.html\" data-mrf-recirculation=\"cuerpo_intext\" target=\"_blank\" rel=\"noopener\">Paris<\/a>,<strong> les seuils de la canicule seront atteints au cours des prochains jours, avec des nuits tropicales et des temp\u00e9ratures en journ\u00e9e toujours extr\u00eamement chaudes. <\/strong>On pr\u00e9voit souvent de 32 \u00e0 34 degr\u00e9s entre jeudi et lundi prochain. Les temp\u00e9ratures nocturnes resteront \u00e9lev\u00e9es et souvent sup\u00e9rieures \u00e0 20 degr\u00e9s.<\/p>\n<p>Pas d&rsquo;am\u00e9lioration avant le milieu de semaine prochaine ?<\/p>\n<p>Dans ces conditions, <strong>la vigilance orange canicule devrait \u00eatre maintenue en vigueur jusqu\u2019au week-end, voire jusqu\u2019en d\u00e9but de semaine prochaine. <\/strong><\/p>\n<p><a class=\"imagen \" href=\"https:\/\/www.tameteo.com\/actualites\/actualite\/centrale-de-gravelines-a-l-arret-dans-le-nord-des-meduses-peuvent-elles-provoquer-un-accident-nucleaire-plage-temperature-eau-climat-risque.html\" title=\"Centrale de Gravelines \u00e0 l&#039;arr\u00eat dans le Nord : des m\u00e9duses peuvent-elles provoquer un accident nucl\u00e9aire ?\" target=\"_blank\" rel=\"noopener\"><img loading=\"lazy\" decoding=\"async\" fetchpriority=\"low\" class=\"lazy img-body non-editable\" src=\"https:\/\/www.europesays.com\/fr\/wp-content\/uploads\/2025\/08\/centrale-de-gravelines-a-l-arret-dans-le-nord-des-meduses-peuvent-elles-provoquer-un-accident-nuclea.jpeg\"  width=\"320\" height=\"225\" alt=\"Centrale de Gravelines \u00e0 l'arr\u00eat dans le Nord : des m\u00e9duses peuvent-elles provoquer un accident nucl\u00e9aire ?\"\/><\/a><\/p>\n<p><strong>L\u2019arriv\u00e9e de nouveaux orages en milieu de semaine prochaine pourrait enfin faire baisser les temp\u00e9ratures.<\/strong> Il faudra donc patienter avant de retrouver des conditions plus respirables en \u00cele-de-France.<\/p>\n","protected":false},"excerpt":{"rendered":"La canicule qui touche le sud du pays depuis le week-end dernier concerne d\u00e9sormais Paris et l\u2019\u00cele-de-France. Que&hellip;\n","protected":false},"author":2,"featured_media":314445,"comment_status":"","ping_status":"","sticky":false,"template":"","format":"standard","meta":{"footnotes":""},"categories":[1592],"tags":[1111,11,6698,1777,674,34979,1011,27,662,2487,12,32115,626,8857,25,15637],"class_list":{"0":"post-314444","1":"post","2":"type-post","3":"status-publish","4":"format-standard","5":"has-post-thumbnail","7":"category-ile-de-france","8":"tag-actu","9":"tag-actualites","10":"tag-canicule","11":"tag-eu","12":"tag-europe","13":"tag-fournaise","14":"tag-fr","15":"tag-france","16":"tag-ile-de-france","17":"tag-meteo","18":"tag-news","19":"tag-nuits-tropicales","20":"tag-paris","21":"tag-region-parisienne","22":"tag-republique-francaise","23":"tag-vague-de-chaleur"},"share_on_mastodon":{"url":"https:\/\/pubeurope.com\/@fr\/115017072960405935","error":""},"_links":{"self":[{"href":"https:\/\/www.europesays.com\/fr\/wp-json\/wp\/v2\/posts\/314444","targetHints":{"allow":["GET"]}}],"collection":[{"href":"https:\/\/www.europesays.com\/fr\/wp-json\/wp\/v2\/posts"}],"about":[{"href":"https:\/\/www.europesays.com\/fr\/wp-json\/wp\/v2\/types\/post"}],"author":[{"embeddable":true,"href":"https:\/\/www.europesays.com\/fr\/wp-json\/wp\/v2\/users\/2"}],"replies":[{"embeddable":true,"href":"https:\/\/www.europesays.com\/fr\/wp-json\/wp\/v2\/comments?post=314444"}],"version-history":[{"count":0,"href":"https:\/\/www.europesays.com\/fr\/wp-json\/wp\/v2\/posts\/314444\/revisions"}],"wp:featuredmedia":[{"embeddable":true,"href":"https:\/\/www.europesays.com\/fr\/wp-json\/wp\/v2\/media\/314445"}],"wp:attachment":[{"href":"https:\/\/www.europesays.com\/fr\/wp-json\/wp\/v2\/media?parent=314444"}],"wp:term":[{"taxonomy":"category","embeddable":true,"href":"https:\/\/www.europesays.com\/fr\/wp-json\/wp\/v2\/categories?post=314444"},{"taxonomy":"post_tag","embeddable":true,"href":"https:\/\/www.europesays.com\/fr\/wp-json\/wp\/v2\/tags?post=314444"}],"curies":[{"name":"wp","href":"https:\/\/api.w.org\/{rel}","templated":true}]}}