{"id":314446,"date":"2025-08-12T17:53:18","date_gmt":"2025-08-12T17:53:18","guid":{"rendered":"https:\/\/www.europesays.com\/fr\/314446\/"},"modified":"2025-08-12T17:53:18","modified_gmt":"2025-08-12T17:53:18","slug":"a-paris-la-librairie-violette-et-co-attaquee-pour-des-livres-sur-la-palestine","status":"publish","type":"post","link":"https:\/\/www.europesays.com\/fr\/314446\/","title":{"rendered":"\u00e0 Paris, la librairie Violette et Co attaqu\u00e9e pour des livres sur la Palestine"},"content":{"rendered":"<p>            Par<br \/>\n        <strong><br \/>\n            <a href=\"https:\/\/actu.fr\/auteur\/marie-amelie-marchal\" title=\"Consulter tous les articles de Marie Amelie Marchal\" target=\"_blank\" rel=\"noopener\">Marie Amelie Marchal<\/a><br \/>\n        <\/strong><\/p>\n<p>        Publi\u00e9 le<\/p>\n<p>            12 ao\u00fbt 2025 \u00e0 17h48        <\/p>\n<p>Des <strong>menaces de mort<\/strong>, des tentatives d\u2019intimidation et des vitrines tagu\u00e9es \u00e0 l\u2019acide. Depuis le d\u00e9but du mois de juillet\u00a02025, la <a href=\"https:\/\/actu.fr\/ile-de-france\/paris_75056\/a-paris-l-emblematique-librairie-feministe-violette-and-co-va-renaitre_59908214.html\" target=\"_blank\" rel=\"noopener\">librairie f\u00e9ministe Violette &amp; Co<\/a> (11e) est victime de harc\u00e8lement. \u00ab\u2009On subit des <a href=\"https:\/\/actu.fr\/societe\/menaces-insultes-le-cyberharcelement-un-fleau-hors-de-controle_57950304.html\" target=\"_blank\" rel=\"noopener\">raids sur les r\u00e9seaux sociaux<\/a>, des personnes se sont rendues en boutique pour nous intimider et certains conseillers de Paris diffusent de<strong> fausses informations<\/strong> sur notre compte\u2009\u00bb, d\u00e9taille Lo\u00efse, libraire et coop\u00e9ratrice, \u00e0 actu Paris. \u00ab\u2009Mais on ne se laissera pas faire\u2009\u00bb, promet-elle alors que les soutiens affluent dans la petite librairie en ce mardi 12 ao\u00fbt 2025. Pour Jean-Luc Romero, adjoint \u00e0 la maire de Paris charg\u00e9 de la lutte contre les discriminations, \u00ab<strong>\u2009rien ne justifie la haine<\/strong> que subissent les \u00e9quipes\u2009\u00bb.<\/p>\n<p>\u00ab\u2009\u00c7a \u00e9t\u00e9 fait \u00e0 l\u2019acide, une mani\u00e8re de laisser une trace ind\u00e9l\u00e9bile\u2009\u00bb<\/p>\n<p class=\" wall-content\">Ils sont d\u00e9j\u00e0 une bonne poign\u00e9e \u00e0 fl\u00e2ner entre les rayons de l\u2019embl\u00e9matique librairie. Des clients, mais aussi des soutiens venus afficher leur solidarit\u00e9 alors que Violette &amp; Co est dans la tourmente. \u00ab\u2009Au d\u00e9but du mois de juillet, notre vitrine a \u00e9t\u00e9 tagu\u00e9e avec les mots \u2018Hamas violeur\u2019 et \u2018Islamogauchiste\u2019. \u00c7a \u00e9t\u00e9 fait \u00e0 l\u2019acide, une mani\u00e8re de <strong>laisser une trace ind\u00e9l\u00e9bile<\/strong>\u2009\u00bb, rembobine Lo\u00efse. Selon cette derni\u00e8re, c\u2019est la s\u00e9lection d\u2019ouvrages sur la Palestine et la mont\u00e9e de l\u2019extr\u00eame droite qui a d\u00e9plu.<\/p>\n<p class=\" wall-content\">Si, au d\u00e9part, les libraires choisissent de ne pas \u00e9bruiter l\u2019affaire, la multiplication des attaques envers Violette &amp; Co les a pouss\u00e9es \u00e0 prendre la parole. \u00ab\u2009Mercredi dernier, cinq personnes sont venues. Elles m\u2019ont dit que le livre de coloriage From the river to the sea [slogan qui appelle \u00e0 la destruction de l\u2019\u00c9tat d\u2019Isra\u00ebl pour les uns, ou revendique un \u00c9tat o\u00f9 les Palestiniens vivraient libres pour les autres comme <a href=\"https:\/\/www.liberation.fr\/checknews\/quelle-est-lorigine-du-slogan-polemique-from-the-river-to-the-sea-utilise-par-les-soutiens-de-la-palestine-20231107_LEGKMTKLPBCWJBZ6YPUOJCMTAA\/?redirected=1\" target=\"_blank\" rel=\"noopener\">le rappelle Cheknews<\/a>], qui raconte l\u2019histoire de la <a href=\"https:\/\/actu.fr\/ile-de-france\/bobigny_93008\/soutien-a-la-population-pour-la-premiere-fois-bobigny-va-accueillir-le-festival-palestine-en-campagne_63013738.html\" target=\"_blank\" rel=\"noopener\">Palestine<\/a>, plac\u00e9 en vitrine les avait choqu\u00e9es. Puis elles ont hauss\u00e9 le ton alors que je leur expliquais notre positionnement sur les sujets d\u00e9coloniaux, antiracistes, etc.\u2009\u00bb, raconte la libraire.<\/p>\n<p>    <img   decoding=\"async\" loading=\"lazy\" src=\"https:\/\/www.europesays.com\/fr\/wp-content\/uploads\/2025\/08\/design-sans-titre-4-1-960x640.jpg\" alt=\"Le livre de coloriage pris pour cible. \" width=\"960\" height=\"640\"\/><br \/>\n    Le livre de coloriage pris pour cible. (\u00a9MAM \/ actu Paris)<\/p>\n<p class=\" wall-content\">\u00ab\u2009Je leur ai demand\u00e9 de partir au moment o\u00f9 l\u2019\u00e9change est devenu plus tendu et qu\u2019elles m\u2019ont affirm\u00e9 qu\u2019il n\u2019y avait pas de g\u00e9nocide en cours \u00e0 Gaza. Elles n\u2019\u00e9taient pas l\u00e0 pour discuter\u2009\u00bb, se souvient Lo\u00efse, encore \u00e9mue. \u00ab\u2009On pensait que c\u2019\u00e9tait un \u00e9v\u00e9nement isol\u00e9, mais le lendemain, on a eu un appel t\u00e9l\u00e9phonique au sujet du m\u00eame livre. Au bout du fil, quelqu\u2019un nous a affirm\u00e9 qu\u2019on vendait un livre du Hamas\u2009\u00bb, poursuit-elle, m\u00e9dus\u00e9e.<\/p>\n<p class=\" wall-content\">Les \u00e9quipes d\u00e9couvrent au m\u00eame moment qu\u2019un post a \u00e9t\u00e9 publi\u00e9 sur X avec le nom de la librairie et son adresse. \u00ab\u2009Le tweet a pris de l\u2019ampleur. En commentaires, on nous menace de mort, de <strong>mettre le feu \u00e0 la librairie<\/strong>\u2026 En plus de propos homophobes\u2009\u00bb, d\u00e9plore Lo\u00efse.<\/p>\n<p>    <img   decoding=\"async\" loading=\"lazy\" src=\"https:\/\/www.europesays.com\/fr\/wp-content\/uploads\/2025\/08\/c094d497-4b75-4a64-88cd-20769c555bff-960x640.jpg\" alt=\"Le livre \u00e0 l'origine de la pol\u00e9mique a \u00e9t\u00e9 retir\u00e9e de la vitrine.\" width=\"960\" height=\"640\"\/><br \/>\n    Le livre \u00e0 l\u2019origine de la pol\u00e9mique a \u00e9t\u00e9 retir\u00e9 de la vitrine. (\u00a9MAM \/ actu Paris)\u00ab\u2009Ce n\u2019est pas le commerce qui est subventionn\u00e9, mais l\u2019association\u2009\u00bb<\/p>\n<p class=\" wall-content\">\u00ab\u2009On ne conna\u00eet pas ces groupes, on ne sait pas ce dont ils sont capables. Alors on a d\u00e9cid\u00e9 de fermer vendredi, par crainte\u2009\u00bb, souffle notre interlocutrice. Les tweets de conseillers de Paris enflamment alors le d\u00e9bat. \u00ab\u2009Ils affirment que la Mairie de Paris subventionne la librairie, mais c\u2019est faux. La <strong>subvention est allou\u00e9e \u00e0 la structure Violette &amp; Co association<\/strong>. Elle permet de faire de la m\u00e9diation culturelle, des ateliers de lecture, de mettre en place des permanences psy ou des \u00e9v\u00e9nements conviviaux\u2009\u00bb, pr\u00e9cise Lo\u00efse.<\/p>\n<p class=\" wall-content\">Une information confirm\u00e9e \u00e0 actu Paris par Jean-Luc Romero. \u00ab\u2009Ce n\u2019est pas le commerce qui est subventionn\u00e9, mais l\u2019association par le biais des actions qu\u2019elle m\u00e8ne. D\u2019ailleurs, ces 17\u2009500 euros dont on parle<strong> proviennent de la commission charg\u00e9e de la culture et pas du commerce<\/strong>\u2009\u00bb, poursuit-il.<\/p>\n<p>\u00ab\u2009Les violences sont inacceptables\u2009\u00bb<\/p>\n<p class=\" wall-content\">\u00c0 chaque publication d\u2019un conseiller de Paris, le harc\u00e8lement s\u2019intensifie. Ph\u00e9nom\u00e8ne accentu\u00e9 par les prises de parole dans les m\u00e9dias qui condamnent la vente du livre de coloriage et ciblent la librairie. Pour Aur\u00e9lien V\u00e9ron, porte-parole du groupe Changer Paris et proche de Rachida Dati, \u00ab<strong>\u2009les violences sont inacceptables<\/strong>\u2009\u00bb.<\/p>\n<p class=\" wall-content\">Interrog\u00e9 par actu Paris, il assure n\u2019avoir \u00ab<strong>\u2009aucun scrupule<\/strong> \u00e0 avoir point\u00e9 du doigt la librairie\u2009\u00bb, qu\u2019il accuse \u00ab\u2009d\u2019avoir d\u00e9rap\u00e9\u2009\u00bb. S\u2019il n\u2019a pas lu l\u2019ouvrage en question, il condamne \u00ab\u2009la vente d\u2019une publication antis\u00e9mite qui promeut la position de martyr, dont le titre appelle \u00e0 la suppression d\u2019Isra\u00ebl\u2009\u00bb. Et d\u2019inviter la justice \u00e0 se pencher sur le sujet.<\/p>\n<p class=\" wall-content\">Dans From the river to the sea, que la r\u00e9daction a pu consulter, la page consacr\u00e9e aux martyrs indique qu\u2019\u00ab\u2009en Palestine, quand Isra\u00ebl tue celles et ceux qui d\u00e9fendent leur terre, leurs maisons, leur communaut\u00e9, leur religion ou leur identit\u00e9, on ne parle pas de \u2018victimes\u2019. On les appelle \u2018Chahid (a)\u2019, ou \u2018martyr (e)\u2019. Ce sont des h\u00e9ros qui ont une place sp\u00e9ciale dans la soci\u00e9t\u00e9 palestinienne. Refaat Alareer est l\u2019un de ces martyrs. Isra\u00ebl l\u2019a tu\u00e9 par une frappe a\u00e9rienne le 6\u00a0d\u00e9cembre 2023. Il \u00e9tait professeur d\u2019anglais, \u00e9crivain et po\u00e8te.\u2009\u00bb<\/p>\n<p>    <img   decoding=\"async\" loading=\"lazy\" src=\"https:\/\/www.europesays.com\/fr\/wp-content\/uploads\/2025\/08\/design-sans-titre-2-2-960x640.jpg\" alt=\"Extrait de l'ouvrage From the river to the sea.\" width=\"960\" height=\"640\"\/><br \/>\n    Extrait de l\u2019ouvrage \u00ab\u00a0From the river to the sea\u00a0\u00bb. (\u00a9MAM \/ actu Paris)<\/p>\n<p class=\" wall-content\">Pour Jean-Luc Romero, \u00ab\u2009on assiste \u00e0 <strong>une d\u00e9rive inqui\u00e9tante<\/strong>\u2009\u00bb. \u00ab\u2009On peut trouver le choix de mettre ce livre en vitrine peu judicieux \u2013 ce n\u2019est pas forc\u00e9ment un livre qui m\u2019attirerait, mais il est hors de question qu\u2019une collectivit\u00e9 dicte le choix \u00e9ditorial d\u2019une librairie. Quoi qu\u2019il en soit, rien ne justifie une telle haine et cela rel\u00e8ve de la responsabilit\u00e9 des \u00e9lus de calmer le jeu.\u2009\u00bb<\/p>\n<p>Faire nombre pour dissuader de potentiels agresseurs<\/p>\n<p class=\" wall-content\">Apr\u00e8s une journ\u00e9e off, les \u00e9quipes se mobilisent. \u00ab\u2009Samedi, on a rouvert parce que si on restait ferm\u00e9, on allait continuer \u00e0 avoir peur. Le mois d\u2019ao\u00fbt est bien choisi pour <strong>nous attaquer sans t\u00e9moin<\/strong> puisqu\u2019il y a peu de clients et de passage. Mais on a demand\u00e9 \u00e0 nos amis de venir pour faire nombre. On a aussi d\u00fb couper notre ligne t\u00e9l\u00e9phonique apr\u00e8s avoir re\u00e7u<strong> six appels en trente minutes<\/strong> pour condamner le livre\u2026\u2009\u00bb<\/p>\n<p class=\" wall-content\">Au cours de ces derniers jours, les soutiens ont afflu\u00e9 du c\u00f4t\u00e9 du syndicat des libraires, des \u00e9lus du 11e, du groupe \u00e9cologiste de Paris\u2026 \u00ab\u2009Certaines librairies antifascistes nous ont appel\u00e9s pour nous dire qu\u2019elles aussi avaient \u00e9t\u00e9 la cible d\u2019intimidations et de d\u00e9gradations. Elles nous ont aid\u00e9es et conseill\u00e9es\u2009\u00bb, livre Lo\u00efse.<\/p>\n<p class=\" wall-content\">Si aucune plainte n\u2019a encore \u00e9t\u00e9 d\u00e9pos\u00e9e, les \u00e9quipes de Violette &amp; Co sont en discussion avec des avocats pour entamer les d\u00e9marches. \u00ab\u2009On ne se laissera pas faire\u2009\u00bb, assure la libraire. Quant \u00e0 la vitrine, dont le remplacement co\u00fbtera 10\u2009000\u00a0euros, l\u2019assurance devrait prendre en charge une partie de l\u2019op\u00e9ration.<\/p>\n<p class=\" wall-content\">\u00ab\u2009Pour nous soutenir, il faut nous suivre sur les r\u00e9seaux sociaux, liker, commenter, montrer qu\u2019on est ensemble et<strong> remplacer les commentaires haineux<\/strong> par du soutien, glisse la coop\u00e9ratrice. Et venir aussi. Voir du monde dans la librairie peut avoir un effet dissuasif pour ceux qui cherchent \u00e0 nous intimider.\u2009\u00bb<\/p>\n<p>D\u00e9fendre \u00ab\u2009l\u2019unique librairie lesbienne de Paris\u2009\u00bb<\/p>\n<p class=\" wall-content\">\u00ab\u2009En quelques jours, je suis <strong>pass\u00e9e du d\u00e9sarroi au soulagement<\/strong> quand j\u2019ai vu les clients qui affluaient, les messages de soutien et de solidarit\u00e9 qui nous \u00e9taient destin\u00e9s. \u00c7a fait du bien et, surtout, \u00e7a envoie un message aux autres commerces pris pour cible\u2009\u00bb, confie Lo\u00efse.<\/p>\n<p class=\" wall-content\">De son c\u00f4t\u00e9, Jean-Luc Romero invite <a href=\"https:\/\/actu.fr\/ile-de-france\/paris_75056\/rachida-dati-la-maire-du-7e-arrondissement-de-paris-reste-ministre-de-la-culture-pour-la-troisieme-fois_62037506.html\" target=\"_blank\" rel=\"noopener\">Rachida Dati<\/a>, maire du 7e arrondissement et ministre de la Culture, \u00e0 prendre position pour d\u00e9fendre \u00ab\u2009l\u2019<strong>unique librairie lesbienne de Paris<\/strong>, pour ces femmes qui se battent pour la culture dans une \u00e9poque d\u00e9j\u00e0 <a href=\"https:\/\/actu.fr\/ile-de-france\/paris_75056\/menacee-d-expulsion-une-librairie-du-19e-arrondissement-tente-de-resister_57782941.html\" target=\"_blank\" rel=\"noopener\">tr\u00e8s difficile pour les libraires<\/a>\u2009\u00bb.<\/p>\n<p class=\" wall-content\">Suivez toute l\u2019actualit\u00e9 de vos villes et m\u00e9dias favoris en vous inscrivant \u00e0 <a href=\"https:\/\/moncompte.actu.fr\" title=\"D\u00e9couvez Mon Actu\" rel=\"nofollow noopener\" data-trk=\"{&quot;cta&quot;:{&quot;action&quot;:&quot;https:\\\/\\\/moncompte.actu.fr&quot;,&quot;category&quot;:&quot;mon compte&quot;,&quot;from&quot;:&quot;article footer&quot;,&quot;name&quot;:&quot;Mon actu&quot;,&quot;type&quot;:&quot;cta&quot;}}\" target=\"_blank\">Mon Actu<\/a>.<\/p>\n","protected":false},"excerpt":{"rendered":"Par Marie Amelie Marchal Publi\u00e9 le 12 ao\u00fbt 2025 \u00e0 17h48 Des menaces de mort, des tentatives d\u2019intimidation&hellip;\n","protected":false},"author":2,"featured_media":314447,"comment_status":"","ping_status":"","sticky":false,"template":"","format":"standard","meta":{"footnotes":""},"categories":[1888],"tags":[1111,1928,11,1927,1777,674,6757,1011,27,665,12,1926,626,1925,25,104],"class_list":{"0":"post-314446","1":"post","2":"type-post","3":"status-publish","4":"format-standard","5":"has-post-thumbnail","7":"category-paris","8":"tag-actu","9":"tag-actu-paris","10":"tag-actualites","11":"tag-actualites-paris","12":"tag-eu","13":"tag-europe","14":"tag-feminisme","15":"tag-fr","16":"tag-france","17":"tag-gaza","18":"tag-news","19":"tag-news-paris","20":"tag-paris","21":"tag-paris-news","22":"tag-republique-francaise","23":"tag-societe"},"share_on_mastodon":{"url":"https:\/\/pubeurope.com\/@fr\/115017076472951857","error":""},"_links":{"self":[{"href":"https:\/\/www.europesays.com\/fr\/wp-json\/wp\/v2\/posts\/314446","targetHints":{"allow":["GET"]}}],"collection":[{"href":"https:\/\/www.europesays.com\/fr\/wp-json\/wp\/v2\/posts"}],"about":[{"href":"https:\/\/www.europesays.com\/fr\/wp-json\/wp\/v2\/types\/post"}],"author":[{"embeddable":true,"href":"https:\/\/www.europesays.com\/fr\/wp-json\/wp\/v2\/users\/2"}],"replies":[{"embeddable":true,"href":"https:\/\/www.europesays.com\/fr\/wp-json\/wp\/v2\/comments?post=314446"}],"version-history":[{"count":0,"href":"https:\/\/www.europesays.com\/fr\/wp-json\/wp\/v2\/posts\/314446\/revisions"}],"wp:featuredmedia":[{"embeddable":true,"href":"https:\/\/www.europesays.com\/fr\/wp-json\/wp\/v2\/media\/314447"}],"wp:attachment":[{"href":"https:\/\/www.europesays.com\/fr\/wp-json\/wp\/v2\/media?parent=314446"}],"wp:term":[{"taxonomy":"category","embeddable":true,"href":"https:\/\/www.europesays.com\/fr\/wp-json\/wp\/v2\/categories?post=314446"},{"taxonomy":"post_tag","embeddable":true,"href":"https:\/\/www.europesays.com\/fr\/wp-json\/wp\/v2\/tags?post=314446"}],"curies":[{"name":"wp","href":"https:\/\/api.w.org\/{rel}","templated":true}]}}