{"id":314454,"date":"2025-08-12T17:57:13","date_gmt":"2025-08-12T17:57:13","guid":{"rendered":"https:\/\/www.europesays.com\/fr\/314454\/"},"modified":"2025-08-12T17:57:13","modified_gmt":"2025-08-12T17:57:13","slug":"la-russie-a-t-elle-vraiment-reussi-une-percee-a-dobropillia-une-premiere-analyse-tactique","status":"publish","type":"post","link":"https:\/\/www.europesays.com\/fr\/314454\/","title":{"rendered":"La Russie a-t-elle vraiment r\u00e9ussi une perc\u00e9e \u00e0 Dobropillia ? Une premi\u00e8re analyse tactique"},"content":{"rendered":"<dl class=\"post-meta-box flex flex-wrap items-top border-grey-lighter border-b post-meta relative z-20\">&#13;<br \/>\n                                  &#13;<br \/>\n                                  &#13;<br \/>\n                                  &#13;<\/p>\n<dt class=\"inline-block py-1 leading-5 w-1\/5 sm:1\/6 xl:w-3\/10 flex items-top font-sans text-3xs text-grey tracking-wider uppercase border-grey-lighter border-t\">&#13;<br \/>\n                                    Date                                  <\/dt>\n<p>&#13;<\/p>\n<dd class=\"inline-block w-4\/5 sm:5\/6 xl:w-7\/10 pl-1u lg:pl-0 flex-grow  py-1 font-sans text-xs leading-5 border-grey-lighter border-t\">&#13;<br \/>\n                                    12 ao\u00fbt 2025&#13;\n                                  <\/dd>\n<p>&#13;\n                                <\/dl>\n<p>                                      &#13;<br \/>\n        &#13;<br \/>\n            &#13;<br \/>\n        &#13;<br \/>\n        &#13;<br \/>\n            &#13;<br \/>\n            &#13;<br \/>\n        &#13;<br \/>\n        Ajouter&#13;<br \/>\n        Article ajout\u00e9&#13;<\/p>\n<p>    &#13;<br \/>\n        T\u00e9l\u00e9charger le PDF&#13;<br \/>\n        &#13;<br \/>\n            &#13;<br \/>\n            &#13;<br \/>\n            &#13;<br \/>\n        &#13;<br \/>\n&#13;<br \/>\n&#13;<\/p>\n<dl class=\"post-meta-box flex flex-wrap items-top border-grey-lighter border-b post-meta relative z-20 mt-4\">&#13;<\/p>\n<dt class=\"partager inline-block py-1 leading-5 w-1\/5 sm:1\/6 xl:w-3\/10 flex items-top font-sans text-3xs text-grey tracking-wider uppercase border-grey-lighter border-t\">&#13;<br \/>\n                                    Partager                                  <\/dt>\n<p>&#13;<\/p>\n<dd class=\"partager inline-block w-4\/5 sm:5\/6 xl:w-7\/10 pl-1u lg:pl-0 flex-grow  py-1 font-sans text-xs leading-5 border-grey-lighter border-t\">&#13;<br \/>\n                                    <a target=\"_blank\" data-social=\"twitter\" class=\"text-red no-underline inline-block w-4 h-4 mr-2\" href=\"https:\/\/twitter.com\/intent\/tweet\/?text=La+Russie+a-t-elle+vraiment+r%C3%A9ussi+une+perc%C3%A9e+%C3%A0+Dobropillia%C2%A0%3F+Une+premi%C3%A8re+analyse+tactique&amp;url=https%3A%2F%2Flegrandcontinent.eu%2Ffr%2F2025%2F08%2F12%2Fla-russie-a-t-elle-vraiment-reussi-une-percee-a-dobropillia-une-premiere-analyse-tactique%2F\" rel=\"nofollow noopener\">&#13;<br \/>\n                                        &#13;<br \/>\n                                      <\/a>&#13;<br \/>\n                                    <a target=\"_blank\" data-social=\"facebook\" class=\"text-red no-underline inline-block w-4 h-4 mr-2\" href=\"https:\/\/facebook.com\/sharer\/sharer.php?u=https%3A%2F%2Flegrandcontinent.eu%2Ffr%2F2025%2F08%2F12%2Fla-russie-a-t-elle-vraiment-reussi-une-percee-a-dobropillia-une-premiere-analyse-tactique%2F\" rel=\"nofollow noopener\">&#13;<br \/>\n                                        &#13;<br \/>\n                                      <\/a>&#13;<br \/>\n                                    <a target=\"_blank\" data-social=\"linkedin\" class=\"text-red no-underline inline-block w-4 h-4 mr-2\" href=\"https:\/\/www.linkedin.com\/shareArticle?title=La+Russie+a-t-elle+vraiment+r%C3%A9ussi+une+perc%C3%A9e+%C3%A0+Dobropillia%26%23160%3B%3F+Une+premi%C3%A8re+analyse+tactique&amp;url=https%3A%2F%2Flegrandcontinent.eu%2Ffr%2F2025%2F08%2F12%2Fla-russie-a-t-elle-vraiment-reussi-une-percee-a-dobropillia-une-premiere-analyse-tactique%2F\" rel=\"nofollow noopener\">&#13;<br \/>\n                                        &#13;<br \/>\n                                      <\/a>&#13;<br \/>\n&#13;<br \/>\n&#13;\n                                  <\/dd>\n<p>&#13;<\/p>\n<p class=\"font-sans text-black text-xs lg:text-2xs\">&#13;<br \/>\n                                        Abonnez-vous pour t\u00e9l\u00e9charger cet article en format PDF                                      <\/p>\n<p>                                      <a href=\"https:\/\/legrandcontinent.eu\/fr\/offre-abonnement\/\" class=\"btn-subscribe flex no-underline mt-4\" rel=\"nofollow noopener\" target=\"_blank\">&#13;<br \/>\n                                        &#13;<br \/>\n                                          \u2192&#13;<br \/>\n                                        &#13;<br \/>\n                                        &#13;<br \/>\n                                          S&rsquo;abonner                                        &#13;<br \/>\n                                      <\/a><\/p>\n<p>                                  &#13;\n                                <\/dl>\n<p>Selon le groupe ukrainien DeepState, les troupes russes auraient avanc\u00e9 d\u2019au moins dix kilom\u00e8tres, suivant deux axes distincts, dans le cadre de leur offensive visant \u00e0 prendre le contr\u00f4le total de l\u2019oblast de Donetsk.<\/p>\n<ul class=\"wp-block-list\">\n<li>Ces avanc\u00e9es se concentrent pr\u00e8s de trois villages situ\u00e9s dans un secteur strat\u00e9gique, entre Kostyantynivka et Pokrovsk, que Moscou cherche \u00e0 encercler en exploitant le manque d\u2019effectifs c\u00f4t\u00e9 ukrainien.<\/li>\n<li>Depuis la <a href=\"https:\/\/legrandcontinent.eu\/fr\/2024\/02\/19\/avdiivka-est-tombee-quelles-consequences-pour-le-front-ukrainien\/\" rel=\"nofollow noopener\" target=\"_blank\">chute d\u2019Avdiivka en f\u00e9vrier 2024,<\/a> ce secteur maintient des voies logistiques vitales ukrainiennes dans l\u2019oblast de Donetsk.<\/li>\n<li>\u00c0 ce stade, l\u2019arm\u00e9e ukrainienne parle plut\u00f4t d\u2019\u00ab\u00a0infiltration\u00a0\u00bb que de perc\u00e9e\u00a0<a href=\"#easy-footnote-bottom-1-292569\" title=\"&lt;a href=&quot;https:\/\/www.ukrinform.ua\/rubric-ato\/4024822-boi-v-rajoni-dobropilla-i-pokrovska-vijskovi-kazut-so-pro-proriv-voroga-ne-jdetsa.html&quot;&gt;\u0411\u043e\u0457 \u0432 \u0440\u0430\u0439\u043e\u043d\u0456 \u0414\u043e\u0431\u0440\u043e\u043f\u0456\u043b\u043b\u044f \u0456 \u041f\u043e\u043a\u0440\u043e\u0432\u0441\u044c\u043a\u0430\u00a0: \u0432\u0456\u0439\u0441\u044c\u043a\u043e\u0432\u0456 \u043a\u0430\u0436\u0443\u0442\u044c, \u0449\u043e \u043f\u0440\u043e \u043f\u0440\u043e\u0440\u0438\u0432 \u0432\u043e\u0440\u043e\u0433\u0430 \u043d\u0435 \u0439\u0434\u0435\u0442\u044c\u0441\u044f&lt;\/a&gt;, 12 ao\u00fbt 2025.\">1<\/a>.\u00a0<\/li>\n<li>Selon l\u2019Institute for the Study of War\u00a0: \u00ab\u00a0il est pr\u00e9matur\u00e9 de qualifier les avanc\u00e9es russes dans la r\u00e9gion de Dobropillia de perc\u00e9e op\u00e9rationnelle, m\u00eame s\u2019il est tr\u00e8s probable que les forces russes cherchent, dans les prochains jours, \u00e0 transformer leurs gains tactiques en perc\u00e9e\u00a0\u00bb\u00a0<a href=\"#easy-footnote-bottom-2-292569\" title=\"Institute for the Study of War, &lt;a href=&quot;https:\/\/www.understandingwar.org\/backgrounder\/russian-offensive-campaign-assessment-august-11-2025&quot;&gt;Russian Offensive Campaign Assessment, August 11, 2025&lt;\/a&gt;, 11 ao\u00fbt 2025.\">2<\/a>.<\/li>\n<li>Selon <a href=\"https:\/\/legrandcontinent.eu\/fr\/p\/yaroslav-trofimov\/\" rel=\"nofollow noopener\" target=\"_blank\">Yaroslav Trofimov<\/a>, correspondant du Wall Street Journal, \u00ab\u00a0jusqu\u2019\u00e0 pr\u00e9sent, rien n\u2019indique que d\u2019importantes unit\u00e9s russes aient poursuivi leur infiltration pour exploiter la br\u00e8che\u00a0\u00bb.<\/li>\n<li>Dans la soir\u00e9e, Zelensky a confirm\u00e9 que des soldats russes avaient avanc\u00e9 d\u2019environ 10 kilom\u00e8tres sur certains secteurs du front, ajoutant qu\u2019ils \u00ab\u00a0n\u2019ont pas d\u2019\u00e9quipements, seulement leurs armes dans les mains. Certains ont \u00e9t\u00e9 d\u00e9truits, d\u2019autres faits prisonniers. Nous trouverons les autres et les d\u00e9truirons prochainement\u00a0\u00bb.\u00a0\u00a0<\/li>\n<li>L\u2019\u00e9tat-major ukrainien a annonc\u00e9 le d\u00e9ploiement de \u00ab\u00a0forces et de moyens suppl\u00e9mentaires pour d\u00e9tecter et d\u00e9truire les groupes de sabotage ennemis qui p\u00e9n\u00e8trent derri\u00e8re la ligne de d\u00e9fense en direction de Pokrovsk\u00a0\u00bb\u00a0<a href=\"#easy-footnote-bottom-3-292569\" title=\"&lt;a href=&quot;https:\/\/www.ukrinform.ua\/rubric-ato\/4024746-sirskij-vidiliv-dodatkovi-sili-dla-znisenna-diversantiv-na-pokrovskomu-napramku.html&quot;&gt;\u0421\u0438\u0440\u0441\u044c\u043a\u0438\u0439 \u0432\u0438\u0434\u0456\u043b\u0438\u0432 \u0434\u043e\u0434\u0430\u0442\u043a\u043e\u0432\u0456 \u0441\u0438\u043b\u0438 \u0434\u043b\u044f \u0437\u043d\u0438\u0449\u0435\u043d\u043d\u044f \u0434\u0438\u0432\u0435\u0440\u0441\u0430\u043d\u0442\u0456\u0432 \u043d\u0430 \u041f\u043e\u043a\u0440\u043e\u0432\u0441\u044c\u043a\u043e\u043c\u0443 \u043d\u0430\u043f\u0440\u044f\u043c\u043a\u0443&lt;\/a&gt;,\u00a0 12 ao\u00fbt 2025.\">3<\/a>.<\/li>\n<li>Kiev poursuit \u00e9galement sa campagne de frappes de drones contre les infrastructures de l\u2019industrie de d\u00e9fense russe\u00a0: le Service de s\u00e9curit\u00e9 d\u2019Ukraine a annonc\u00e9 aujourd\u2019hui une attaque contre un entrep\u00f4t de drones kamikazes Shahed \u00e0 Kzyl Yul, dans la r\u00e9publique du Tatarstan\u00a0<a href=\"#easy-footnote-bottom-4-292569\" title=\"&lt;a href=&quot;https:\/\/bsky.app\/profile\/maks23.bsky.social\/post\/3lw7l7ae6cc2i&quot;&gt;Publication BlueSky de SBU&lt;\/a&gt;, 12 ao\u00fbt 2025.\">4<\/a>.<\/li>\n<\/ul>\n<p>Ces avanc\u00e9es, qui confirment <a href=\"https:\/\/legrandcontinent.eu\/fr\/2025\/08\/03\/depuis-le-debut-de-lannee-moscou-a-occupe-plus-de-2-500-km%C2%B2-en-ukraine-soit-trois-fois-plus-quen-2024\/\" rel=\"nofollow noopener\" target=\"_blank\">l\u2019acc\u00e9l\u00e9ration du rythme de progression de l\u2019arm\u00e9e russe<\/a>, s\u2019expliquent par plusieurs facteurs.<\/p>\n<ul class=\"wp-block-list\">\n<li>Comme le souligne Michel Goya, l\u2019action d\u2019un dispositif russe massif aurait \u00e9t\u00e9 facilit\u00e9e par une certaine faiblesses des forces ukrainiennes. Moscou aurait ainsi engag\u00e9 d\u2019importantes ressources et d\u00e9ploy\u00e9 des groupes mobiles capables de contourner les points de r\u00e9sistance pour s\u2019enfoncer profond\u00e9ment dans les lignes adverses.<\/li>\n<li>La tactique russe repose presque exclusivement sur l\u2019infanterie, appuy\u00e9e par des moyens motoris\u00e9s l\u00e9gers, comme des motos ou des v\u00e9los.<\/li>\n<li>Cette avanc\u00e9e montre ainsi que si les drones \u2014 pour lesquels les Ukrainiens ont un r\u00e9el avantage \u2014 jouent un r\u00f4le majeur dans le conflit, l\u2019infanterie demeure d\u00e9cisive.<\/li>\n<li>Michel Goya explique\u00a0: \u00ab\u00a0les Ukrainiens disposent d\u2019un atout avec leur industrie de drones, qui leur permet de compenser la faiblesse de leur aviation, de leur artillerie et de leur infanterie, mais cela ne suffit pas \u00e0 r\u00e9soudre la crise de cette derni\u00e8re. L\u2019Ukraine manque cruellement de fantassins pour tenir le front, et ce manque s\u2019aggrave alors que l\u2019infanterie russe continue de progresser\u00a0\u00bb\u00a0<a href=\"#easy-footnote-bottom-5-292569\" title=\"La voie de l\u2019\u00e9p\u00e9e, &lt;a href=&quot;https:\/\/lavoiedelepee.blogspot.com\/2025\/08\/percee.html&quot;&gt;Perc\u00e9e&lt;\/a&gt;, 12 ao\u00fbt 2025.\">5<\/a>.<\/li>\n<\/ul>\n<p>Les avanc\u00e9es russes, trois jours avant le sommet entre Trump et Poutine qui aura lieu ce vendredi 15 ao\u00fbt en Alaska, pr\u00e9sentent un double risque pour l\u2019Ukraine.<\/p>\n<ul class=\"wp-block-list\">\n<li>Tout d\u2019abord, ils permettent d\u2019obtenir des gains importants sur le plan tactique et menacent l\u2019encerclement du Donbass, qui est un objectif central des revendications territoriales de Vladimir Poutine.<\/li>\n<li>Cette man\u0153uvre s\u2019inscrit \u00e9galement dans une strat\u00e9gie politique. Poutine cherche \u00e0 d\u00e9montrer sa capacit\u00e9 \u00e0 lancer des offensives d\u2019ampleur et \u00e0 se poser en acteur \u00ab\u00a0conciliant\u00a0\u00bb devant le pr\u00e9sident am\u00e9ricain en proposant \u00e0 l\u2019Ukraine un accord impliquant l\u2019abandon des territoires du Donbass que la Russie n\u2019est pas parvenue \u00e0 prendre par la force.<\/li>\n<li>Mardi 12 ao\u00fbt, Zelensky a d\u00e9clar\u00e9 qu\u2019il n\u2019abandonnerait pas le Donbass\u00a0: \u00ab\u00a0Pour les Russes, le Donbass est une t\u00eate de pont pour une future offensive\u00a0\u00bb. Il a toutefois ajout\u00e9\u00a0: \u00ab\u00a0Aucune question territoriale ne peut \u00eatre s\u00e9par\u00e9e des garanties de s\u00e9curit\u00e9\u00a0\u00bb\u00a0<a href=\"#easy-footnote-bottom-6-292569\" title=\"Daryna Krasnolutska, Olesia Safronova, &lt;a href=&quot;https:\/\/www.bloomberg.com\/news\/articles\/2025-08-12\/zelenskiy-says-ukraine-won-t-withdraw-troops-from-donbas?srnd=homepage-europe&quot;&gt;Zelenskiy Says Ukraine Won\u2019t Withdraw Troops From Donbas&lt;\/a&gt;, &lt;em&gt;Bloomberg&lt;\/em&gt;, 12 ao\u00fbt 2025.\">6<\/a>.<\/li>\n<\/ul>\n<p>La Russie contr\u00f4le environ 88\u00a0% du Donbass\u00a0: la quasi-totalit\u00e9 de Louhansk, et environ 75\u00a0% du territoire de Donetsk\u00a0<a href=\"#easy-footnote-bottom-7-292569\" title=\"Guy Faulconbridge, &lt;a href=&quot;https:\/\/www.reuters.com\/world\/americas\/how-much-territory-does-russia-control-ukraine-2025-08-12\/&quot;&gt;How much territory does Russia control in Ukraine\u00a0?&lt;\/a&gt;, 12 ao\u00fbt 2025.\">7<\/a>.<\/p>\n<p>Sources<\/p>\n<ol class=\"easy-footnotes-wrapper\">\n<li class=\"easy-footnote-single\"><a href=\"https:\/\/www.ukrinform.ua\/rubric-ato\/4024822-boi-v-rajoni-dobropilla-i-pokrovska-vijskovi-kazut-so-pro-proriv-voroga-ne-jdetsa.html\" rel=\"nofollow noopener\" target=\"_blank\">\u0411\u043e\u0457 \u0432 \u0440\u0430\u0439\u043e\u043d\u0456 \u0414\u043e\u0431\u0440\u043e\u043f\u0456\u043b\u043b\u044f \u0456 \u041f\u043e\u043a\u0440\u043e\u0432\u0441\u044c\u043a\u0430\u00a0: \u0432\u0456\u0439\u0441\u044c\u043a\u043e\u0432\u0456 \u043a\u0430\u0436\u0443\u0442\u044c, \u0449\u043e \u043f\u0440\u043e \u043f\u0440\u043e\u0440\u0438\u0432 \u0432\u043e\u0440\u043e\u0433\u0430 \u043d\u0435 \u0439\u0434\u0435\u0442\u044c\u0441\u044f<\/a>, 12 ao\u00fbt 2025.<a class=\"easy-footnote-to-top\" href=\"#easy-footnote-1-292569\"\/><\/li>\n<li class=\"easy-footnote-single\">Institute for the Study of War, <a href=\"https:\/\/www.understandingwar.org\/backgrounder\/russian-offensive-campaign-assessment-august-11-2025\" rel=\"nofollow noopener\" target=\"_blank\">Russian Offensive Campaign Assessment, August 11, 2025<\/a>, 11 ao\u00fbt 2025.<a class=\"easy-footnote-to-top\" href=\"#easy-footnote-2-292569\"\/><\/li>\n<li class=\"easy-footnote-single\"><a href=\"https:\/\/www.ukrinform.ua\/rubric-ato\/4024746-sirskij-vidiliv-dodatkovi-sili-dla-znisenna-diversantiv-na-pokrovskomu-napramku.html\" rel=\"nofollow noopener\" target=\"_blank\">\u0421\u0438\u0440\u0441\u044c\u043a\u0438\u0439 \u0432\u0438\u0434\u0456\u043b\u0438\u0432 \u0434\u043e\u0434\u0430\u0442\u043a\u043e\u0432\u0456 \u0441\u0438\u043b\u0438 \u0434\u043b\u044f \u0437\u043d\u0438\u0449\u0435\u043d\u043d\u044f \u0434\u0438\u0432\u0435\u0440\u0441\u0430\u043d\u0442\u0456\u0432 \u043d\u0430 \u041f\u043e\u043a\u0440\u043e\u0432\u0441\u044c\u043a\u043e\u043c\u0443 \u043d\u0430\u043f\u0440\u044f\u043c\u043a\u0443<\/a>,\u00a0 12 ao\u00fbt 2025.<a class=\"easy-footnote-to-top\" href=\"#easy-footnote-3-292569\"\/><\/li>\n<li class=\"easy-footnote-single\"><a href=\"https:\/\/bsky.app\/profile\/maks23.bsky.social\/post\/3lw7l7ae6cc2i\" rel=\"nofollow noopener\" target=\"_blank\">Publication BlueSky de SBU<\/a>, 12 ao\u00fbt 2025.<a class=\"easy-footnote-to-top\" href=\"#easy-footnote-4-292569\"\/><\/li>\n<li class=\"easy-footnote-single\">La voie de l\u2019\u00e9p\u00e9e, <a href=\"https:\/\/lavoiedelepee.blogspot.com\/2025\/08\/percee.html\" rel=\"nofollow noopener\" target=\"_blank\">Perc\u00e9e<\/a>, 12 ao\u00fbt 2025.<a class=\"easy-footnote-to-top\" href=\"#easy-footnote-5-292569\"\/><\/li>\n<li class=\"easy-footnote-single\">Daryna Krasnolutska, Olesia Safronova, <a href=\"https:\/\/www.bloomberg.com\/news\/articles\/2025-08-12\/zelenskiy-says-ukraine-won-t-withdraw-troops-from-donbas?srnd=homepage-europe\" rel=\"nofollow noopener\" target=\"_blank\">Zelenskiy Says Ukraine Won\u2019t Withdraw Troops From Donbas<\/a>, Bloomberg, 12 ao\u00fbt 2025.<a class=\"easy-footnote-to-top\" href=\"#easy-footnote-6-292569\"\/><\/li>\n<li class=\"easy-footnote-single\">Guy Faulconbridge, <a href=\"https:\/\/www.reuters.com\/world\/americas\/how-much-territory-does-russia-control-ukraine-2025-08-12\/\" rel=\"nofollow noopener\" target=\"_blank\">How much territory does Russia control in Ukraine\u00a0?<\/a>, 12 ao\u00fbt 2025.<a class=\"easy-footnote-to-top\" href=\"#easy-footnote-7-292569\"\/><\/li>\n<\/ol>\n<p>                          <script async src=\"https:\/\/platform.twitter.com\/widgets.js\" charset=\"utf-8\"><\/script><\/p>\n","protected":false},"excerpt":{"rendered":"&#13; &#13; &#13; &#13; &#13; Date &#13; &#13; 12 ao\u00fbt 2025&#13; &#13; &#13; &#13; &#13; &#13; &#13; &#13;&hellip;\n","protected":false},"author":2,"featured_media":314455,"comment_status":"","ping_status":"","sticky":false,"template":"","format":"standard","meta":{"footnotes":""},"categories":[1591],"tags":[11,1887,12,1885,1886,132],"class_list":{"0":"post-314454","1":"post","2":"type-post","3":"status-publish","4":"format-standard","5":"has-post-thumbnail","7":"category-russie","8":"tag-actualites","9":"tag-federation-de-russie","10":"tag-news","11":"tag-russia","12":"tag-russian-federation","13":"tag-russie"},"share_on_mastodon":{"url":"https:\/\/pubeurope.com\/@fr\/115017092102942071","error":""},"_links":{"self":[{"href":"https:\/\/www.europesays.com\/fr\/wp-json\/wp\/v2\/posts\/314454","targetHints":{"allow":["GET"]}}],"collection":[{"href":"https:\/\/www.europesays.com\/fr\/wp-json\/wp\/v2\/posts"}],"about":[{"href":"https:\/\/www.europesays.com\/fr\/wp-json\/wp\/v2\/types\/post"}],"author":[{"embeddable":true,"href":"https:\/\/www.europesays.com\/fr\/wp-json\/wp\/v2\/users\/2"}],"replies":[{"embeddable":true,"href":"https:\/\/www.europesays.com\/fr\/wp-json\/wp\/v2\/comments?post=314454"}],"version-history":[{"count":0,"href":"https:\/\/www.europesays.com\/fr\/wp-json\/wp\/v2\/posts\/314454\/revisions"}],"wp:featuredmedia":[{"embeddable":true,"href":"https:\/\/www.europesays.com\/fr\/wp-json\/wp\/v2\/media\/314455"}],"wp:attachment":[{"href":"https:\/\/www.europesays.com\/fr\/wp-json\/wp\/v2\/media?parent=314454"}],"wp:term":[{"taxonomy":"category","embeddable":true,"href":"https:\/\/www.europesays.com\/fr\/wp-json\/wp\/v2\/categories?post=314454"},{"taxonomy":"post_tag","embeddable":true,"href":"https:\/\/www.europesays.com\/fr\/wp-json\/wp\/v2\/tags?post=314454"}],"curies":[{"name":"wp","href":"https:\/\/api.w.org\/{rel}","templated":true}]}}