{"id":314460,"date":"2025-08-12T18:00:17","date_gmt":"2025-08-12T18:00:17","guid":{"rendered":"https:\/\/www.europesays.com\/fr\/314460\/"},"modified":"2025-08-12T18:00:17","modified_gmt":"2025-08-12T18:00:17","slug":"un-recours-depose-pour-interdire-laccueil-de-migrants-dans-un-hotel-apres-de-nombreuses-manifestations","status":"publish","type":"post","link":"https:\/\/www.europesays.com\/fr\/314460\/","title":{"rendered":"un recours d\u00e9pos\u00e9 pour interdire l&rsquo;accueil de migrants dans un h\u00f4tel apr\u00e8s de nombreuses manifestations"},"content":{"rendered":"<p>\u00c0 plusieurs reprises et sous forte pr\u00e9sence polici\u00e8re, des rassemblements ont eu lieu devant l\u2019h\u00f4tel Bell, connu pour accueillir des demandeurs d\u2019asile. Certains ont d\u00e9g\u00e9n\u00e9r\u00e9 en violences.<\/p>\n<p class=\"fig-paragraph\">Le conseil local de la ville d&rsquo;<a href=\"http:\/\/www.lefigaro.fr\/international\/renvoyez-les-chez-eux-nouvelles-tensions-en-angleterre-lors-d-un-rassemblement-devant-un-hotel-hebergeant-des-demandeurs-d-asile-20250721\" target=\"_blank\" data-fig-type=\"NewsFlash\" rel=\"noopener nofollow\" data-gtm-custom-categorie=\"navigation\" data-gtm-custom-action=\"crossclick\" data-gtm-custom-label=\"Contextuel\" data-gtm-event=\"customEventSPE\" data-fig-domain=\"LEFIGARO\">Epping<\/a>\u00a0situ\u00e9e au nord-est de Londres a d\u00e9pos\u00e9 mardi 12 ao\u00fbt un recours en justice pour emp\u00eacher l&rsquo;h\u00e9bergement de demandeurs d&rsquo;asile dans un h\u00f4tel de la commune, devant lequel plusieurs manifestations, parfois violentes, se sont produites le mois dernier.<\/p>\n<p class=\"fig-paragraph\">Epping conna\u00eet des\u00a0<a href=\"http:\/\/www.lefigaro.fr\/international\/rien-n-a-vraiment-change-au-royaume-uni-le-spectre-de-nouvelles-emeutes-antimigrants-ressurgit-20250729\" target=\"_blank\" data-fig-type=\"Article\" rel=\"noopener nofollow\" data-gtm-custom-categorie=\"navigation\" data-gtm-custom-action=\"crossclick\" data-gtm-custom-label=\"Contextuel\" data-gtm-event=\"customEventSPE\" data-fig-domain=\"LEFIGARO\">tensions r\u00e9currentes<\/a>\u00a0depuis juillet, apr\u00e8s l&rsquo;inculpation d&rsquo;un demandeur d&rsquo;asile accus\u00e9 d&rsquo;avoir tent\u00e9 d&#8217;embrasser une adolescente de 14 ans, ce qu&rsquo;il a ni\u00e9.<\/p>\n<p>                                    <a class=\"fig-a11y-skip a11y-hidden\" href=\"#fig-a11y-skip-main-inarticle\"><br \/>\n        Passer la publicit\u00e9<br \/>\n    <\/a><\/p>\n<p class=\"fig-paragraph\">\u00c0 plusieurs reprises et sous forte pr\u00e9sence polici\u00e8re, des rassemblements ont eu lieu devant l&rsquo;h\u00f4tel Bell, connu pour accueillir des demandeurs d&rsquo;asile. Certains ont d\u00e9g\u00e9n\u00e9r\u00e9 en violences, qui ont fait huit bless\u00e9s parmi les forces de l&rsquo;ordre et ont abouti \u00e0 l&rsquo;inculpation d&rsquo;au moins dix personnes. Le 27 juillet des contre-manifestants ayant r\u00e9pondu \u00e0 l&rsquo;appel d&rsquo;associations anti-racistes s&rsquo;\u00e9taient \u00e9galement rassembl\u00e9s \u00e0 Epping.<\/p>\n<p>D\u00e9p\u00f4t d\u2019une \u00abinjonction\u00bb devant la Haute Cour de justice<\/p>\n<p class=\"fig-paragraph\">Face \u00e0 ce climat de tensions, le conseil local a annonc\u00e9 mardi avoir d\u00e9pos\u00e9 une \u00abinjonction\u00bb devant la Haute Cour de justice pour interdire l&rsquo;h\u00e9bergement de demandeurs d&rsquo;asile \u00e0 l&rsquo;h\u00f4tel Bell.<\/p>\n<p class=\"fig-paragraph\">Dans un communiqu\u00e9, il \u00e9voque \u00able risque clair d&rsquo;une escalade des tensions communautaires\u00bb. \u00abLa situation actuelle ne peut perdurer. Si l&rsquo;h\u00f4tel Bell \u00e9tait une bo\u00eete de nuit, nous aurions pu le fermer depuis longtemps\u00bb, a d\u00e9clar\u00e9 le pr\u00e9sident du conseil local Chris Whitbread, cit\u00e9 dans le communiqu\u00e9. Il accuse le minist\u00e8re de l&rsquo;Int\u00e9rieur de \u00abrester sourd\u00bb aux inqui\u00e9tudes locales et souligne notamment que les migrants h\u00e9berg\u00e9s ne font l&rsquo;objet d&rsquo;\u00abaucune v\u00e9rification\u00bb de leur casier judiciaire. L&rsquo;utilisation de cet h\u00f4tel \u00abpr\u00e9sente un risque \u00e9vident d&rsquo;aggravation des tensions communautaires d\u00e9j\u00e0 vives, ainsi que de pr\u00e9judices irr\u00e9parables pour la communaut\u00e9 locale\u00bb qui \u00abne fera que s&rsquo;accentuer avec la rentr\u00e9e scolaire\u00bb, ajoute l&rsquo;\u00e9lu, qui souligne que cinq \u00e9coles sont situ\u00e9es \u00e0 proximit\u00e9.<\/p>\n<p class=\"fig-paragraph\">Le gouvernement travailliste a affirm\u00e9 travailler \u00e0 r\u00e9duire le nombre d&rsquo;h\u00f4tels utilis\u00e9s pour accueillir des demandeurs d&rsquo;asile, soulignant qu&rsquo;il est pass\u00e9 de 400 \u00e0 l&rsquo;\u00e9t\u00e9 2023, \u00ab\u00e0 moins de 210\u00bb. Outre Epping, des\u00a0<a href=\"http:\/\/www.lefigaro.fr\/flash-actu\/royaume-uni-de-nouveaux-affrontements-lors-de-manifestations-anti-migrants-20250802\" target=\"_blank\" data-fig-type=\"NewsFlash\" rel=\"noopener nofollow\" data-gtm-custom-categorie=\"navigation\" data-gtm-custom-action=\"crossclick\" data-gtm-custom-label=\"Contextuel\" data-gtm-event=\"customEventSPE\" data-fig-domain=\"LEFIGARO\">manifestations\u00a0<\/a>ont \u00e9galement eu lieu dans d&rsquo;autres villes d&rsquo;Angleterre, notamment \u00e0 Nuneaton dans le Warwickshire samedi, apr\u00e8s que deux hommes identifi\u00e9s par des m\u00e9dias locaux comme des demandeurs d&rsquo;asile afghans, ont \u00e9t\u00e9 inculp\u00e9s de viol sur une fillette de 12 ans.<\/p>\n","protected":false},"excerpt":{"rendered":"\u00c0 plusieurs reprises et sous forte pr\u00e9sence polici\u00e8re, des rassemblements ont eu lieu devant l\u2019h\u00f4tel Bell, connu pour&hellip;\n","protected":false},"author":2,"featured_media":314461,"comment_status":"","ping_status":"","sticky":false,"template":"","format":"standard","meta":{"footnotes":""},"categories":[1588],"tags":[11,1777,674,1251,12,473,1853,1851,1850,1852],"class_list":{"0":"post-314460","1":"post","2":"type-post","3":"status-publish","4":"format-standard","5":"has-post-thumbnail","7":"category-royaume-uni","8":"tag-actualites","9":"tag-eu","10":"tag-europe","11":"tag-migrants","12":"tag-news","13":"tag-royaume-uni","14":"tag-royaume-uni-de-grande-bretagne-et-dirlande-du-nord","15":"tag-uk","16":"tag-united-kingdom","17":"tag-united-kingdom-of-great-britain-and-northern-ireland"},"share_on_mastodon":{"url":"https:\/\/pubeurope.com\/@fr\/115017103686605335","error":""},"_links":{"self":[{"href":"https:\/\/www.europesays.com\/fr\/wp-json\/wp\/v2\/posts\/314460","targetHints":{"allow":["GET"]}}],"collection":[{"href":"https:\/\/www.europesays.com\/fr\/wp-json\/wp\/v2\/posts"}],"about":[{"href":"https:\/\/www.europesays.com\/fr\/wp-json\/wp\/v2\/types\/post"}],"author":[{"embeddable":true,"href":"https:\/\/www.europesays.com\/fr\/wp-json\/wp\/v2\/users\/2"}],"replies":[{"embeddable":true,"href":"https:\/\/www.europesays.com\/fr\/wp-json\/wp\/v2\/comments?post=314460"}],"version-history":[{"count":0,"href":"https:\/\/www.europesays.com\/fr\/wp-json\/wp\/v2\/posts\/314460\/revisions"}],"wp:featuredmedia":[{"embeddable":true,"href":"https:\/\/www.europesays.com\/fr\/wp-json\/wp\/v2\/media\/314461"}],"wp:attachment":[{"href":"https:\/\/www.europesays.com\/fr\/wp-json\/wp\/v2\/media?parent=314460"}],"wp:term":[{"taxonomy":"category","embeddable":true,"href":"https:\/\/www.europesays.com\/fr\/wp-json\/wp\/v2\/categories?post=314460"},{"taxonomy":"post_tag","embeddable":true,"href":"https:\/\/www.europesays.com\/fr\/wp-json\/wp\/v2\/tags?post=314460"}],"curies":[{"name":"wp","href":"https:\/\/api.w.org\/{rel}","templated":true}]}}