{"id":314462,"date":"2025-08-12T18:01:14","date_gmt":"2025-08-12T18:01:14","guid":{"rendered":"https:\/\/www.europesays.com\/fr\/314462\/"},"modified":"2025-08-12T18:01:14","modified_gmt":"2025-08-12T18:01:14","slug":"lallemagne-une-destination-touristique-de-plus-en-plus-prisee-tiree-par-les-nationaux","status":"publish","type":"post","link":"https:\/\/www.europesays.com\/fr\/314462\/","title":{"rendered":"L&rsquo;Allemagne, une destination touristique de plus en plus pris\u00e9e, tir\u00e9e par les Nationaux"},"content":{"rendered":"<p style=\"text-align: justify\"><strong>L\u2019Allemagne reste une destination touristique de plus en plus pris\u00e9e notamment par les touristes allemands, comme le confirment les derni\u00e8res statistiques officielles, qui font \u00e9tat de plus de 223 millions de nuit\u00e9es enregistr\u00e9es au premier semestre 2025.<\/strong><\/p>\n<p style=\"text-align: justify\">Il ressort des donn\u00e9es publi\u00e9es par l\u2019Office f\u00e9d\u00e9ral de la statistique (Destatis) une progression de 0,1% de ces nuit\u00e9es touristiques, enregistr\u00e9es dans les h\u00f4tels, maisons d\u2019h\u00f4tes et campings d\u2019Allemagne, par rapport au record r\u00e9alis\u00e9 durant les six premiers mois de 2024.<\/p>\n<p style=\"text-align: justify\">Le nombre de nuit\u00e9es des Nationaux a augment\u00e9 de 0,8% pour atteindre 187 millions au premier semestre 2025 par rapport \u00e0 la m\u00eame p\u00e9riode l\u2019ann\u00e9e derni\u00e8re. En revanche, le nombre de nuit\u00e9es des touristes \u00e9trangers a diminu\u00e9 de 3,2% pour atteindre 36,4 millions de visiteurs.<\/p>\n<p style=\"text-align: justify\">Pour le seul mois de juin, les \u00e9tablissements d\u2019h\u00e9bergement allemands ont enregistr\u00e9 50,5 millions de nuit\u00e9es touristiques, des Nationaux et des \u00c9trangers, en hausse de 3,8 % par rapport \u00e0 juin 2024.<\/p>\n<p style=\"text-align: justify\">Par contre, les nuit\u00e9es de visiteurs \u00e9trangers se sont inscrites en baisse de 12,7% \u00e0 7,6 millions en juin. Destatis attribue ce recul au nombre particuli\u00e8rement \u00e9lev\u00e9 de l\u2019ann\u00e9e pr\u00e9c\u00e9dente, lorsque le Championnat d\u2019Europe de football avait attir\u00e9 des supporters du monde entier.<\/p>\n<p style=\"text-align: justify\">Cet \u00e9cart a \u00e9t\u00e9 plus que compens\u00e9 par les 42,8 millions de nuit\u00e9es de visiteurs nationaux (+7,4 %). Les vacances de Pentec\u00f4te tardives ont apparemment eu un impact positif sur les nuit\u00e9es des Nationaux, pr\u00e9cise-t-on de m\u00eame source.<\/p>\n","protected":false},"excerpt":{"rendered":"L\u2019Allemagne reste une destination touristique de plus en plus pris\u00e9e notamment par les touristes allemands, comme le confirment&hellip;\n","protected":false},"author":2,"featured_media":314463,"comment_status":"","ping_status":"","sticky":false,"template":"","format":"standard","meta":{"footnotes":""},"categories":[1587],"tags":[11,672,1804,1805,1803,1777,674,1801,12,1802],"class_list":{"0":"post-314462","1":"post","2":"type-post","3":"status-publish","4":"format-standard","5":"has-post-thumbnail","7":"category-allemagne","8":"tag-actualites","9":"tag-allemagne","10":"tag-bundesrepublik-deutschland","11":"tag-de","12":"tag-deutschland","13":"tag-eu","14":"tag-europe","15":"tag-germany","16":"tag-news","17":"tag-republique-federale-dallemagne"},"share_on_mastodon":{"url":"https:\/\/pubeurope.com\/@fr\/115017107654387841","error":""},"_links":{"self":[{"href":"https:\/\/www.europesays.com\/fr\/wp-json\/wp\/v2\/posts\/314462","targetHints":{"allow":["GET"]}}],"collection":[{"href":"https:\/\/www.europesays.com\/fr\/wp-json\/wp\/v2\/posts"}],"about":[{"href":"https:\/\/www.europesays.com\/fr\/wp-json\/wp\/v2\/types\/post"}],"author":[{"embeddable":true,"href":"https:\/\/www.europesays.com\/fr\/wp-json\/wp\/v2\/users\/2"}],"replies":[{"embeddable":true,"href":"https:\/\/www.europesays.com\/fr\/wp-json\/wp\/v2\/comments?post=314462"}],"version-history":[{"count":0,"href":"https:\/\/www.europesays.com\/fr\/wp-json\/wp\/v2\/posts\/314462\/revisions"}],"wp:featuredmedia":[{"embeddable":true,"href":"https:\/\/www.europesays.com\/fr\/wp-json\/wp\/v2\/media\/314463"}],"wp:attachment":[{"href":"https:\/\/www.europesays.com\/fr\/wp-json\/wp\/v2\/media?parent=314462"}],"wp:term":[{"taxonomy":"category","embeddable":true,"href":"https:\/\/www.europesays.com\/fr\/wp-json\/wp\/v2\/categories?post=314462"},{"taxonomy":"post_tag","embeddable":true,"href":"https:\/\/www.europesays.com\/fr\/wp-json\/wp\/v2\/tags?post=314462"}],"curies":[{"name":"wp","href":"https:\/\/api.w.org\/{rel}","templated":true}]}}