{"id":314466,"date":"2025-08-12T18:03:12","date_gmt":"2025-08-12T18:03:12","guid":{"rendered":"https:\/\/www.europesays.com\/fr\/314466\/"},"modified":"2025-08-12T18:03:12","modified_gmt":"2025-08-12T18:03:12","slug":"cyclisme-tour-du-danemark-mads-pedersen-sil-y-avait-eu-jasper-philipsen-avec-nous","status":"publish","type":"post","link":"https:\/\/www.europesays.com\/fr\/314466\/","title":{"rendered":"Cyclisme. Tour du Danemark &#8211; Mads Pedersen : \u00abS\u2019il y avait eu Jasper Philipsen avec nous&#8230;\u00bb"},"content":{"rendered":"<p>Apr\u00e8s quelques semaines de repos, <strong>Mads Pedersen<\/strong> (Lidl-Trek) est de retour et il nous l&rsquo;a d\u00e9montr\u00e9 ce mardi 12 ao\u00fbt sur la premi\u00e8re \u00e9tape de son Tour national, le <strong><a href=\"https:\/\/www.cyclismactu.net\/..\/news-cyclisme-route-tour-du-danemark-mads-pedersen-remporte-premiere-etape-alex-zingle-deja-loin-89572.html\" target=\"_blank\" rel=\"nofollow noopener\">Tour du Danemark<\/a><\/strong> ! En effet, l&rsquo;ancien champion du monde n&rsquo;a laiss\u00e9 aucune chance \u00e0 ses adversaires, venant d\u00e9crocher son dixi\u00e8me succ\u00e8s cette saison. Le Danois a devanc\u00e9 le champion de Slovaquie <strong>Lukas Kubis<\/strong> (Unibet Tietema Rockets) et le jeune <strong>Conrad Haugsted<\/strong> (Team ColoQuick), 20 ans et membre de l&rsquo;\u00e9chapp\u00e9e matinale. Apr\u00e8s sa victoire, le natif de Tollose s&rsquo;est exprim\u00e9 au micro de la cha\u00eene danoise <a href=\"https:\/\/www.dr.dk\/\" target=\"_blank\" rel=\"nofollow noopener\">DR<\/a>.<\/p>\n<p>Vid\u00e9o &#8211; Revivez le final de cette 1\u00e8re \u00e9tape au Danemark Lire la suite de l&rsquo;article&#13;<\/p>\n<p>\u00a0<\/p>\n<p>&#13;<br \/>\n<strong>\u00ab\u00a0Vous avez vu la tactique&#8230;\u00a0\u00bb<\/strong>&#13;<\/p>\n<p>\u00ab\u00a0Quand on roule \u00e0 fond, on ne pense pas vraiment \u00e0 l&rsquo;endroit o\u00f9 on se trouve\u00a0\u00bb, d\u00e9bute le Danois apr\u00e8s avoir franchi la ligne d&rsquo;arriv\u00e9e en t\u00eate. \u00ab\u00a0Gagner, c&rsquo;est tout simplement agr\u00e9able, que ce soit \u00e0 Bornholm (\u00eele sur laquelle se situe l&rsquo;arriv\u00e9e, ndlr) ou ailleurs. Il y avait beaucoup de monde sur les routes, cela nous a donn\u00e9 un coup de pouce suppl\u00e9mentaire. Merci \u00e0 Bornholm et \u00e0 tous ceux qui nous ont aid\u00e9s \u00e0 arriver ici. Pour couronner le tout avec une victoire, c&rsquo;est tout simplement g\u00e9nial\u00a0\u00bb, exprime-t-il. \u00ab\u00a0Vous avez vu la tactique. Nous voulions une vraie course, pour \u00e9viter de finir dans un sprint group\u00e9. Si nous avions emmen\u00e9 Jasper Philipsen jusqu&rsquo;\u00e0 la ligne d&rsquo;arriv\u00e9e, j&rsquo;aurais tr\u00e8s probablement perdu. Ce n&rsquo;\u00e9tait pas une option pour nous.<\/p>\n<p>&#13;<\/p>\n<p>Tout le monde dans le groupe \u00e9tait motiv\u00e9, nous voulions tous gagner du temps sur les leaders du classement g\u00e9n\u00e9ral. Il y a eu une forte coop\u00e9ration jusqu&rsquo;\u00e0 cette attaque de Julius [Johansen] au rond-point. Apr\u00e8s cela, le groupe a commenc\u00e9 \u00e0 se diviser, mais cela a jou\u00e9 en notre faveur. Nous avons maintenant deux coureurs dans le top 10. Cela s&rsquo;annonce tr\u00e8s bien pour nous. Aujourd&rsquo;hui \u00e9tait une journ\u00e9e id\u00e9ale\u00a0\u00bb, conclut <strong>Mads Pedersen<\/strong>, au micro de la cha\u00eene danoise, DR.<\/p>\n<p>Tour du Danemark &#8211; Classement de la 1\u00e8 \u00e9tape Tour du Danemark &#8211; Classement g\u00e9n\u00e9ral provisoire apr\u00e8s la 1\u00e8 \u00e9tape<\/p>\n","protected":false},"excerpt":{"rendered":"Apr\u00e8s quelques semaines de repos, Mads Pedersen (Lidl-Trek) est de retour et il nous l&rsquo;a d\u00e9montr\u00e9 ce mardi&hellip;\n","protected":false},"author":2,"featured_media":314467,"comment_status":"","ping_status":"","sticky":false,"template":"","format":"standard","meta":{"footnotes":""},"categories":[1586],"tags":[11,207,1777,674,1779,211,1011,27,12,25,209,210,45381,212,1778,364,208,213],"class_list":{"0":"post-314466","1":"post","2":"type-post","3":"status-publish","4":"format-standard","5":"has-post-thumbnail","7":"category-europe","8":"tag-actualites","9":"tag-cyclisme","10":"tag-eu","11":"tag-europe","12":"tag-european-union","13":"tag-ffc","14":"tag-fr","15":"tag-france","16":"tag-news","17":"tag-republique-francaise","18":"tag-route","19":"tag-tour-de-france","20":"tag-tour-du-danemark","21":"tag-uci","22":"tag-ue","23":"tag-union-europeenne","24":"tag-velo","25":"tag-world-tour"},"share_on_mastodon":{"url":"https:\/\/pubeurope.com\/@fr\/115017115495061845","error":""},"_links":{"self":[{"href":"https:\/\/www.europesays.com\/fr\/wp-json\/wp\/v2\/posts\/314466","targetHints":{"allow":["GET"]}}],"collection":[{"href":"https:\/\/www.europesays.com\/fr\/wp-json\/wp\/v2\/posts"}],"about":[{"href":"https:\/\/www.europesays.com\/fr\/wp-json\/wp\/v2\/types\/post"}],"author":[{"embeddable":true,"href":"https:\/\/www.europesays.com\/fr\/wp-json\/wp\/v2\/users\/2"}],"replies":[{"embeddable":true,"href":"https:\/\/www.europesays.com\/fr\/wp-json\/wp\/v2\/comments?post=314466"}],"version-history":[{"count":0,"href":"https:\/\/www.europesays.com\/fr\/wp-json\/wp\/v2\/posts\/314466\/revisions"}],"wp:featuredmedia":[{"embeddable":true,"href":"https:\/\/www.europesays.com\/fr\/wp-json\/wp\/v2\/media\/314467"}],"wp:attachment":[{"href":"https:\/\/www.europesays.com\/fr\/wp-json\/wp\/v2\/media?parent=314466"}],"wp:term":[{"taxonomy":"category","embeddable":true,"href":"https:\/\/www.europesays.com\/fr\/wp-json\/wp\/v2\/categories?post=314466"},{"taxonomy":"post_tag","embeddable":true,"href":"https:\/\/www.europesays.com\/fr\/wp-json\/wp\/v2\/tags?post=314466"}],"curies":[{"name":"wp","href":"https:\/\/api.w.org\/{rel}","templated":true}]}}