{"id":314470,"date":"2025-08-12T18:05:19","date_gmt":"2025-08-12T18:05:19","guid":{"rendered":"https:\/\/www.europesays.com\/fr\/314470\/"},"modified":"2025-08-12T18:05:19","modified_gmt":"2025-08-12T18:05:19","slug":"verifiez-dans-notre-liste-si-celui-de-votre-frigidaire-est-concerne","status":"publish","type":"post","link":"https:\/\/www.europesays.com\/fr\/314470\/","title":{"rendered":"v\u00e9rifiez dans notre liste si celui de votre frigidaire est concern\u00e9"},"content":{"rendered":"<p>            Par<br \/>\n        <strong><br \/>\n            <a href=\"https:\/\/actu.fr\/auteur\/alexandra-segond\" title=\"Consulter tous les articles de Alexandra Segond\" target=\"_blank\" rel=\"noopener\">Alexandra Segond<\/a><br \/>\n        <\/strong><\/p>\n<p>        Publi\u00e9 le<\/p>\n<p>            12 ao\u00fbt 2025 \u00e0 17h59        <\/p>\n<p>Il y a quelques jours \u00e0 peine, <a href=\"https:\/\/actu.fr\/economie\/listeria-camembert-coulommiers-buche-de-chevre-lidl-et-u-rappellent-des-fromages-partout-en-france_63019382.html\" target=\"_blank\" rel=\"noopener\">actu.fr se faisait l\u2019\u00e9cho d\u2019un rappel de plusieurs fromages<\/a> chez <a href=\"https:\/\/actu.fr\/tag\/lidl\" target=\"_blank\" rel=\"noopener\">Lidl<\/a> et les magasins Syst\u00e8me U. Ce retrait des rayons \u00e9tait d\u00fb \u00e0 <strong>la pr\u00e9sence suspect\u00e9e de la bact\u00e9rie Listeria monocytogenes.<\/strong><\/p>\n<p class=\" wall-content\">Ce mardi 12\u00a0ao\u00fbt 2025, la <a href=\"https:\/\/rappel.conso.gouv.fr\/\" target=\"_blank\" rel=\"noopener\">plateforme RappelConso<\/a> remet une pi\u00e8ce dans la machine, et pas des moindres. <strong>Camemberts, b\u00fbchettes de ch\u00e8vres, brie, gorgonzola, coulommiers<\/strong>\u2026 Des dizaines de r\u00e9f\u00e9rences de fromages ont \u00e9t\u00e9 ajout\u00e9es \u00e0 la liste des <a href=\"https:\/\/actu.fr\/tag\/rappel-de-produits\" target=\"_blank\" rel=\"noopener\">produits rappel\u00e9s<\/a>.<\/p>\n<p class=\" wall-content\">En plus de Lidl et U, plusieurs grandes enseignes sont d\u00e9sormais concern\u00e9es, parmi lesquelles <a href=\"https:\/\/actu.fr\/tag\/carrefour\" target=\"_blank\" rel=\"noopener\">Carrefour<\/a>, <a href=\"https:\/\/actu.fr\/tag\/leclerc\" target=\"_blank\" rel=\"noopener\">E. Leclerc<\/a>, <a href=\"https:\/\/actu.fr\/tag\/intermarche\" target=\"_blank\" rel=\"noopener\">Intermarch\u00e9<\/a> ou encore Grand Frais, <a href=\"https:\/\/actu.fr\/tag\/cora\" target=\"_blank\" rel=\"noopener\">Cora<\/a> et Aldi.<\/p>\n<p>Les d\u00e9tails de tous les fromages rappel\u00e9s<\/p>\n<p class=\" wall-content\">Au total, <strong>plus de 40 lots de fromages<\/strong> font l\u2019objet de ce rappel volontaire et national. Voici la liste d\u00e9taill\u00e9e (par type de produit et <a href=\"https:\/\/rappel.conso.gouv.fr\/categorie\/64#navigation\" target=\"_blank\" rel=\"noopener\">les fiches RappelConso associ\u00e9es<\/a>)\u2009:<\/p>\n<p class=\" wall-content\"><a href=\"https:\/\/rappel.conso.gouv.fr\/fiche-rappel\/19385\/Interne\" target=\"_blank\" rel=\"noopener\">Un camembert huit portions de la marque Vieux Porche<\/a>, vendus chez Carrefour, Leclerc et Norma.<\/p>\n<p class=\" wall-content\"><a href=\"https:\/\/rappel.conso.gouv.fr\/fiche-rappel\/19384\/Interne\" target=\"_blank\" rel=\"noopener\">Un camembert de 240 grammes de la marque P\u00e8re Alexandre<\/a>, vendu notamment chez Carrefour.<\/p>\n<p class=\" wall-content\"><a href=\"https:\/\/rappel.conso.gouv.fr\/fiche-rappel\/19352\/Interne\" target=\"_blank\" rel=\"noopener\">Un camembert huit portions de 240 grammes de la marque Le Chaignet<\/a>, vendu chez Norma.<\/p>\n<p class=\" wall-content\"><a href=\"https:\/\/rappel.conso.gouv.fr\/fiche-rappel\/19351\/Interne\" target=\"_blank\" rel=\"noopener\">Un camembert de 250 grammes 45\u2009% de mati\u00e8res grasses de la marque Le Chaignet<\/a>, vendu chez Norma.<\/p>\n<p>    <img   decoding=\"async\" loading=\"lazy\" src=\"https:\/\/www.europesays.com\/fr\/wp-content\/uploads\/2025\/08\/bff08d8052a66f3018d8052a6e7018v-960x640.jpg\" alt=\"La justice a d\u00e9savou\u00e9 les industriels sur la question de l\u2019\u00e9tiquetage de leurs camemberts fabriqu\u00e9s en Normandie, \u00ab\u2009de nature \u00e0 induire en erreur le consommateur\u2009\u00bb.\" width=\"960\" height=\"640\"\/><br \/>\n    Plusieurs lots de fromages font actuellement l\u2019objet d\u2019un rappel massif dans toute la France, parmi lesquels beaucoup de camemberts. (\u00a9Yulia Furman \/ Adoibe Stock)<\/p>\n<p class=\" wall-content\"><a href=\"https:\/\/rappel.conso.gouv.fr\/fiche-rappel\/19381\/Interne\" target=\"_blank\" rel=\"noopener\">Un camembert de 250 grammes de la marque Vieux Porche<\/a>, vendu en particulier dans les magasins E. Leclerc.<\/p>\n<p class=\" wall-content\"><a href=\"https:\/\/rappel.conso.gouv.fr\/fiche-rappel\/19331\/Interne\" target=\"_blank\" rel=\"noopener\">Un camembert de 250 grammes de la marque Le Paturon<\/a>, vendu chez Aldi.<\/p>\n<p class=\" wall-content\"><a href=\"https:\/\/rappel.conso.gouv.fr\/fiche-rappel\/19374\/Interne\" target=\"_blank\" rel=\"noopener\">Un camembert de 250 grammes de la marque Mariotte<\/a>, vendu chez E. Leclerc.<\/p>\n<p class=\" wall-content\"><a href=\"https:\/\/rappel.conso.gouv.fr\/fiche-rappel\/19373\/Interne\" target=\"_blank\" rel=\"noopener\">Un camembert de 250 grammes emball\u00e9 dans du papier<\/a>, produit par la fromagerie Chavegrand et vendu chez E. Leclerc.<\/p>\n<p class=\" wall-content\"><a href=\"https:\/\/rappel.conso.gouv.fr\/fiche-rappel\/19369\/Interne\" target=\"_blank\" rel=\"noopener\">Un camembert huit portions de 240 grammes de la marque Saveur d\u2019Antan<\/a>, vendu en particulier chez Auchan.<\/p>\n<p class=\" wall-content\"><a href=\"https:\/\/rappel.conso.gouv.fr\/fiche-rappel\/19368\/Interne\" target=\"_blank\" rel=\"noopener\">Un camembert \u00ab\u2009de caract\u00e8re\u2009\u00bb de 250 grammes de la marque Saveur d\u2019Antan<\/a>, vendu chez Auchan.<\/p>\n<p class=\" wall-content\"><a href=\"https:\/\/rappel.conso.gouv.fr\/fiche-rappel\/19360\/Interne\" target=\"_blank\" rel=\"noopener\">Un camembert de 250 grammes de la marque Vieux Porche<\/a>, vendu chez Syst\u00e8me U, Carrefour, Intermarch\u00e9 et Leclerc.<\/p>\n<p class=\" wall-content\"><a href=\"https:\/\/rappel.conso.gouv.fr\/fiche-rappel\/19353\/Interne\" target=\"_blank\" rel=\"noopener\">Un camembert de 250 grammes de la marque rep\u00e8re Netto<\/a>, vendu dans tous les magasins Intermarch\u00e9 et Netto de France.<\/p>\n<p class=\" wall-content\"><a href=\"https:\/\/rappel.conso.gouv.fr\/fiche-rappel\/19325\/Interne\" target=\"_blank\" rel=\"noopener\">Un camembert pasteuris\u00e9 21\u2009% de mati\u00e8res grasses de la marque distributeur U<\/a>, vendu dans l\u2019ensemble des magasins fran\u00e7ais de l\u2019enseigne.<\/p>\n<p class=\" wall-content\"><a href=\"https:\/\/rappel.conso.gouv.fr\/fiche-rappel\/19350\/Interne\" target=\"_blank\" rel=\"noopener\">Un coulommiers de 350 grammes de la marque Le Chaignet<\/a>, vendu chez Norma.<\/p>\n<p class=\" wall-content\"><a href=\"https:\/\/rappel.conso.gouv.fr\/fiche-rappel\/19333\/Interne\" target=\"_blank\" rel=\"noopener\">Un coulommiers de 350 grammes de la marque distributeur Carrefour<\/a>, vendu dans tous les magasins du groupe Carrefour.<\/p>\n<p class=\" wall-content\"><a href=\"https:\/\/rappel.conso.gouv.fr\/fiche-rappel\/19330\/Interne\" target=\"_blank\" rel=\"noopener\">Un coulommiers de 350 grammes de la marque Le Paturon<\/a>, vendu dans les magasins Aldi de France.<\/p>\n<p>    <img   decoding=\"async\" loading=\"lazy\" src=\"https:\/\/www.europesays.com\/fr\/wp-content\/uploads\/2025\/08\/adobestock-fromage-coulommiers-emballage-couteau-rappel-de-produit-produits-laitiers-sante-consommat.jpeg\" alt=\"Plusieurs fromages de type coulommiers sont mentionn\u00e9s par RappelConso ce mardi 12 ao\u00fbt 2025.\" width=\"960\" height=\"640\"\/><br \/>\n    Plusieurs fromages de type coulommiers sont mentionn\u00e9s par RappelConso ce mardi 12\u00a0ao\u00fbt 2025. (\u00a9Richard Villalon \/ AdobeStock)<\/p>\n<p class=\" wall-content\"><a href=\"https:\/\/rappel.conso.gouv.fr\/fiche-rappel\/19375\/Interne\" target=\"_blank\" rel=\"noopener\">Un coulommiers de 250 grammes de la marque Vieux Porche<\/a>, vendu notamment chez Intermarch\u00e9 et Leclerc.<\/p>\n<p class=\" wall-content\"><a href=\"https:\/\/rappel.conso.gouv.fr\/fiche-rappel\/19372\/Interne\" target=\"_blank\" rel=\"noopener\">Un coulommiers \u00ab\u2009Fromage Le Berger\u2009\u00bb de 350 grammes<\/a>, produit par la fromagerie Chavegrand et vendu chez Carrefour.<\/p>\n<p class=\" wall-content\"><a href=\"https:\/\/rappel.conso.gouv.fr\/fiche-rappel\/19371\/Interne\" target=\"_blank\" rel=\"noopener\">Un coulommiers de 320 grammes de la marque Saveur d\u2019Antan<\/a>, vendu chez Geimex (Leader Price).<\/p>\n<p class=\" wall-content\"><a href=\"https:\/\/rappel.conso.gouv.fr\/fiche-rappel\/19367\/Interne\" target=\"_blank\" rel=\"noopener\">Un coulommiers de 350 grammes de la marque Le Berger<\/a>, vendu dans tous les Carrefour de France.<\/p>\n<p class=\" wall-content\"><a href=\"https:\/\/rappel.conso.gouv.fr\/fiche-rappel\/19386\/Interne\" target=\"_blank\" rel=\"noopener\">Une b\u00fbche de 180 grammes de la marque La Belle du Bocage<\/a>, vendue chez Carrefour et Leclerc.<\/p>\n<p class=\" wall-content\"><a href=\"https:\/\/rappel.conso.gouv.fr\/fiche-rappel\/19334\/Interne\" target=\"_blank\" rel=\"noopener\">Une b\u00fbche de ch\u00e8vre de 180 grammes de la marque distributeur Carrefour<\/a>, vendue dans tous les magasins du groupe.<\/p>\n<p class=\" wall-content\"><a href=\"https:\/\/rappel.conso.gouv.fr\/fiche-rappel\/19380\/Interne\" target=\"_blank\" rel=\"noopener\">Une b\u00fbchette de ch\u00e8vre de la marque Vieux Porche<\/a>, vendue dans les magasins E. Leclerc.<\/p>\n<p class=\" wall-content\"><a href=\"https:\/\/rappel.conso.gouv.fr\/fiche-rappel\/19378\/Interne\" target=\"_blank\" rel=\"noopener\">Une b\u00fbche m\u00e9lange lait de ch\u00e8vre et lait de vache de 180 grammes de la marque Le Pont de Bois<\/a>, vendue dans tous les E. Leclerc de France.<\/p>\n<p>    <img   decoding=\"async\" loading=\"lazy\" src=\"https:\/\/www.europesays.com\/fr\/wp-content\/uploads\/2025\/08\/fromage-de-chevre-960x640.jpeg\" alt=\"Plusieurs fromages de ch\u00e8vre sont rappel\u00e9s dans la France enti\u00e8re.\" width=\"960\" height=\"640\"\/><br \/>\n    Plusieurs fromages de ch\u00e8vre sont aussi rappel\u00e9s dans la France enti\u00e8re. (\u00a9Illustration\/AdobeStock)<\/p>\n<p class=\" wall-content\"><a href=\"https:\/\/rappel.conso.gouv.fr\/fiche-rappel\/19363\/Interne\" target=\"_blank\" rel=\"noopener\">Une b\u00fbchette m\u00e9lange lait de ch\u00e8vre et lait de vache de la marque Le P\u2019tit Mix<\/a>, vendue en particulier chez E. Leclerc.<\/p>\n<p class=\" wall-content\"><a href=\"https:\/\/rappel.conso.gouv.fr\/fiche-rappel\/19347\/Interne\" target=\"_blank\" rel=\"noopener\">Une b\u00fbche de ch\u00e8vre propos\u00e9e \u00e0 la coupe<\/a> dans les rayons fromagerie des magasins Intermarch\u00e9, Carrefour, <a href=\"https:\/\/actu.fr\/tag\/cora\" target=\"_blank\" rel=\"noopener\">Cora<\/a> et <a href=\"https:\/\/actu.fr\/tag\/netto\" target=\"_blank\" rel=\"noopener\">Netto<\/a> de France, mais aussi dans les sup\u00e9rettes du r\u00e9seau de stations-service Avia.<\/p>\n<p class=\" wall-content\"><a href=\"https:\/\/rappel.conso.gouv.fr\/fiche-rappel\/19349\/Interne\" target=\"_blank\" rel=\"noopener\">Un fromage \u00ab\u2009Le carr\u00e9 de l\u2019Est\u2009\u00bb de 250 grammes de la marque Le Chaignet<\/a>, vendu chez Norma.<\/p>\n<p class=\" wall-content\"><a href=\"https:\/\/rappel.conso.gouv.fr\/fiche-rappel\/19366\/Interne\" target=\"_blank\" rel=\"noopener\">Un fromage \u00ab\u2009Carr\u00e9 Le Grignoteur\u2009\u00bb de 230 grammes<\/a>, produit par la fromagerie Chavegrand, vendu dans les magasins du Syst\u00e8me U, Intermarch\u00e9 et E. Leclerc.<\/p>\n<p class=\" wall-content\"><a href=\"https:\/\/rappel.conso.gouv.fr\/fiche-rappel\/19361\/Interne\" target=\"_blank\" rel=\"noopener\">Un brie d\u2019un kilo de la marque Mariotte<\/a>, vendu chez Auchan, Carrefour, U, Intermarch\u00e9 et E. Leclerc notamment.<\/p>\n<p class=\" wall-content\"><a href=\"https:\/\/rappel.conso.gouv.fr\/fiche-rappel\/19382\/Interne\" target=\"_blank\" rel=\"noopener\">Du gorgonzola AOP \u00e0 la cuill\u00e8re<\/a>, vendu au rayon fromagerie des magasins Fresh et Grand Frais, notamment.<\/p>\n<p class=\" wall-content\"><a href=\"https:\/\/rappel.conso.gouv.fr\/fiche-rappel\/19348\/Interne\" target=\"_blank\" rel=\"noopener\">Un fromage \u00ab\u2009L\u2019Angedoux\u2009\u00bb de 300 grammes de la marque Le Chaignet<\/a>, vendu chez Norma.<\/p>\n<ul class=\" wall-content\">\n<li><strong>Des fromages \u00e0 p\u00e2te molle<\/strong><\/li>\n<\/ul>\n<p class=\" wall-content\"><a href=\"https:\/\/rappel.conso.gouv.fr\/fiche-rappel\/19335\/Interne\" target=\"_blank\" rel=\"noopener\">Un fromage de vache \u00ab\u2009C\u0153ur complice\u2009\u00bb de la marque distributeur Carrefour<\/a>, vendu dans tous les magasins du groupe.<\/p>\n<p class=\" wall-content\"><a href=\"https:\/\/rappel.conso.gouv.fr\/fiche-rappel\/19329\/Interne\" target=\"_blank\" rel=\"noopener\">Un fromage ovale \u00e0 p\u00e2te molle \u00ab\u2009Le Petit Doux\u2009\u00bb de la marque Le Paturon<\/a>, vendu chez Aldi.<\/p>\n<p class=\" wall-content\"><a href=\"https:\/\/rappel.conso.gouv.fr\/fiche-rappel\/19332\/Interne\" target=\"_blank\" rel=\"noopener\">Un fromage double cr\u00e8me de la marque Simpl<\/a>, vendu dans tous les magasins de l\u2019enseigne Carrefour.<\/p>\n<p class=\" wall-content\"><a href=\"https:\/\/rappel.conso.gouv.fr\/fiche-rappel\/19379\/Interne\" target=\"_blank\" rel=\"noopener\">Un fromage rond de 230 grammes de la marque L\u2019Angevine<\/a>, vendu dans les magasins Syst\u00e8me U.<\/p>\n<p class=\" wall-content\"><a href=\"https:\/\/rappel.conso.gouv.fr\/fiche-rappel\/19377\/Interne\" target=\"_blank\" rel=\"noopener\">Un fromage \u00ab\u2009Le Lion un fromage royal\u2009\u00bb produit par la fromagerie Chavegrand<\/a>, vendu chez Carrefour.<\/p>\n<p class=\" wall-content\"><a href=\"https:\/\/rappel.conso.gouv.fr\/fiche-rappel\/19370\/Interne\" target=\"_blank\" rel=\"noopener\">Un fromage de 200 grammes de la marque Saveur d\u2019Antan<\/a>, vendu chez Auchan et Geimex (ex-Leader Price).<\/p>\n<p class=\" wall-content\"><a href=\"https:\/\/rappel.conso.gouv.fr\/fiche-rappel\/19362\/Interne\" target=\"_blank\" rel=\"noopener\">Un fromage de 200 grammes de la marque Le Petit Grignoteur<\/a>, produit par la fromagerie Chavegrand et vendu chez U, Leclerc et Intermarch\u00e9.<\/p>\n<p>Des fromages produits pour beaucoup dans la m\u00eame fromagerie<\/p>\n<p class=\" wall-content\">La plupart de ces produits proviennent du m\u00eame endroit\u2009: la fromagerie Chavegrand, situ\u00e9e dans la Creuse, <a href=\"https:\/\/chavegrand.com\/\" target=\"_blank\" rel=\"noopener\">indique le site de l\u2019entreprise<\/a>.<\/p>\n<p class=\" wall-content\">Contact\u00e9e par l\u2019AFP, la fromagerie explique que tous les produits rappel\u00e9s, en juin et en ao\u00fbt, ont \u00e9t\u00e9 produits sur une ancienne ligne de production. Celle-ci a \u00e9t\u00e9 ferm\u00e9e d\u00e9but juin et remplac\u00e9e par une nouvelle ligne, dans une extension du b\u00e2timent.<\/p>\n<p class=\" wall-content\">\u00ab\u2009Il y a eu un<strong> plan d\u2019analyse tr\u00e8s renforc\u00e9, avec plusieurs milliers d\u2019analyses<\/strong>, mais on n\u2019a pas trouv\u00e9 [de trace de listeria] dans la fromagerie. On n\u2019a pas encore d\u2019explication\u2009\u00bb, a indiqu\u00e9 Guillaume Albert, consultant pour la fromagerie Chavegrand.<\/p>\n<p>Un risque de contracter la list\u00e9riose<\/p>\n<p class=\" wall-content\">Si vous d\u00e9tenez l\u2019un des fromages list\u00e9s ci-dessus, arr\u00eatez de le consommer sur-le-champ. Jetez-le ou, si vous ne l\u2019avez pas entam\u00e9, rapportez-le en point de vente afin d\u2019obtenir un <strong>remboursement<\/strong>.<\/p>\n<p class=\" wall-content\">Les personnes ayant consomm\u00e9 ces fromages \u00ab\u2009et qui pr\u00e9senteraient de la fi\u00e8vre, isol\u00e9e ou accompagn\u00e9e de maux de t\u00eate, et des courbatures, sont invit\u00e9es \u00e0 consulter leur m\u00e9decin traitant en lui signalant cette consommation\u2009\u00bb, pr\u00e9vient le site RappelConso. En effet, ce pourrait \u00eatre <a href=\"https:\/\/actu.fr\/societe\/listeriose-quels-sont-les-symptomes-de-cette-maladie-transmise-par-la-listeria_60658798.html\" target=\"_blank\" rel=\"noopener\">les sympt\u00f4mes<\/a> de la <strong>list\u00e9riose<\/strong>.<\/p>\n<p class=\" wall-content\">Cette maladie, <a href=\"https:\/\/actu.fr\/societe\/c-est-quoi-la-listeria-cette-bacterie-qui-contamine-les-aliments_56069225.html\" target=\"_blank\" rel=\"noopener\">provoqu\u00e9e par la bact\u00e9rie Listeria monocytogenes<\/a>, est la seconde cause de mortalit\u00e9 par intoxication alimentaire avec quelques dizaines de d\u00e9c\u00e8s par an en France. Elle peut s\u2019av\u00e9rer difficile \u00e0 anticiper, <strong>le d\u00e9lai d\u2019incubation allant jusqu\u2019\u00e0 huit semaines<\/strong>.<\/p>\n<p class=\" wall-content\">\u00ab\u2009Le probl\u00e8me pour les <a href=\"https:\/\/actu.fr\/tag\/consommation\" target=\"_blank\" rel=\"noopener\">consommateurs<\/a> est que, comme d\u2019habitude, ces rappels surviennent quand le mal est fait\u2009\u00bb, d\u00e9plore l\u2019association Foodwatch <a href=\"https:\/\/www.foodwatch.org\/fr\/communiques-de-presse\/2025\/rappels-massifs-de-fromage-a-la-listeria-un-scandale-sanitaire-pourtant-evitable-denonce-foodwatch\" target=\"_blank\" rel=\"noopener\">dans un communiqu\u00e9<\/a> publi\u00e9 ce mardi 12\u00a0ao\u00fbt 2025.<\/p>\n<p>La fromagerie \u00e9pingl\u00e9e avait d\u00e9j\u00e0 \u00e9mis un rappel en juin<\/p>\n<p class=\" wall-content\">L\u2019association d\u00e9nonce le fait que <strong>la fromagerie aurait \u00ab\u2009d\u00fb prendre les mesures d\u2019hygi\u00e8ne qui s\u2019imposent<\/strong> et s\u2019assurer qu\u2019elle ne commercialisait pas de produits qui exposent les consommateurs \u00e0 un danger pour <a href=\"https:\/\/actu.fr\/tag\/sante\" target=\"_blank\" rel=\"noopener\">leur sant\u00e9<\/a>\u2009\u00bb, apr\u00e8s avoir d\u00e9j\u00e0 fait l\u2019objet d\u2019un rappel similaire en juin.<\/p>\n<blockquote class=\"ac-article-quote wall-content\">\n<p>La loi interdit de commercialiser des produits qui exposent les consommateurs \u00e0 un danger pour la sant\u00e9. Or, cette entreprise avait d\u00e9j\u00e0 rappel\u00e9 en juin dernier des fromages pour le m\u00eame souci de listeria.<\/p>\n<p>    <strong>Foodwatch<\/strong>\n            <\/p><\/blockquote>\n<p class=\" wall-content\">Foodwatch s\u2019interroge aussi sur le r\u00f4le des autorit\u00e9s de contr\u00f4le. \u00ab\u2009Qu\u2019ont-elles fait entre juin et ao\u00fbt\u2009?\u2009\u00bb, questionne-t-elle dans son communiqu\u00e9.<\/p>\n<p class=\" wall-content\">Avec AFP.<\/p>\n<p class=\" wall-content\">Suivez toute l\u2019actualit\u00e9 de vos villes et m\u00e9dias favoris en vous inscrivant \u00e0 <a href=\"https:\/\/moncompte.actu.fr\" title=\"D\u00e9couvez Mon Actu\" rel=\"nofollow noopener\" data-trk=\"{&quot;cta&quot;:{&quot;action&quot;:&quot;https:\\\/\\\/moncompte.actu.fr&quot;,&quot;category&quot;:&quot;mon compte&quot;,&quot;from&quot;:&quot;article footer&quot;,&quot;name&quot;:&quot;Mon actu&quot;,&quot;type&quot;:&quot;cta&quot;}}\" target=\"_blank\">Mon Actu<\/a>.<\/p>\n","protected":false},"excerpt":{"rendered":"Par Alexandra Segond Publi\u00e9 le 12 ao\u00fbt 2025 \u00e0 17h59 Il y a quelques jours \u00e0 peine, actu.fr&hellip;\n","protected":false},"author":2,"featured_media":314471,"comment_status":"","ping_status":"","sticky":false,"template":"","format":"standard","meta":{"footnotes":""},"categories":[2],"tags":[11,258,33,1011,27,12,1720,25,71],"class_list":{"0":"post-314470","1":"post","2":"type-post","3":"status-publish","4":"format-standard","5":"has-post-thumbnail","7":"category-actualites","8":"tag-actualites","9":"tag-alimentation","10":"tag-economie","11":"tag-fr","12":"tag-france","13":"tag-news","14":"tag-rappel-de-produits","15":"tag-republique-francaise","16":"tag-sante"},"share_on_mastodon":{"url":"https:\/\/pubeurope.com\/@fr\/115017123692480599","error":""},"_links":{"self":[{"href":"https:\/\/www.europesays.com\/fr\/wp-json\/wp\/v2\/posts\/314470","targetHints":{"allow":["GET"]}}],"collection":[{"href":"https:\/\/www.europesays.com\/fr\/wp-json\/wp\/v2\/posts"}],"about":[{"href":"https:\/\/www.europesays.com\/fr\/wp-json\/wp\/v2\/types\/post"}],"author":[{"embeddable":true,"href":"https:\/\/www.europesays.com\/fr\/wp-json\/wp\/v2\/users\/2"}],"replies":[{"embeddable":true,"href":"https:\/\/www.europesays.com\/fr\/wp-json\/wp\/v2\/comments?post=314470"}],"version-history":[{"count":0,"href":"https:\/\/www.europesays.com\/fr\/wp-json\/wp\/v2\/posts\/314470\/revisions"}],"wp:featuredmedia":[{"embeddable":true,"href":"https:\/\/www.europesays.com\/fr\/wp-json\/wp\/v2\/media\/314471"}],"wp:attachment":[{"href":"https:\/\/www.europesays.com\/fr\/wp-json\/wp\/v2\/media?parent=314470"}],"wp:term":[{"taxonomy":"category","embeddable":true,"href":"https:\/\/www.europesays.com\/fr\/wp-json\/wp\/v2\/categories?post=314470"},{"taxonomy":"post_tag","embeddable":true,"href":"https:\/\/www.europesays.com\/fr\/wp-json\/wp\/v2\/tags?post=314470"}],"curies":[{"name":"wp","href":"https:\/\/api.w.org\/{rel}","templated":true}]}}