{"id":314476,"date":"2025-08-12T18:10:17","date_gmt":"2025-08-12T18:10:17","guid":{"rendered":"https:\/\/www.europesays.com\/fr\/314476\/"},"modified":"2025-08-12T18:10:17","modified_gmt":"2025-08-12T18:10:17","slug":"lex-reine-du-tennis-feminin-monica-seles-souffre-dune-maladie-rare-affectant-la-vue-et-les-muscles","status":"publish","type":"post","link":"https:\/\/www.europesays.com\/fr\/314476\/","title":{"rendered":"L\u2019ex-reine du tennis f\u00e9minin Monica Seles souffre d\u2019une maladie rare affectant la vue et les muscles"},"content":{"rendered":"<p>L\u2019ex-championne aux neuf titres du Grand Chelem dans les ann\u00e9es 90 combat depuis trois ans une maladie auto-immune neuromusculaire \u00e0 l\u2019\u00e9volution difficilement pr\u00e9visible.<\/p>\n<p class=\"fig-paragraph\">Monica Seles, l\u2019ex-reine du tennis f\u00e9minin dans les ann\u00e9es 90 avec 53 titres dont 9 en Grand Chelem, a r\u00e9v\u00e9l\u00e9 ce mardi \u00e0 l\u2019Associated Press souffrir de myasth\u00e9nie grave, une maladie auto-immune neuromusculaire qu\u2019elle combat depuis trois ans. Elle a souhait\u00e9 r\u00e9v\u00e9ler l\u2019existence de cette maladie avant l\u2019US Open afin de sensibiliser le grand public sur les impacts sur la sant\u00e9 et la recherche.<\/p>\n<p class=\"fig-paragraph\">Les premiers sympt\u00f4mes sont apparus alors qu\u2019elle jouait au tennis avec des enfants ou des proches. \u00abJe ratais des balles. Je me disais\u00a0: \u00ab\u00a0Je vois deux balles. Il y a de toute \u00e9vidence des sympt\u00f4mes que tu ne peux ignorer\u00a0\u00bb, Et, pour moi, c\u2019est \u00e0 ce moment que ma qu\u00eate a commenc\u00e9. \u00c7a m\u2019a pris beaucoup de temps pour l\u2019accepter, pour en discuter publiquement, parce que c\u2019est difficile. \u00c7a m\u2019affecte au quotidien\u00bb, a expliqu\u00e9 l\u2019ex-Yougoslave nationalis\u00e9e am\u00e9ricaine depuis 1994.<\/p>\n<blockquote class=\"fig-quote&#10;    \">\n<p class=\"fig-quote__text\">S\u00e9cher mes cheveux avec un s\u00e9choir \u00e9tait devenu tr\u00e8s difficile<\/p>\n<p>            Monica Seles\n    <\/p><\/blockquote>\n<p>                                    <a class=\"fig-a11y-skip a11y-hidden\" href=\"#fig-a11y-skip-main-inarticle\"><br \/>\n        Passer la publicit\u00e9<br \/>\n    <\/a><\/p>\n<p class=\"fig-paragraph\">\u00c2g\u00e9e de 51 ans et \u00e0 la retraite depuis 2003, Seles souffre r\u00e9guli\u00e8rement de sympt\u00f4mes affectant la vision mais aussi les muscles des bras et des jambes. \u00abS\u00e9cher mes cheveux avec un s\u00e9choir \u00e9tait devenu tr\u00e8s difficile\u00bb, a-t-elle avou\u00e9.<\/p>\n<p class=\"fig-paragraph\">\u00abLa myasth\u00e9nie auto-immune peut d\u00e9buter chez le nourrisson comme chez la personne \u00e2g\u00e9e. N\u00e9anmoins, elle commence \u00e0 l\u2019\u00e2ge adulte et avant 40 ans dans six cas sur dix. Elle se caract\u00e9rise par une faiblesse musculaire qui s\u2019aggrave avec l\u2019effort mais qui s\u2019am\u00e9liore au repos. Ce manque de force est souvent plus important en fin de journ\u00e9e\u00bb, peut-on lire sur le site de l\u2019AFM T\u00e9l\u00e9thon.<\/p>\n<p>Une maladie \u00e0 l\u2019\u00e9volution difficilement pr\u00e9visible<\/p>\n<p class=\"fig-paragraph\">Dans la moiti\u00e9 des cas, les premiers troubles concernent les yeux avant de toucher d\u2019autres muscles. Toutefois, l\u2019\u00e9volution de la maladie est tr\u00e8s difficile \u00e0 pr\u00e9voir, et tr\u00e8s variable selon les personnes. Des phases d\u2019aggravation et d\u2019am\u00e9liorations peuvent se succ\u00e9der mais \u00ablors des pouss\u00e9es, la maladie peut s\u2019aggraver s\u00e9v\u00e8rement et engager le pronostic vital\u00bb, <a href=\"https:\/\/www.afm-telethon.fr\/fr\/fiches-maladies\/myasthenie-auto-immune\" target=\"_blank\" rel=\"sponsored noopener\" data-gtm-custom-categorie=\"navigation\" data-gtm-custom-action=\"crossclick\" data-gtm-custom-label=\"Contextuel\" data-gtm-event=\"customEventSPE\">pr\u00e9cise le site consacr\u00e9 aux maladies g\u00e9n\u00e9tiques<\/a>.<\/p>\n","protected":false},"excerpt":{"rendered":"L\u2019ex-championne aux neuf titres du Grand Chelem dans les ann\u00e9es 90 combat depuis trois ans une maladie auto-immune&hellip;\n","protected":false},"author":2,"featured_media":314477,"comment_status":"","ping_status":"","sticky":false,"template":"","format":"standard","meta":{"footnotes":""},"categories":[1415],"tags":[47,4169,525,1981,4178,4179,1011,27,1114,3996,4177,4176,4174,4175,1980,4171,60,1467,4172,4173,4170],"class_list":{"0":"post-314476","1":"post","2":"type-post","3":"status-publish","4":"format-standard","5":"has-post-thumbnail","7":"category-tennis","8":"tag-actualite","9":"tag-atp","10":"tag-calendrier","11":"tag-classement","12":"tag-coupe-davis","13":"tag-fed-cup","14":"tag-fr","15":"tag-france","16":"tag-infos","17":"tag-jeux-olympiques","18":"tag-masters-1000","19":"tag-masters-500","20":"tag-masters-series","21":"tag-open-daustralie","22":"tag-resultats","23":"tag-roland-garros","24":"tag-sports","25":"tag-tennis","26":"tag-us-open","27":"tag-wimbledon","28":"tag-wta"},"share_on_mastodon":{"url":"https:\/\/pubeurope.com\/@fr\/115017142931088353","error":""},"_links":{"self":[{"href":"https:\/\/www.europesays.com\/fr\/wp-json\/wp\/v2\/posts\/314476","targetHints":{"allow":["GET"]}}],"collection":[{"href":"https:\/\/www.europesays.com\/fr\/wp-json\/wp\/v2\/posts"}],"about":[{"href":"https:\/\/www.europesays.com\/fr\/wp-json\/wp\/v2\/types\/post"}],"author":[{"embeddable":true,"href":"https:\/\/www.europesays.com\/fr\/wp-json\/wp\/v2\/users\/2"}],"replies":[{"embeddable":true,"href":"https:\/\/www.europesays.com\/fr\/wp-json\/wp\/v2\/comments?post=314476"}],"version-history":[{"count":0,"href":"https:\/\/www.europesays.com\/fr\/wp-json\/wp\/v2\/posts\/314476\/revisions"}],"wp:featuredmedia":[{"embeddable":true,"href":"https:\/\/www.europesays.com\/fr\/wp-json\/wp\/v2\/media\/314477"}],"wp:attachment":[{"href":"https:\/\/www.europesays.com\/fr\/wp-json\/wp\/v2\/media?parent=314476"}],"wp:term":[{"taxonomy":"category","embeddable":true,"href":"https:\/\/www.europesays.com\/fr\/wp-json\/wp\/v2\/categories?post=314476"},{"taxonomy":"post_tag","embeddable":true,"href":"https:\/\/www.europesays.com\/fr\/wp-json\/wp\/v2\/tags?post=314476"}],"curies":[{"name":"wp","href":"https:\/\/api.w.org\/{rel}","templated":true}]}}