{"id":314498,"date":"2025-08-12T18:22:13","date_gmt":"2025-08-12T18:22:13","guid":{"rendered":"https:\/\/www.europesays.com\/fr\/314498\/"},"modified":"2025-08-12T18:22:13","modified_gmt":"2025-08-12T18:22:13","slug":"un-cas-de-dengue-importe-detecte-a-chatellerault","status":"publish","type":"post","link":"https:\/\/www.europesays.com\/fr\/314498\/","title":{"rendered":"un cas de dengue import\u00e9 d\u00e9tect\u00e9 \u00e0 Ch\u00e2tellerault"},"content":{"rendered":"<p>Mardi 12\u00a0ao\u00fbt 2025, la Ville de <a target=\"_self\" href=\"https:\/\/www.lanouvellerepublique.fr\/chatellerault\" rel=\"noopener\">Ch\u00e2tellerault<\/a> informe dans un communiqu\u00e9 qu&rsquo;\u00ab\u00a0une personne ayant s\u00e9journ\u00e9 dans le quartier de Ch\u00e2teauneuf a \u00e9t\u00e9 diagnostiqu\u00e9e avec la dengue, une maladie transmise par le moustique tigre\u00a0\u00bb. Selon nos informations, il s\u2019agit d\u2019un cas import\u00e9\u00a0: la personne aurait contract\u00e9 le virus lors d\u2019un s\u00e9jour en zone tropicale.<\/p>\n<p>\u00ab\u00a0L\u2019Agence r\u00e9gionale de sant\u00e9 Nouvelle-Aquitaine a demand\u00e9, ce jour, une v\u00e9rification sur place pour savoir si ce moustique est pr\u00e9sent dans le secteur\u00a0\u00bb, pr\u00e9cise la collectivit\u00e9.<\/p>\n<p>Op\u00e9ration de d\u00e9moustication \u00e0 venir\u00a0?<\/p>\n<p>Si la pr\u00e9sence du moustique tigre est confirm\u00e9e, un \u00ab\u00a0traitement pr\u00e9ventif\u00a0\u00bb \u2013 autrement dit une op\u00e9ration de d\u00e9moustication\u00a0\u2013 sera \u00ab\u00a0prochainement r\u00e9alis\u00e9 de nuit, dans un p\u00e9rim\u00e8tre de 150 m\u00e8tres autour du lieu fr\u00e9quent\u00e9 par la personne\u00a0\u00bb, ajoute la Ville. \u00ab\u00a0Ce traitement, sans danger pour les habitants, permet de r\u00e9duire le nombre de moustiques tigres adultes afin d\u2019\u00e9viter tout risque de transmission locale.\u00a0\u00bb<\/p>\n<p>L\u2019ARS confirme les informations dans un communiqu\u00e9. \u00ab\u00a0Une enqu\u00eate entomologique va \u00eatre men\u00e9e ce jour \u00e0 Ch\u00e2tellerault pour confirmer ou non la pr\u00e9sence du moustique tigre dans le quartier. Elle peut \u00eatre r\u00e9alis\u00e9e sur le domaine public mais aussi en porte \u00e0 porte. [\u2026] En cas d\u2019enqu\u00eate positive, un traitement de lutte antivectorielle aura lieu pour \u00e9viter tout risque de transmission autochtone \u00e0 d\u2019autres personnes.\u00a0\u00bb<\/p>\n<p>698 cas import\u00e9s de dengue depuis trois mois en France<\/p>\n<p>Selon le site <a target=\"_blank\" href=\"https:\/\/www.santepubliquefrance.fr\/maladies-et-traumatismes\/maladies-a-transmission-vectorielle\/chikungunya\/documents\/bulletin-national\/chikungunya-dengue-et-zika-en-france-hexagonale.-bulletin-de-la-surveillance-renforcee-du-6-aout-2025\" rel=\"noopener\">santepubliquefrance.fr<\/a>, depuis le 1er\u00a0mai 2025, d\u00e9but de la surveillance renforc\u00e9e, jusqu\u2019au 5\u00a0ao\u00fbt, ont \u00e9t\u00e9 identifi\u00e9s en France hexagonale\u00a0: 892 cas import\u00e9s de chikungunya, 698 cas import\u00e9s de dengue, 3 cas import\u00e9s de zika. En 2025, 21 \u00e9pisodes de transmission autochtone d\u2019arbovirus ont \u00e9t\u00e9 identifi\u00e9s dans le m\u00eame p\u00e9rim\u00e8tre.<\/p>\n","protected":false},"excerpt":{"rendered":"Mardi 12\u00a0ao\u00fbt 2025, la Ville de Ch\u00e2tellerault informe dans un communiqu\u00e9 qu&rsquo;\u00ab\u00a0une personne ayant s\u00e9journ\u00e9 dans le quartier&hellip;\n","protected":false},"author":2,"featured_media":314499,"comment_status":"","ping_status":"","sticky":false,"template":"","format":"standard","meta":{"footnotes":""},"categories":[10],"tags":[1392,19489,436,1011,27,72,71],"class_list":{"0":"post-314498","1":"post","2":"type-post","3":"status-publish","4":"format-standard","5":"has-post-thumbnail","7":"category-sante","8":"tag-a-la-une-local","9":"tag-chatellerault","10":"tag-environnement","11":"tag-fr","12":"tag-france","13":"tag-health","14":"tag-sante"},"share_on_mastodon":{"url":"https:\/\/pubeurope.com\/@fr\/115017190579114084","error":""},"_links":{"self":[{"href":"https:\/\/www.europesays.com\/fr\/wp-json\/wp\/v2\/posts\/314498","targetHints":{"allow":["GET"]}}],"collection":[{"href":"https:\/\/www.europesays.com\/fr\/wp-json\/wp\/v2\/posts"}],"about":[{"href":"https:\/\/www.europesays.com\/fr\/wp-json\/wp\/v2\/types\/post"}],"author":[{"embeddable":true,"href":"https:\/\/www.europesays.com\/fr\/wp-json\/wp\/v2\/users\/2"}],"replies":[{"embeddable":true,"href":"https:\/\/www.europesays.com\/fr\/wp-json\/wp\/v2\/comments?post=314498"}],"version-history":[{"count":0,"href":"https:\/\/www.europesays.com\/fr\/wp-json\/wp\/v2\/posts\/314498\/revisions"}],"wp:featuredmedia":[{"embeddable":true,"href":"https:\/\/www.europesays.com\/fr\/wp-json\/wp\/v2\/media\/314499"}],"wp:attachment":[{"href":"https:\/\/www.europesays.com\/fr\/wp-json\/wp\/v2\/media?parent=314498"}],"wp:term":[{"taxonomy":"category","embeddable":true,"href":"https:\/\/www.europesays.com\/fr\/wp-json\/wp\/v2\/categories?post=314498"},{"taxonomy":"post_tag","embeddable":true,"href":"https:\/\/www.europesays.com\/fr\/wp-json\/wp\/v2\/tags?post=314498"}],"curies":[{"name":"wp","href":"https:\/\/api.w.org\/{rel}","templated":true}]}}