{"id":314513,"date":"2025-08-12T18:30:35","date_gmt":"2025-08-12T18:30:35","guid":{"rendered":"https:\/\/www.europesays.com\/fr\/314513\/"},"modified":"2025-08-12T18:30:35","modified_gmt":"2025-08-12T18:30:35","slug":"saint-etienne-on-connait-les-raisons-de-laffaissement-de-la-chaussee-sur-la-rn488-2","status":"publish","type":"post","link":"https:\/\/www.europesays.com\/fr\/314513\/","title":{"rendered":"Saint-\u00c9tienne : on conna\u00eet les raisons de l&rsquo;affaissement de la chauss\u00e9e sur la RN488"},"content":{"rendered":"<p>Une expertise a permis de d\u00e9terminer les raisons de l&rsquo;affaissement de la chauss\u00e9e sur la RN488 \u00e0 Saint-\u00c9tienne, en direction de Clermont-Ferrand. Des sondages vont \u00eatre r\u00e9alis\u00e9s, et des fermetures nocturnes sont \u00e0 pr\u00e9voir dans les prochains jours.<\/p>\n<p>On en sait plus sur l&rsquo;affaissement partiel de la chauss\u00e9e, <a class=\"url\" href=\"https:\/\/www.radioscoop.com\/infos.php?id=334492&amp;z=search\" target=\"_blank\" rel=\"noopener\">survenu sur la <b>RN488<\/b> \u00e0 <b>Saint-\u00c9tienne<\/b>, en direction de <b>Clermont-Ferrand<\/b>, le jeudi 31 juillet.\u00a0<\/a><\/p>\n<p>Une expertise men\u00e9e par les services de l&rsquo;\u00c9tat a permis de d\u00e9terminer que cet affaissement serait caus\u00e9 par \u00ab\u00a0un tassement du remblai d&rsquo;un ancien puits de mine de charbon faisant 211 m de profondeur.\u00a0\u00bb<\/p>\n<p>Des fermetures \u00e0 pr\u00e9voir pour sonder les sous-sols de la RN488<\/p>\n<p>Le tron\u00e7on concern\u00e9 est neutralis\u00e9 depuis la nuit du 31 juillet au 1er ao\u00fbt, et jusqu&rsquo;au 30 septembre au plus t\u00f4t.\u00a0<\/p>\n<p>Par ailleurs, des sondages vont \u00eatre r\u00e9alis\u00e9s entre le 18 et le 22 ao\u00fbt, pour \u00ab\u00a0conna\u00eetre l&rsquo;\u00e9tendue du ph\u00e9nom\u00e8ne et pouvoir d\u00e9finir des solutions de r\u00e9paration\u00a0\u00bb.\u00a0<\/p>\n<p>Cons\u00e9quence :<b> le tron\u00e7on sera ferm\u00e9 les nuits du 18 au 19 ao\u00fbt et du 21 au 22 ao\u00fbt 2025 entre 20h30 et 5h30<\/b>. Une d\u00e9viation sera mise en place.<\/p>\n<p>En fonction de l&rsquo;\u00e9volution de la situation et des op\u00e9rations de travaux n\u00e9cessaires, <b>d&rsquo;autres p\u00e9riodes de fermeture pourront \u00eatre indispensables.<\/b><br \/><b><br \/><\/b><br \/><b><img loading=\"lazy\" decoding=\"async\" src=\"https:\/\/www.europesays.com\/fr\/wp-content\/uploads\/2025\/08\/1755023435_548_img\" width=\"350\" height=\"200\" border=\"0\" title=\"Alban Pellegrin est venu nous parler de son projet \" je=\"\" cours=\"\" chez=\"\" vous.=\"\"\/><\/p>\n<p>\u25baInterview<\/p>\n<p style=\"font-size: 22px;\"><b>Alban Pellegrin, Koh-Lanta 2015 et 2018, va faire 72 marathons en 72 jours<\/b><\/p>\n<p>Ancien candidat de Koh-Lanta en 2015 et 2018, Alban&#8230;<\/p>\n<p><\/b><\/p>\n<p><\/p>\n","protected":false},"excerpt":{"rendered":"Une expertise a permis de d\u00e9terminer les raisons de l&rsquo;affaissement de la chauss\u00e9e sur la RN488 \u00e0 Saint-\u00c9tienne,&hellip;\n","protected":false},"author":2,"featured_media":289068,"comment_status":"","ping_status":"","sticky":false,"template":"","format":"standard","meta":{"footnotes":""},"categories":[9653],"tags":[1111,11,21863,2430,45233,9050,45234,1777,674,1011,27,12,25,18118,4001,1097],"class_list":{"0":"post-314513","1":"post","2":"type-post","3":"status-publish","4":"format-standard","5":"has-post-thumbnail","7":"category-saint-etienne","8":"tag-actu","9":"tag-actualites","10":"tag-affaissement","11":"tag-auvergne-rhone-alpes","12":"tag-chausse","13":"tag-clermont-ferrand","14":"tag-dviation","15":"tag-eu","16":"tag-europe","17":"tag-fr","18":"tag-france","19":"tag-news","20":"tag-republique-francaise","21":"tag-rn488","22":"tag-saint-etienne","23":"tag-trafic"},"share_on_mastodon":{"url":"https:\/\/pubeurope.com\/@fr\/115017221942916745","error":""},"_links":{"self":[{"href":"https:\/\/www.europesays.com\/fr\/wp-json\/wp\/v2\/posts\/314513","targetHints":{"allow":["GET"]}}],"collection":[{"href":"https:\/\/www.europesays.com\/fr\/wp-json\/wp\/v2\/posts"}],"about":[{"href":"https:\/\/www.europesays.com\/fr\/wp-json\/wp\/v2\/types\/post"}],"author":[{"embeddable":true,"href":"https:\/\/www.europesays.com\/fr\/wp-json\/wp\/v2\/users\/2"}],"replies":[{"embeddable":true,"href":"https:\/\/www.europesays.com\/fr\/wp-json\/wp\/v2\/comments?post=314513"}],"version-history":[{"count":0,"href":"https:\/\/www.europesays.com\/fr\/wp-json\/wp\/v2\/posts\/314513\/revisions"}],"wp:featuredmedia":[{"embeddable":true,"href":"https:\/\/www.europesays.com\/fr\/wp-json\/wp\/v2\/media\/289068"}],"wp:attachment":[{"href":"https:\/\/www.europesays.com\/fr\/wp-json\/wp\/v2\/media?parent=314513"}],"wp:term":[{"taxonomy":"category","embeddable":true,"href":"https:\/\/www.europesays.com\/fr\/wp-json\/wp\/v2\/categories?post=314513"},{"taxonomy":"post_tag","embeddable":true,"href":"https:\/\/www.europesays.com\/fr\/wp-json\/wp\/v2\/tags?post=314513"}],"curies":[{"name":"wp","href":"https:\/\/api.w.org\/{rel}","templated":true}]}}