{"id":314526,"date":"2025-08-12T18:38:11","date_gmt":"2025-08-12T18:38:11","guid":{"rendered":"https:\/\/www.europesays.com\/fr\/314526\/"},"modified":"2025-08-12T18:38:11","modified_gmt":"2025-08-12T18:38:11","slug":"dynamite-mma-en-quete-de-partenaires-pour-la-prochaine-soiree","status":"publish","type":"post","link":"https:\/\/www.europesays.com\/fr\/314526\/","title":{"rendered":"Dynamite MMA en qu\u00eate de partenaires pour la prochaine soir\u00e9e"},"content":{"rendered":"<p>            Par<br \/>\n        <strong><br \/>\n            <a href=\"https:\/\/actu.fr\/auteur\/metropoop\" title=\"Consulter tous les articles de R\u00e9daction M\u00e9tropolitain\" target=\"_blank\" rel=\"noopener\">R\u00e9daction M\u00e9tropolitain<\/a><br \/>\n        <\/strong><\/p>\n<p>        Publi\u00e9 le<\/p>\n<p>            12 ao\u00fbt 2025 \u00e0 20h01<br \/>\n        ; mis \u00e0 jour le 12 ao\u00fbt 2025 \u00e0 20h08    <\/p>\n<p>Une exp\u00e9rience unique est \u00e0 (re)vivre gr\u00e2ce \u00e0 <strong>Dynamite MMA<\/strong>, \u00e0\u00a0la <strong>Sud de France Arena<\/strong> de Montpellier, dans la commune de <strong>P\u00e9rols<\/strong>, le <strong>samedi 8 Novembre<\/strong> 2025 : plus de onze combats de <strong>MMA<\/strong> seront propos\u00e9s sur l\u2019octogone.\u00a0<\/p>\n<p class=\" wall-content\">Les organisateurs sont en qu\u00eate de <strong>partenaires<\/strong>, des chefs d\u2019entreprise et autres qui souhaitent faire vivre cette soir\u00e9e inoubliable \u00e0 leurs collaborateurs et \u00e0 leurs clients. La <strong>zone VIP<\/strong> sera fort bien plac\u00e9e, puisqu\u2019elle sera situ\u00e9e carr\u00e9ment au bord de l\u2019octogone.<\/p>\n<p>    <a href=\"https:\/\/www.google.com\/maps\/embed?pb=!1m18!1m12!1m3!1d6139.145526254544!2d3.9484448386927453!3d43.57312251263553!2m3!1f0!2f0!3f0!3m2!1i1024!2i768!4f13.1!3m3!1m2!1s0x12b6a4d5fc7a3bf7%3A0x7409bb29f43e093a!2sSud%20de%20France%20Arena!5e0!3m2!1sfr!2sfr!4v1755013327229!5m2!1sfr!2sfr\" title=\"Ouvrie le lien\" target=\"_blank\" rel=\"noopener\">Cliquez ici pour visualiser le contenu<\/a><\/p>\n<p class=\" wall-content\">\u00ab Gagnez en visibilit\u00e9 gr\u00e2ce \u00e0 nos packs partenaires et vivez plus de onze combats professionnels de MMA internationaux\u00a0\u00bb, pr\u00e9cisent les organisateurs. Et le vendredi 7 novembre, la veille des combats donc, les VIP seront invit\u00e9s \u00e0 la pes\u00e9e -face to face- au Pasino de La Grande-Motte.<\/p>\n<p>Prestations et tarifs\u00a0<\/p>\n<p class=\" wall-content\">Quelles sont les prestations propos\u00e9es pour le 8 novembre pour l\u2019\u00e9v\u00e8nement \u00e0 l\u2019Arena ? Table pour huit personnes avec restauration comprenant entr\u00e9e, plat, fromage, dessert et boissons : eau, vin, champagne et bi\u00e8re. En fin de spectacle, r\u00e9ception \u00e0 la salle de l\u2019Arena au 1er \u00e9tage pour tous les VIP.\u00a0<\/p>\n<p>Vid\u00e9os : en ce moment sur Actu<\/p>\n<p class=\" wall-content\">Et quels sont les tarifs : des tables VIP Classique \u00e0 partir de 2 500\u20ac HT.<\/p>\n<p class=\" wall-content\">Pour les tables VIP avec visibilit\u00e9 \u00e0 partir de 3 000\u20ac HT : publicit\u00e9 au Pasino de La Grande-Motte et \u00e0 l\u2019Arena sur les \u00e9crans g\u00e9ants, sur les r\u00e9seaux sociaux et sur les affiches. Comme disent les organisateurs, ces combats de MMA seront de la dynamite !\u00a0<\/p>\n<p>&gt; Toutes les infos sont ici\u00a0<a href=\"https:\/\/dynamite-mma.com\" target=\"_blank\" rel=\"noopener\">https:\/\/dynamite-mma.com<\/a><\/p>\n<p class=\" wall-content\">Suivez toute l\u2019actualit\u00e9 de vos villes et m\u00e9dias favoris en vous inscrivant \u00e0 <a href=\"https:\/\/moncompte.actu.fr\" title=\"D\u00e9couvez Mon Actu\" rel=\"nofollow noopener\" data-trk=\"{&quot;cta&quot;:{&quot;action&quot;:&quot;https:\\\/\\\/moncompte.actu.fr&quot;,&quot;category&quot;:&quot;mon compte&quot;,&quot;from&quot;:&quot;article footer&quot;,&quot;name&quot;:&quot;Mon actu&quot;,&quot;type&quot;:&quot;cta&quot;}}\" target=\"_blank\">Mon Actu<\/a>.<\/p>\n","protected":false},"excerpt":{"rendered":"Par R\u00e9daction M\u00e9tropolitain Publi\u00e9 le 12 ao\u00fbt 2025 \u00e0 20h01 ; mis \u00e0 jour le 12 ao\u00fbt 2025&hellip;\n","protected":false},"author":2,"featured_media":314527,"comment_status":"","ping_status":"","sticky":false,"template":"","format":"standard","meta":{"footnotes":""},"categories":[9599],"tags":[1111,11,3062,1777,674,1011,27,2208,12,2680,25,517,60],"class_list":{"0":"post-314526","1":"post","2":"type-post","3":"status-publish","4":"format-standard","5":"has-post-thumbnail","7":"category-montpellier","8":"tag-actu","9":"tag-actualites","10":"tag-autres-sports","11":"tag-eu","12":"tag-europe","13":"tag-fr","14":"tag-france","15":"tag-montpellier","16":"tag-news","17":"tag-occitanie","18":"tag-republique-francaise","19":"tag-sport","20":"tag-sports"},"share_on_mastodon":{"url":"https:\/\/pubeurope.com\/@fr\/115017253066556717","error":""},"_links":{"self":[{"href":"https:\/\/www.europesays.com\/fr\/wp-json\/wp\/v2\/posts\/314526","targetHints":{"allow":["GET"]}}],"collection":[{"href":"https:\/\/www.europesays.com\/fr\/wp-json\/wp\/v2\/posts"}],"about":[{"href":"https:\/\/www.europesays.com\/fr\/wp-json\/wp\/v2\/types\/post"}],"author":[{"embeddable":true,"href":"https:\/\/www.europesays.com\/fr\/wp-json\/wp\/v2\/users\/2"}],"replies":[{"embeddable":true,"href":"https:\/\/www.europesays.com\/fr\/wp-json\/wp\/v2\/comments?post=314526"}],"version-history":[{"count":0,"href":"https:\/\/www.europesays.com\/fr\/wp-json\/wp\/v2\/posts\/314526\/revisions"}],"wp:featuredmedia":[{"embeddable":true,"href":"https:\/\/www.europesays.com\/fr\/wp-json\/wp\/v2\/media\/314527"}],"wp:attachment":[{"href":"https:\/\/www.europesays.com\/fr\/wp-json\/wp\/v2\/media?parent=314526"}],"wp:term":[{"taxonomy":"category","embeddable":true,"href":"https:\/\/www.europesays.com\/fr\/wp-json\/wp\/v2\/categories?post=314526"},{"taxonomy":"post_tag","embeddable":true,"href":"https:\/\/www.europesays.com\/fr\/wp-json\/wp\/v2\/tags?post=314526"}],"curies":[{"name":"wp","href":"https:\/\/api.w.org\/{rel}","templated":true}]}}