{"id":314538,"date":"2025-08-12T18:45:24","date_gmt":"2025-08-12T18:45:24","guid":{"rendered":"https:\/\/www.europesays.com\/fr\/314538\/"},"modified":"2025-08-12T18:45:24","modified_gmt":"2025-08-12T18:45:24","slug":"rennes-larbitre-du-match-douverture-devoile-ses-stats-avec-marseille","status":"publish","type":"post","link":"https:\/\/www.europesays.com\/fr\/314538\/","title":{"rendered":"Rennes : L\u2019arbitre du match d\u2019ouverture d\u00e9voil\u00e9\u2026 (ses stats avec Marseille)"},"content":{"rendered":"<p data-start=\"187\" data-end=\"435\"><strong>La F\u00e9d\u00e9ration fran\u00e7aise de football a officialis\u00e9 le nom de l\u2019homme en noir qui lancera la saison de Ligue 1 2025-2026. J\u00e9r\u00e9mie Pignard sera au sifflet vendredi soir (20h45) pour le choc entre le Stade Rennais et l\u2019Olympique de Marseille.<\/strong><\/p>\n<p data-start=\"482\" data-end=\"815\">\u00c0 37 ans, Pignard a d\u00e9j\u00e0 une solide exp\u00e9rience au plus haut niveau\u2026 et des statistiques qui pourraient donner le sourire aux Marseillais : <strong data-start=\"621\" data-end=\"670\">15 matches arbitr\u00e9s, seulement trois d\u00e9faites<\/strong> pour l\u2019OM. Mieux encore, la saison derni\u00e8re, il a offici\u00e9 lors de deux victoires phoc\u00e9ennes, dont un m\u00e9morable 4-2 contre Rennes au V\u00e9lodrome.<\/p>\n<p>Un arbitre au bilan flatteur pour l\u2019OM<\/p>\n<p data-start=\"817\" data-end=\"1053\">C\u00f4t\u00e9 breton, le bilan est plus \u00e9quilibr\u00e9, avec <strong data-start=\"864\" data-end=\"898\">trois d\u00e9faites en neuf matches<\/strong> sous sa direction. Les Rouge et Noir peuvent n\u00e9anmoins se rassurer : c\u2019est lui qui avait arbitr\u00e9 leur victoire contre Marseille en Coupe de France 2024.<\/p>\n<p data-start=\"817\" data-end=\"1053\">\n<p data-start=\"817\" data-end=\"1053\">A lire aussi :\u00a0<a href=\"https:\/\/www.footballclubdemarseille.fr\/mercato-om\/mercato-om-bras-de-fer-entre-laporte-et-al-nassr.html\" rel=\"nofollow noopener\" target=\"_blank\">Mercato OM : Bras de fer entre Laporte et Al-Nassr<\/a><\/p>\n<p>Une affiche d\u00e9j\u00e0 \u00e9lectrique<\/p>\n<p data-start=\"1089\" data-end=\"1268\">Avec un OM version Roberto De Zerbi et un Rennes ambitieux, ce duel promet un d\u00e9marrage de saison explosif. Et si l\u2019arbitre, volontairement ou non, pesait d\u00e9j\u00e0 dans la balance ?<\/p>\n<p data-start=\"1089\" data-end=\"1268\">A lire aussi :\u00a0<a href=\"https:\/\/www.footballclubdemarseille.fr\/om-actualites\/om-ligue-1-longoria-prone-lunite-pour-sauver-le-football-francais.html\" rel=\"nofollow noopener\" target=\"_blank\">OM \u2013 Ligue 1 : Longoria pr\u00f4ne l\u2019unit\u00e9 pour sauver le football fran\u00e7ais !<\/a><\/p>\n","protected":false},"excerpt":{"rendered":"La F\u00e9d\u00e9ration fran\u00e7aise de football a officialis\u00e9 le nom de l\u2019homme en noir qui lancera la saison de&hellip;\n","protected":false},"author":2,"featured_media":44813,"comment_status":"","ping_status":"","sticky":false,"template":"","format":"standard","meta":{"footnotes":""},"categories":[2821],"tags":[1111,11,829,1777,674,1011,27,12,584,25],"class_list":{"0":"post-314538","1":"post","2":"type-post","3":"status-publish","4":"format-standard","5":"has-post-thumbnail","7":"category-rennes","8":"tag-actu","9":"tag-actualites","10":"tag-bretagne","11":"tag-eu","12":"tag-europe","13":"tag-fr","14":"tag-france","15":"tag-news","16":"tag-rennes","17":"tag-republique-francaise"},"share_on_mastodon":{"url":"https:\/\/pubeurope.com\/@fr\/115017280772023262","error":""},"_links":{"self":[{"href":"https:\/\/www.europesays.com\/fr\/wp-json\/wp\/v2\/posts\/314538","targetHints":{"allow":["GET"]}}],"collection":[{"href":"https:\/\/www.europesays.com\/fr\/wp-json\/wp\/v2\/posts"}],"about":[{"href":"https:\/\/www.europesays.com\/fr\/wp-json\/wp\/v2\/types\/post"}],"author":[{"embeddable":true,"href":"https:\/\/www.europesays.com\/fr\/wp-json\/wp\/v2\/users\/2"}],"replies":[{"embeddable":true,"href":"https:\/\/www.europesays.com\/fr\/wp-json\/wp\/v2\/comments?post=314538"}],"version-history":[{"count":0,"href":"https:\/\/www.europesays.com\/fr\/wp-json\/wp\/v2\/posts\/314538\/revisions"}],"wp:featuredmedia":[{"embeddable":true,"href":"https:\/\/www.europesays.com\/fr\/wp-json\/wp\/v2\/media\/44813"}],"wp:attachment":[{"href":"https:\/\/www.europesays.com\/fr\/wp-json\/wp\/v2\/media?parent=314538"}],"wp:term":[{"taxonomy":"category","embeddable":true,"href":"https:\/\/www.europesays.com\/fr\/wp-json\/wp\/v2\/categories?post=314538"},{"taxonomy":"post_tag","embeddable":true,"href":"https:\/\/www.europesays.com\/fr\/wp-json\/wp\/v2\/tags?post=314538"}],"curies":[{"name":"wp","href":"https:\/\/api.w.org\/{rel}","templated":true}]}}