{"id":314541,"date":"2025-08-12T18:47:18","date_gmt":"2025-08-12T18:47:18","guid":{"rendered":"https:\/\/www.europesays.com\/fr\/314541\/"},"modified":"2025-08-12T18:47:18","modified_gmt":"2025-08-12T18:47:18","slug":"a-strasbourg-des-femmes-afghanes-et-syriennes-expulsees-et-laissees-dehors","status":"publish","type":"post","link":"https:\/\/www.europesays.com\/fr\/314541\/","title":{"rendered":"\u00c0 Strasbourg, des femmes afghanes et syriennes expuls\u00e9es et laiss\u00e9es dehors"},"content":{"rendered":"<p class=\"wp-block-post-excerpt__excerpt\">D\u00e9mantel\u00e9 \u00e0 l\u2019aube du mardi 12 ao\u00fbt, le campement du Heyritz \u00e0 Strasbourg abritait de nombreuses femmes et enfants ayant fui l\u2019Afghanistan ou la Syrie. La France a accord\u00e9 l\u2019asile \u00e0 une partie d\u2019entre elles, qui se retrouvent \u00e0 la rue le soir m\u00eame. <\/p>\n<p><a href=\"https:\/\/www.rue89strasbourg.com\/category\/premium\" rel=\"tag noopener\" target=\"_blank\">\u00c9dition abonn\u00e9s<\/a>, <a href=\"https:\/\/www.rue89strasbourg.com\/category\/reportage\" rel=\"tag noopener\" target=\"_blank\">Reportage<\/a><\/p>\n<p>Camille Curnier<\/p>\n<p>Publi\u00e9 le 12 ao\u00fbt 2025\u00a0\u00a0\u00b7\u00a0\u00a0<\/p>\n<p>Imprim\u00e9 le 12 ao\u00fbt 2025 \u00e0 20h47\u00a0\u00a0\u00b7\u00a0\u00a0<\/p>\n<p>Modifi\u00e9 le 12 ao\u00fbt 2025\u00a0\u00a0\u00b7\u00a0\u00a0<\/p>\n<p>\t\t\t\t\t6\u00a0minutes\n<\/p>\n<p class=\"has-drop-cap\">Mains dans les poches, Modasser, 10 ans, secoue la t\u00eate de droite \u00e0 gauche quand on lui demande s\u2019il a peur de devoir quitter le camp. Sa m\u00e8re, assise sur le sol \u00e0 c\u00f4t\u00e9 de lui, sourit doucement en voyant la mine courageuse de son fils. \u00ab\u00a0Il ne sait pas vraiment ce qui se passe. Tous les jours, en r\u00e9alit\u00e9, il pleure\u2026 Le d\u00e9part d\u2019Afghanistan a \u00e9t\u00e9 dur pour lui.\u00a0\u00bb<\/p>\n<p>Il est 6 heures du matin, au parc du Heyritz au centre de Strasbourg. Le soleil se l\u00e8ve \u00e0 peine mais d\u00e9j\u00e0, parmi les quelques 200 personnes pr\u00e9sentes, chacun s\u2019affaire \u00e0 plier ses bagages. <a href=\"https:\/\/www.rue89strasbourg.com\/parc-heyritz-campement-347235\" target=\"_blank\" rel=\"noreferrer noopener\">Le campement, install\u00e9 depuis des mois entre les arbres, doit \u00eatre \u00e9vacu\u00e9<\/a>. Les occupants n\u2019ont appris que la veille au soir qu\u2019ils devraient partir \u00e0 l\u2019aube, sans trop savoir \u00e0 quoi s\u2019attendre. \u00ab\u00a0Est-ce que je peux prendre ma tente avec moi\u00a0? Je l\u2019ai pay\u00e9e, je ne veux pas la laisser\u00a0\u00bb, demande une jeune femme au milieu de la foule. Les b\u00e9n\u00e9voles des associations pr\u00e9sentes lui font signe que ce n\u2019est pas possible. Elle devra l\u2019abandonner. Comme tous les effets laiss\u00e9s sur place, la tente sera d\u00e9truite.<\/p>\n<p>6h30, des dizaines de policiers d\u00e9barquent. Les journalistes et les associations sont expuls\u00e9s du campement. Pas d\u2019exception, m\u00eame les travailleurs sociaux de la Ville de Strasbourg sont escort\u00e9s \u00e0 l\u2019ext\u00e9rieur d\u2019un p\u00e9rim\u00e8tre mis en place pour cacher ce qu\u2019il se passe \u00e0 l\u2019int\u00e9rieur du camp. En l\u2019espace de deux heures, les occupants sont dirig\u00e9s vers cinq bus affr\u00e9t\u00e9s par la Ville. Direction les gymnases Branly dans le quartier des Contades, Jean-Fischart \u00e0 la Meinau, et Jacques-Twinger \u00e0 Koenigshoffen, o\u00f9 ils esp\u00e8rent se voir proposer un h\u00e9bergement.<\/p>\n<p>Lisez la suite pour 1\u20ac seulement<\/p>\n<ul class=\"wp-block-list\">\n<li class=\"align-start flex list-none mb-2 has-medium-font-size\">Acc\u00e9dez \u00e0 nos enqu\u00eates et r\u00e9v\u00e9lations exclusives<\/li>\n<li class=\"align-start flex list-none mb-2 has-medium-font-size\">Soutenez une r\u00e9daction locale qui appartient \u00e0 ses journalistes<\/li>\n<li class=\"align-start flex list-none mb-2 has-medium-font-size\">Maintenez une vigie citoyenne sur les pouvoirs locaux<\/li>\n<\/ul>\n<p class=\"has-text-align-right\"><strong><a href=\"https:\/\/www.rue89strasbourg.com\/abonnement\" data-type=\"page\" data-id=\"0\" target=\"_blank\" rel=\"noopener\">Je m\u2019abonne\u00a0 <\/a><\/strong><\/p>\n<p>\t\t\t<a href=\"https:\/\/www.rue89strasbourg.com\/\" class=\"custom-logo-link\" rel=\"home noopener\" target=\"_blank\"><img loading=\"lazy\" decoding=\"async\" width=\"290\" height=\"62\" src=\"https:\/\/www.europesays.com\/fr\/wp-content\/uploads\/2025\/04\/1743975279_388_logo.png\" class=\"custom-logo\" alt=\"Rue89 Strasbourg Enqu\u00eates et informations locales\"  \/><\/a><\/p>\n<p>\n\t\t\t\tAbonnez-vous maintenant pour suivre l\u2019actualit\u00e9 locale.\t\t\t<\/p>\n<p class=\"font-bold font-serif-heading mb-2 text-4xl\">\n\t\t\t\t\t\tL\u2019investigation locale \u00e0 port\u00e9e de main.\n\t\t\t\t\t<\/p>\n<p>\n\t\t\t\t\t\tAbonnez-vous et profitez d\u2019un acc\u00e8s illimit\u00e9 \u00e0 Rue89 Strasbourg. Annulez quand vous voulez.\n\t\t\t\t\t<\/p>\n<p class=\"xl:text-sm\">\n\t\t\t\t\tD\u00e9j\u00e0 abonn\u00e9\u00a0?<br \/>\n\t\t\t\t\t<a class=\"border border-transparent text-center transition-colors duration-instant focus:border-info focus:rounded focus:shadow-focus cursor-pointer text-black hover:text-gray-700 active:bg-black-700 font-semibold inline-block\" href=\"https:\/\/www.rue89strasbourg.com\/user\/connexion?redirect=\/expulsion-campement-heyritz-strasbourg-355530\" target=\"_blank\" rel=\"noopener\">Connectez-vous<\/a>\t\t\t\t<\/p>\n<p>\n\t\t\t\tChoisissez votre formule\u00a0:\n\t\t\t<\/p>\n<p>\t\t\t\tFermer<\/p>\n","protected":false},"excerpt":{"rendered":"D\u00e9mantel\u00e9 \u00e0 l\u2019aube du mardi 12 ao\u00fbt, le campement du Heyritz \u00e0 Strasbourg abritait de nombreuses femmes et&hellip;\n","protected":false},"author":2,"featured_media":314542,"comment_status":"","ping_status":"","sticky":false,"template":"","format":"standard","meta":{"footnotes":""},"categories":[2820],"tags":[1111,11,1777,674,1011,27,775,3909,1061,12,35619,25,640],"class_list":{"0":"post-314541","1":"post","2":"type-post","3":"status-publish","4":"format-standard","5":"has-post-thumbnail","7":"category-strasbourg","8":"tag-actu","9":"tag-actualites","10":"tag-eu","11":"tag-europe","12":"tag-fr","13":"tag-france","14":"tag-grand-est","15":"tag-hebergement-durgence","16":"tag-immigration","17":"tag-news","18":"tag-parc-du-heyritz","19":"tag-republique-francaise","20":"tag-strasbourg"},"share_on_mastodon":{"url":"https:\/\/pubeurope.com\/@fr\/115017288621196715","error":""},"_links":{"self":[{"href":"https:\/\/www.europesays.com\/fr\/wp-json\/wp\/v2\/posts\/314541","targetHints":{"allow":["GET"]}}],"collection":[{"href":"https:\/\/www.europesays.com\/fr\/wp-json\/wp\/v2\/posts"}],"about":[{"href":"https:\/\/www.europesays.com\/fr\/wp-json\/wp\/v2\/types\/post"}],"author":[{"embeddable":true,"href":"https:\/\/www.europesays.com\/fr\/wp-json\/wp\/v2\/users\/2"}],"replies":[{"embeddable":true,"href":"https:\/\/www.europesays.com\/fr\/wp-json\/wp\/v2\/comments?post=314541"}],"version-history":[{"count":0,"href":"https:\/\/www.europesays.com\/fr\/wp-json\/wp\/v2\/posts\/314541\/revisions"}],"wp:featuredmedia":[{"embeddable":true,"href":"https:\/\/www.europesays.com\/fr\/wp-json\/wp\/v2\/media\/314542"}],"wp:attachment":[{"href":"https:\/\/www.europesays.com\/fr\/wp-json\/wp\/v2\/media?parent=314541"}],"wp:term":[{"taxonomy":"category","embeddable":true,"href":"https:\/\/www.europesays.com\/fr\/wp-json\/wp\/v2\/categories?post=314541"},{"taxonomy":"post_tag","embeddable":true,"href":"https:\/\/www.europesays.com\/fr\/wp-json\/wp\/v2\/tags?post=314541"}],"curies":[{"name":"wp","href":"https:\/\/api.w.org\/{rel}","templated":true}]}}