{"id":314543,"date":"2025-08-12T18:48:12","date_gmt":"2025-08-12T18:48:12","guid":{"rendered":"https:\/\/www.europesays.com\/fr\/314543\/"},"modified":"2025-08-12T18:48:12","modified_gmt":"2025-08-12T18:48:12","slug":"nous-avons-toujours-tres-envie-de-venir-pourquoi-ledition-nicoise-de-locean-fest-a-ete-annulee","status":"publish","type":"post","link":"https:\/\/www.europesays.com\/fr\/314543\/","title":{"rendered":"\u00ab\u00a0Nous avons toujours tr\u00e8s envie de venir\u00a0\u00bb: pourquoi l\u2019\u00e9dition ni\u00e7oise de l\u2019Ocean Fest a \u00e9t\u00e9 annul\u00e9e"},"content":{"rendered":"<p>C\u2019\u00e9tait un coup de massue pour les fans de musique et d\u2019\u00e9v\u00e9nements engag\u00e9s. L\u2019\u00e9dition ni\u00e7oise d\u2019Ocean Fest, \u00ab\u00a0le festival qui met l\u2019oc\u00e9an en t\u00eate d\u2019affiche\u00a0\u00bb, <a href=\"https:\/\/www.nicematin.com\/musique\/indochine-a-nice-la-belle-prise-de-levenement-ecolo-ocean-fest-945964\" target=\"_blank\" rel=\"noopener\">initialement pr\u00e9vue le 16 novembre 2024<\/a> avant d\u2019\u00eatre <a href=\"https:\/\/www.nicematin.com\/concerts\/l-ocean-fest-avec-indochine-en-tete-d-affiche-a-nice-reporte-a-l-automne-2025-954333\" target=\"_blank\" rel=\"noopener\">report\u00e9e au 4 octobre 2025, au Palais Nika\u00efa<\/a>, avait finalement \u00e9t\u00e9 annul\u00e9e.<\/p>\n<p>L\u2019annonce de cette annulation avait \u00e9t\u00e9 faite par un communiqu\u00e9 sur les r\u00e9seaux sociaux de l\u2019\u00e9v\u00e9nement mi-juin.<\/p>\n<p>Un revers pour ce rendez-vous m\u00ealant concerts \u00e9clectiques, sensibilisation \u00e0 la protection des oc\u00e9ans et dont tous les b\u00e9n\u00e9fices sont revers\u00e9s \u00e0 des associations, le tout port\u00e9 par le journaliste Hugo Cl\u00e9ment et l\u2019auteur-compositeur et interpr\u00e8te de musique \u00e9lectronique Worakls via leur association Blue Force.<\/p>\n<p>Apr\u00e8s le succ\u00e8s de trois \u00e9v\u00e8nements \u00e0 Biarritz et \u00e0 Nantes (en 2023 et 2024), c\u2019\u00e9tait un coup dur pour les festivaliers ni\u00e7ois qui attendaient avec impatience cette \u00e9dition avec Indochine en t\u00eate d\u2019affiche, mais aussi Vernis Rouge ou encore Umbree et le duo Magmay, DJ azur\u00e9ennes.<\/p>\n<p>Un encha\u00eenement de contretemps<\/p>\n<p>Pr\u00e8s de deux mois apr\u00e8s l\u2019annonce de cette annulation, que sait-on finalement des raisons qui ont conduit les organisateurs a renonc\u00e9 \u00e0 la date ni\u00e7oise?<\/p>\n<p>Quelques jours avant son \u00e9dition pr\u00e9vue en novembre 2024, l\u2019\u00e9quipe organisatrice annonce un report en octobre 2025 li\u00e9 \u00e0 \u00ab\u00a0des impr\u00e9vus logistiques\u00a0\u00bb mais \u00e9galement \u00e0 cause du \u00ab\u00a0calendrier judiciaire de Paul Watson\u00a0\u00bb, fondateur de Sea Sheperd, l\u2019une des associations partenaires du festival, alors emprisonn\u00e9 au Groenland.<\/p>\n<p>Avant donc, d\u2019annoncer l\u2019annulation pure et simple, au mois de juin, \u00ab\u00a0en raison d\u2019\u00e9l\u00e9ments ind\u00e9pendants de [leur] volont\u00e9\u00a0\u00bb.<\/p>\n<p>Contact\u00e9 par t\u00e9l\u00e9phone, Kevin Rodrigues, alias Worakls, explique: \u00ab\u00a0Apr\u00e8s le premier report, on a eu tout un changement d\u2019\u00e9quipe interne. On s\u2019est senti en mesure de conserver l\u2019\u00e9v\u00e8nement pr\u00e9vu \u00e0 Biarritz [en avril 2024, ndlr] parce qu\u2019on l\u2019avait d\u00e9j\u00e0 fait, mais on ne se sentait pas assez solides pour conserver celui de Nice\u00a0\u00bb.<\/p>\n<p>Une explication qui r\u00e9pond aux critiques d\u2019un certain nombre de festivaliers, d\u00e9non\u00e7ant, notamment via des commentaires sur les r\u00e9seaux sociaux, un manque de communication et une promotion insuffisante de la part des organisateurs pour mettre en avant cette date ni\u00e7oise.<\/p>\n<p>Promesses de remboursements&#8230; et de retour<\/p>\n<p>Si l\u2019annulation est une d\u00e9ception pour les festivaliers azur\u00e9ens, Worakls insiste: \u00ab\u00a0Nous n\u2019abandonnons pas l\u2019id\u00e9e d\u2019organiser une \u00e9dition \u00e0 Nice (&#8230;) Nous avons toujours tr\u00e8s envie de venir\u00a0\u00bb.<\/p>\n<p>En attendant, les d\u00e9tenteurs de billets, dont certains avaient conserv\u00e9 leurs places depuis 2024, seront automatiquement rembours\u00e9s d&rsquo;ici au 15 septembre.<\/p>\n","protected":false},"excerpt":{"rendered":"C\u2019\u00e9tait un coup de massue pour les fans de musique et d\u2019\u00e9v\u00e9nements engag\u00e9s. L\u2019\u00e9dition ni\u00e7oise d\u2019Ocean Fest, \u00ab\u00a0le&hellip;\n","protected":false},"author":2,"featured_media":314544,"comment_status":"","ping_status":"","sticky":false,"template":"","format":"standard","meta":{"footnotes":""},"categories":[2819],"tags":[1111,11,4156,251,1777,674,1011,27,873,12,2401,882,25],"class_list":{"0":"post-314543","1":"post","2":"type-post","3":"status-publish","4":"format-standard","5":"has-post-thumbnail","7":"category-nice","8":"tag-actu","9":"tag-actualites","10":"tag-concerts","11":"tag-culture","12":"tag-eu","13":"tag-europe","14":"tag-fr","15":"tag-france","16":"tag-musique","17":"tag-news","18":"tag-nice","19":"tag-provence-alpes-cote-dazur","20":"tag-republique-francaise"},"share_on_mastodon":{"url":"https:\/\/pubeurope.com\/@fr\/115017292545377688","error":""},"_links":{"self":[{"href":"https:\/\/www.europesays.com\/fr\/wp-json\/wp\/v2\/posts\/314543","targetHints":{"allow":["GET"]}}],"collection":[{"href":"https:\/\/www.europesays.com\/fr\/wp-json\/wp\/v2\/posts"}],"about":[{"href":"https:\/\/www.europesays.com\/fr\/wp-json\/wp\/v2\/types\/post"}],"author":[{"embeddable":true,"href":"https:\/\/www.europesays.com\/fr\/wp-json\/wp\/v2\/users\/2"}],"replies":[{"embeddable":true,"href":"https:\/\/www.europesays.com\/fr\/wp-json\/wp\/v2\/comments?post=314543"}],"version-history":[{"count":0,"href":"https:\/\/www.europesays.com\/fr\/wp-json\/wp\/v2\/posts\/314543\/revisions"}],"wp:featuredmedia":[{"embeddable":true,"href":"https:\/\/www.europesays.com\/fr\/wp-json\/wp\/v2\/media\/314544"}],"wp:attachment":[{"href":"https:\/\/www.europesays.com\/fr\/wp-json\/wp\/v2\/media?parent=314543"}],"wp:term":[{"taxonomy":"category","embeddable":true,"href":"https:\/\/www.europesays.com\/fr\/wp-json\/wp\/v2\/categories?post=314543"},{"taxonomy":"post_tag","embeddable":true,"href":"https:\/\/www.europesays.com\/fr\/wp-json\/wp\/v2\/tags?post=314543"}],"curies":[{"name":"wp","href":"https:\/\/api.w.org\/{rel}","templated":true}]}}