{"id":314553,"date":"2025-08-12T18:53:18","date_gmt":"2025-08-12T18:53:18","guid":{"rendered":"https:\/\/www.europesays.com\/fr\/314553\/"},"modified":"2025-08-12T18:53:18","modified_gmt":"2025-08-12T18:53:18","slug":"bordeaux-avranches-sur-quelle-chaine-et-comment-regarder-le-match","status":"publish","type":"post","link":"https:\/\/www.europesays.com\/fr\/314553\/","title":{"rendered":"Bordeaux-Avranches : sur quelle cha\u00eene et comment regarder le match ?"},"content":{"rendered":"<p><img decoding=\"async\" src=\"https:\/\/www.europesays.com\/fr\/wp-content\/uploads\/2025\/07\/671_07aaed426968c8cf4d769c98c7ab1f21.jpg\" alt=\"Bordeaux-Avranches : sur quelle cha\u00eene et comment regarder le match ?\" class=\"img-responsive mt-3\"\/><\/p>\n<p class=\"text-center mb-3\" style=\"font-size: 14px\">\u00a9 Iconsport<\/p>\n<p><strong>T\u00e9l\u00e9vis\u00e9 TV7 ? D\u00e9brief \u00e0 Chaud sur WebGirondins<\/strong><\/p>\n<p style=\"text-align: justify;\">Pour cette rencontre qui se joue avec du public, vous pouvez assister \u00e0 cette opposition depuis le stade Atlantique de Bordeaux. Des billets sont encore en vente.<\/p>\n<p style=\"text-align: justify;\">Sud-Ouest et TV7 n&rsquo;ont pas encore officialis\u00e9 la diffusion vid\u00e9o de cette rencontre au moment o\u00f9 nous \u00e9crivons ces lignes.<\/p>\n<p style=\"text-align: justify;\">Si l&rsquo;accord est conclu, vous pourrez regarder ce match en direct sur la cha\u00eene locale TV7. La cha\u00eene est accessible sur le site Sud-Ouest et sur le canal 33 de la TNT.<\/p>\n<p style=\"text-align: justify;\">Voici comment la trouver sur les diff\u00e9rentes box Internet : SFR (canal 491), Orange (Canal 355), Bbox (canal 334), free (canal 901).<\/p>\n<p style=\"text-align: justify;\">De plus, nous vous proposons un <strong>live texte sur WebGirondins d\u00e8s 17h45<\/strong>, et le <strong>D\u00e9brief \u00e0 Chaud du match d\u00e8s 20h<\/strong> en direct sur notre <a href=\"https:\/\/www.youtube.com\/channel\/UCkyRgJ6uhixmPRaSKiEI9aw?view_as=subscriber\" target=\"_blank\" rel=\"noopener\">cha\u00eene YouTube<\/a> avec les r\u00e9actions en live d\u00e8s le coup de sifflet final.<\/p>\n<p>\u00c0 lire aussi &gt;&gt;<strong><a href=\"https:\/\/www.webgirondins.com\/actualite-girondins-girondins-irles-tres-ferme-etonde-present-bahassa-de-retour-130031\" target=\"_blank\" rel=\"noopener\"> Irl\u00e8s tr\u00e8s ferme, Etonde pr\u00e9sent, Bahassa de retour<\/a><\/strong><\/p>\n<p>Notre podcast court :<\/p>\n","protected":false},"excerpt":{"rendered":"\u00a9 Iconsport T\u00e9l\u00e9vis\u00e9 TV7 ? D\u00e9brief \u00e0 Chaud sur WebGirondins Pour cette rencontre qui se joue avec du&hellip;\n","protected":false},"author":2,"featured_media":287493,"comment_status":"","ping_status":"","sticky":false,"template":"","format":"standard","meta":{"footnotes":""},"categories":[2817],"tags":[1111,11,2865,17295,1997,3477,3839,3233,20,40313,3474,1777,674,1011,27,1987,2705,3465,3289,955,3238,12,2219,3837,10432,5486,25,3982,2858],"class_list":{"0":"post-314553","1":"post","2":"type-post","3":"status-publish","4":"format-standard","5":"has-post-thumbnail","7":"category-bordeaux","8":"tag-actu","9":"tag-actualites","10":"tag-atlantique","11":"tag-avranches","12":"tag-bordeaux","13":"tag-cette","14":"tag-chaine","15":"tag-championnat","16":"tag-comment","17":"tag-debutent","18":"tag-decouvrez","19":"tag-eu","20":"tag-europe","21":"tag-fr","22":"tag-france","23":"tag-girondins","24":"tag-groupe","25":"tag-journee","26":"tag-leur","27":"tag-match","28":"tag-national","29":"tag-news","30":"tag-nouvelle-aquitaine","31":"tag-quelle","32":"tag-regarder","33":"tag-rencontre","34":"tag-republique-francaise","35":"tag-samedi","36":"tag-stade"},"share_on_mastodon":{"url":"https:\/\/pubeurope.com\/@fr\/115017312248101669","error":""},"_links":{"self":[{"href":"https:\/\/www.europesays.com\/fr\/wp-json\/wp\/v2\/posts\/314553","targetHints":{"allow":["GET"]}}],"collection":[{"href":"https:\/\/www.europesays.com\/fr\/wp-json\/wp\/v2\/posts"}],"about":[{"href":"https:\/\/www.europesays.com\/fr\/wp-json\/wp\/v2\/types\/post"}],"author":[{"embeddable":true,"href":"https:\/\/www.europesays.com\/fr\/wp-json\/wp\/v2\/users\/2"}],"replies":[{"embeddable":true,"href":"https:\/\/www.europesays.com\/fr\/wp-json\/wp\/v2\/comments?post=314553"}],"version-history":[{"count":0,"href":"https:\/\/www.europesays.com\/fr\/wp-json\/wp\/v2\/posts\/314553\/revisions"}],"wp:featuredmedia":[{"embeddable":true,"href":"https:\/\/www.europesays.com\/fr\/wp-json\/wp\/v2\/media\/287493"}],"wp:attachment":[{"href":"https:\/\/www.europesays.com\/fr\/wp-json\/wp\/v2\/media?parent=314553"}],"wp:term":[{"taxonomy":"category","embeddable":true,"href":"https:\/\/www.europesays.com\/fr\/wp-json\/wp\/v2\/categories?post=314553"},{"taxonomy":"post_tag","embeddable":true,"href":"https:\/\/www.europesays.com\/fr\/wp-json\/wp\/v2\/tags?post=314553"}],"curies":[{"name":"wp","href":"https:\/\/api.w.org\/{rel}","templated":true}]}}