{"id":314556,"date":"2025-08-12T18:55:16","date_gmt":"2025-08-12T18:55:16","guid":{"rendered":"https:\/\/www.europesays.com\/fr\/314556\/"},"modified":"2025-08-12T18:55:16","modified_gmt":"2025-08-12T18:55:16","slug":"les-stocks-deau-sont-ils-menaces-par-la-canicule-a-toulouse","status":"publish","type":"post","link":"https:\/\/www.europesays.com\/fr\/314556\/","title":{"rendered":"les stocks d&rsquo;eau sont-ils menac\u00e9s par la canicule \u00e0 Toulouse\u00a0?"},"content":{"rendered":"<p>            Par<br \/>\n        <strong><br \/>\n            <a href=\"https:\/\/actu.fr\/auteur\/nina-hossein-zadeh\" title=\"Consulter tous les articles de Nina Hossein-Zadeh\" target=\"_blank\" rel=\"noopener\">Nina Hossein-Zadeh<\/a><br \/>\n        <\/strong><\/p>\n<p>        Publi\u00e9 le<\/p>\n<p>            12 ao\u00fbt 2025 \u00e0 19h16        <\/p>\n<p>\u00c0<a href=\"https:\/\/actu.fr\/toulouse\/\" target=\"_blank\" rel=\"noopener\"><strong> Toulouse<\/strong><\/a>, l\u2019eau continue de couler dans la Garonne. M\u00eame si le d\u00e9bit n\u2019est pas particuli\u00e8rement \u00e9lev\u00e9, la faune et la flore sont assur\u00e9es de vivre dans leur milieu naturel\u2026 Et les Toulousains d\u2019avoir de l\u2019eau potable\u2009! <strong>Une denr\u00e9e qui se fait de plus en plus rare et sur laquelle les collectivit\u00e9s travaillent pour garantir la ressource.<\/strong> Retenues et barrages sont approvisionn\u00e9es tout le reste de l\u2019ann\u00e9e par les eaux de pluie<a href=\"https:\/\/actu.fr\/occitanie\/aston_09024\/pyrenees-edf-appelle-a-la-vigilance-aux-abords-des-installations-hydrauliques_62899604.html\" target=\"_blank\" rel=\"noopener\">, <strong>afin de garantir le soutien d\u2019\u00e9tiage<\/strong><\/a> (l\u00e2cher d\u2019eau pour maintenant le niveau de d\u00e9bit n\u00e9cessaire) durant la p\u00e9riode estivale. Mais alors que la canicule frappe la Ville rose de plein fouet, comment les temp\u00e9ratures vont-elles influer sur la ressource en eau\u2009? Nos stocks sont-ils menac\u00e9s\u2009?<\/p>\n<p>Des mesures pour pr\u00e9server la ressource<\/p>\n<p class=\" wall-content\">Garantir la ressource en eau, c\u2019est un travail de longue haleine. Apr\u00e8s avoir connu des restrictions d\u2019utilisation de l\u2019eau et vu le d\u00e9bit de la Garonne fortement diminu\u00e9 lors de la canicule de 2022, la M\u00e9tropole et le D\u00e9partement de Haute-Garonne \u0153uvrent pour garantir l\u2019acc\u00e8s \u00e0 cet or bleu.<\/p>\n<p class=\" wall-content\">La gestion de l\u2019eau se traduit par le remplissage des retenues d\u2019eau, par les d\u00e9tections et r\u00e9paration de fuites sur le r\u00e9seau d\u2019acheminement ou encore par <a href=\"https:\/\/actu.fr\/societe\/secheresse-une-technique-inedite-pour-remplir-les-nappes-phreatiques-testee-en-haute-garonne_59284773.html\" target=\"_blank\" rel=\"noopener\"><strong>l\u2019utilisation du Canal de Saint-Martory pour r\u00e9approvisionner les nappes phr\u00e9atiques<\/strong><\/a> en eau\u2026 Les mesures ne manquent pas.<\/p>\n<p class=\" wall-content\">La derni\u00e8re en date, mise en place par la M\u00e9tropole de Toulouse, a fait grand bruit\u2009: <a href=\"https:\/\/actu.fr\/occitanie\/toulouse_31555\/toulouse-combien-d-eau-avons-nous-consomme-cet-ete-les-premiers-resultats-de-la-tarification-saisonniere_61686016.html\" target=\"_blank\" rel=\"noopener\">la tarification saisonni\u00e8re de l\u2019eau, avec une augmentation de 42\u2009% de juin \u00e0 octobre.<\/a> Mais tout cela a-t-il un impact positif\u2009?<\/p>\n<p>Un tiers des stocks utilis\u00e9<\/p>\n<p class=\" wall-content\">\u00ab\u2009Malgr\u00e9 la s\u00e9cheresse, on traverse une ann\u00e9e positive par rapport aux r\u00e9serves\u2009\u00bb, rassure <strong>Robert Medina<\/strong>, vice-pr\u00e9sident de Toulouse M\u00e9tropole en charge de l\u2019eau. Au d\u00e9but de la p\u00e9riode de soutien d\u2019\u00e9tiage \u00e0 savoir le 9\u00a0juillet cette ann\u00e9e,<strong> 70\u00a0millions de m3 \u00e9taient disponibles.<\/strong><\/p>\n<p>Vid\u00e9os : en ce moment sur Actu<\/p>\n<p class=\" wall-content\">\u00ab\u2009On en a consomm\u00e9 un tiers\u2009\u00bb, \u00e0 ce stade de la saison, annonce l\u2019\u00e9lu. Au 11 ao\u00fbt, selon le bulletin quotidien de soutien d\u2019\u00e9tiage Garonne, mis en ligne par \u00c9tablissement public Garonne Gascogne &amp; affluents pyr\u00e9n\u00e9ens, <strong>21,7\u00a0millions de m3 d\u2019eau ont \u00e9t\u00e9 l\u00e2ch\u00e9s.<\/strong><\/p>\n<p class=\" wall-content\">\u00ab\u2009Les l\u00e2chers actuels, qui sont quasiment au maximum des capacit\u00e9s, permettent de maintenir les d\u00e9bits \u00e0 Portet proches du d\u00e9bit d\u2019objectif d\u2019\u00e9tiage et au-dessus du niveau d\u2019alerte \u00e0 Lamagist\u00e8re, et <strong>d\u2019\u00e9viter ainsi la mise en place de restrictions d\u2019eau<\/strong> sur l\u2019axe Garonne\u2009\u00bb, indique le bulletin.<\/p>\n<p>    <img   decoding=\"async\" loading=\"lazy\" src=\"https:\/\/www.europesays.com\/fr\/wp-content\/uploads\/2025\/08\/bulletin-soutien-etiage-garonne-960x640.png\" alt=\"Les bulletin quotidien en date du 11 ao\u00fbt 2025 concernant la situation du d\u00e9bit dans la Garonne et du d\u00e9bit de soutien d'\u00e9tiage.\" width=\"960\" height=\"640\"\/><br \/>\n    Le bulletin quotidien en date du 11\u00a0ao\u00fbt 2025 concernant la situation du d\u00e9bit dans la Garonne et du d\u00e9bit de soutien d\u2019\u00e9tiage. (\u00a9\u00c9tablissement Public Garonne Gascogne &amp; affluents pyr\u00e9n\u00e9ens)La vigilance est de mise<\/p>\n<p class=\" wall-content\">Pour autant, Robert Medina pr\u00e9f\u00e8re que l\u2019on reste \u00ab\u2009m\u00e9fiant et vigilant\u2009\u00bb. \u00ab<strong>\u2009L\u2019\u00e9tiage dure jusqu\u2019\u00e0 fin octobre\u2009: il faudra faire avec la r\u00e9serve que l\u2019on a.\u2009\u00bb<\/strong><\/p>\n<p class=\" wall-content\">En effet, sur les 52,1m3\/s qui s\u2019\u00e9coulent dans la Garonne, 17,75m3\/s sont assur\u00e9s par les l\u00e2chers d\u2019eau. \u00ab\u2009Il ne faut pas faire n\u2019importe quoi et il faut esp\u00e9rer un peu de pluie.\u2009\u00bb<\/p>\n<p class=\" wall-content\">Des averses qui pourraient rassurer en cas de canicule prolong\u00e9e. Pour l\u2019instant, Toulouse et le d\u00e9partement de Haute-Garonne devraient faire face \u00e0 des temp\u00e9ratures particuli\u00e8rement \u00e9lev\u00e9es jusqu\u2019\u00e0 la semaine prochaine.<\/p>\n<p>Un stock suffisant jusqu\u2019en octobre\u2009?<\/p>\n<p class=\" wall-content\">Dans le cas o\u00f9 la canicule se r\u00e9p\u00e9terait courant ao\u00fbt et septembre, peut-on esp\u00e9rer avoir suffisamment d\u2019eau \u00e0 Toulouse\u2009? \u00ab\u2009Il est difficile de faire des projections, parce que tout d\u00e9pend des pluies dans les Pyr\u00e9n\u00e9es. Par exemple, des orages sont attendus prochainement, donc c\u2019est compliqu\u00e9 de faire des hypoth\u00e8ses.\u2009\u00bb <strong>Si les pluies orageuses s\u2019abattent comme pr\u00e9vu, \u00ab\u2009les l\u00e2chers vont baisser de 2m3\/s\u2009\u00bb<\/strong>, pr\u00e9cise \u00c9tablissement Public Garonne Gasconne &amp; affluents pyr\u00e9n\u00e9ens.<\/p>\n<p class=\" wall-content\">Si le d\u00e9bit est \u00ab\u2009au-dessus\u2009\u00bb de celui enregistr\u00e9 l\u2019an pass\u00e9 \u00e0 la m\u00eame \u00e9poque, \u00ab\u2009il suffit de plusieurs journ\u00e9es comme ce lundi 11\u00a0ao\u00fbt pour que \u00e7a baisse\u2009\u00bb.<\/p>\n<p class=\" wall-content\">Robert Medina pr\u00e9f\u00e8re pr\u00e9venir\u2009: si le d\u00e9bit passe en dessous de 39m3\/s, \u00ab\u2009le pr\u00e9fet peut prendre de nouvelles mesures restrictives\u2009\u00bb, alors que certaines sont d\u00e9j\u00e0 en cours.<\/p>\n<p class=\" wall-content\">Suivez toute l\u2019actualit\u00e9 de vos villes et m\u00e9dias favoris en vous inscrivant \u00e0 <a href=\"https:\/\/moncompte.actu.fr\" title=\"D\u00e9couvez Mon Actu\" rel=\"nofollow noopener\" data-trk=\"{&quot;cta&quot;:{&quot;action&quot;:&quot;https:\\\/\\\/moncompte.actu.fr&quot;,&quot;category&quot;:&quot;mon compte&quot;,&quot;from&quot;:&quot;article footer&quot;,&quot;name&quot;:&quot;Mon actu&quot;,&quot;type&quot;:&quot;cta&quot;}}\" target=\"_blank\">Mon Actu<\/a>.<\/p>\n<ul class=\"ac-article-tag wall-content\">\n<li><a href=\"https:\/\/actu.fr\/tag\/canicule\" data-trk=\"{&quot;cta&quot;:{&quot;action&quot;:&quot;Canicule&quot;,&quot;category&quot;:&quot;tag&quot;,&quot;from&quot;:&quot;article footer&quot;,&quot;name&quot;:&quot;Canicule&quot;,&quot;type&quot;:&quot;cta&quot;}}\" target=\"_blank\" rel=\"noopener\">#Canicule<\/a><\/li>\n<li><a href=\"https:\/\/actu.fr\/tag\/vague-de-chaleur\" data-trk=\"{&quot;cta&quot;:{&quot;action&quot;:&quot;Vague de chaleur&quot;,&quot;category&quot;:&quot;tag&quot;,&quot;from&quot;:&quot;article footer&quot;,&quot;name&quot;:&quot;Vague de chaleur&quot;,&quot;type&quot;:&quot;cta&quot;}}\" target=\"_blank\" rel=\"noopener\">#Vague de chaleur<\/a><\/li>\n<\/ul>\n","protected":false},"excerpt":{"rendered":"Par Nina Hossein-Zadeh Publi\u00e9 le 12 ao\u00fbt 2025 \u00e0 19h16 \u00c0 Toulouse, l\u2019eau continue de couler dans la&hellip;\n","protected":false},"author":2,"featured_media":314557,"comment_status":"","ping_status":"","sticky":false,"template":"","format":"standard","meta":{"footnotes":""},"categories":[2816],"tags":[1111,11,6698,1777,674,1011,27,12,2680,25,104,2312,15637],"class_list":{"0":"post-314556","1":"post","2":"type-post","3":"status-publish","4":"format-standard","5":"has-post-thumbnail","7":"category-toulouse","8":"tag-actu","9":"tag-actualites","10":"tag-canicule","11":"tag-eu","12":"tag-europe","13":"tag-fr","14":"tag-france","15":"tag-news","16":"tag-occitanie","17":"tag-republique-francaise","18":"tag-societe","19":"tag-toulouse","20":"tag-vague-de-chaleur"},"share_on_mastodon":{"url":"https:\/\/pubeurope.com\/@fr\/115017319945196868","error":""},"_links":{"self":[{"href":"https:\/\/www.europesays.com\/fr\/wp-json\/wp\/v2\/posts\/314556","targetHints":{"allow":["GET"]}}],"collection":[{"href":"https:\/\/www.europesays.com\/fr\/wp-json\/wp\/v2\/posts"}],"about":[{"href":"https:\/\/www.europesays.com\/fr\/wp-json\/wp\/v2\/types\/post"}],"author":[{"embeddable":true,"href":"https:\/\/www.europesays.com\/fr\/wp-json\/wp\/v2\/users\/2"}],"replies":[{"embeddable":true,"href":"https:\/\/www.europesays.com\/fr\/wp-json\/wp\/v2\/comments?post=314556"}],"version-history":[{"count":0,"href":"https:\/\/www.europesays.com\/fr\/wp-json\/wp\/v2\/posts\/314556\/revisions"}],"wp:featuredmedia":[{"embeddable":true,"href":"https:\/\/www.europesays.com\/fr\/wp-json\/wp\/v2\/media\/314557"}],"wp:attachment":[{"href":"https:\/\/www.europesays.com\/fr\/wp-json\/wp\/v2\/media?parent=314556"}],"wp:term":[{"taxonomy":"category","embeddable":true,"href":"https:\/\/www.europesays.com\/fr\/wp-json\/wp\/v2\/categories?post=314556"},{"taxonomy":"post_tag","embeddable":true,"href":"https:\/\/www.europesays.com\/fr\/wp-json\/wp\/v2\/tags?post=314556"}],"curies":[{"name":"wp","href":"https:\/\/api.w.org\/{rel}","templated":true}]}}