{"id":314562,"date":"2025-08-12T18:59:14","date_gmt":"2025-08-12T18:59:14","guid":{"rendered":"https:\/\/www.europesays.com\/fr\/314562\/"},"modified":"2025-08-12T18:59:14","modified_gmt":"2025-08-12T18:59:14","slug":"a-marseille-les-agents-hospitaliers-des-baumettes-sont-en-greve","status":"publish","type":"post","link":"https:\/\/www.europesays.com\/fr\/314562\/","title":{"rendered":"A Marseille, les agents hospitaliers des Baumettes sont en gr\u00e8ve"},"content":{"rendered":"<p>                         <img loading=\"lazy\" decoding=\"async\" src=\"https:\/\/www.europesays.com\/fr\/wp-content\/uploads\/2025\/08\/a5e3f17_upload-1-ozsql5go8sgi-maxnewsworldsix663455.jpg\" alt=\"Vue sur la prison des Baumettes \u00e0 Marseille et son extension, les Baumettes 3 qui devraient \u00eatre inaugur\u00e9es fin 2025, \u00e0 Marseille, le 25\u00a0juin 2025. \"   width=\"664\" height=\"443\"\/>    Vue sur la prison des Baumettes \u00e0 Marseille et son extension, les Baumettes 3 qui devraient \u00eatre inaugur\u00e9es fin 2025, \u00e0 Marseille, le 25\u00a0juin 2025.  GEORGES  ROBERT\/MAXPPP                 <\/p>\n<p class=\"article__paragraph  \">Slogans peints sur des draps, tubes de rap dans la sono, badge professionnel \u00e9pingl\u00e9 aux blouses blanches, table de pique-nique dress\u00e9e sous un micocoulier\u00a0: quelques dizaines d\u2019agents hospitaliers des Baumettes se sont rassembl\u00e9s, mardi 12\u00a0ao\u00fbt, devant l\u2019entr\u00e9e du centre p\u00e9nitentiaire marseillais. En gr\u00e8ve reconductible \u00e0 l\u2019appel de la CGT depuis le 8\u00a0ao\u00fbt, ces infirmi\u00e8res, aides-soignantes, psychologues, secr\u00e9taires m\u00e9dicales, tous personnels de l\u2019Assistance publique-H\u00f4pitaux de Marseille (AP-HM) exer\u00e7ant en d\u00e9tention, se mobilisent pour la d\u00e9fense de cong\u00e9s sp\u00e9cifiques \u00e0 leur statut.<\/p>\n<p class=\"article__paragraph  \">Depuis 1994, ils b\u00e9n\u00e9ficient de dix jours suppl\u00e9mentaires par an\u00a0et sont actuellement 93\u00a0professionnels param\u00e9dicaux \u00e0 \u00eatre concern\u00e9s par cette mesure.\u00a0La direction de l\u2019AP-HM\u00a0souhaite discuter de la sortie progressive de ce dispositif, sp\u00e9cifique aux Baumettes, qu\u2019elle qualifie d\u2019\u00ab\u00a0exorbitant du droit\u00a0\u00bb et \u00e9voque un souci d\u2019\u00e9quit\u00e9 avec d\u2019autres services\u00a0en milieu carc\u00e9ral qui n\u2019en b\u00e9n\u00e9ficient pas. Les hospitaliers de l\u2019\u00e9tablissement p\u00e9nitentiaire pour mineurs de La Valentine\u00a0se sont\u00a0joints au mouvement pour r\u00e9clamer ces cong\u00e9s nomm\u00e9s \u00ab\u00a0C16\u00a0\u00bb, d\u00e9non\u00e7ant \u00ab\u00a0une in\u00e9galit\u00e9 flagrante et injustifi\u00e9e entre personnels\u00a0\u00bb.<\/p>\n<p class=\"reading-mode-only \"><strong>Il vous reste 73.82% de cet article \u00e0 lire. La suite est r\u00e9serv\u00e9e aux abonn\u00e9s.<\/strong><\/p>\n","protected":false},"excerpt":{"rendered":"Vue sur la prison des Baumettes \u00e0 Marseille et son extension, les Baumettes 3 qui devraient \u00eatre inaugur\u00e9es&hellip;\n","protected":false},"author":2,"featured_media":314563,"comment_status":"","ping_status":"","sticky":false,"template":"","format":"standard","meta":{"footnotes":""},"categories":[2814],"tags":[1111,11,1777,674,1011,27,884,12,882,25],"class_list":{"0":"post-314562","1":"post","2":"type-post","3":"status-publish","4":"format-standard","5":"has-post-thumbnail","7":"category-marseille","8":"tag-actu","9":"tag-actualites","10":"tag-eu","11":"tag-europe","12":"tag-fr","13":"tag-france","14":"tag-marseille","15":"tag-news","16":"tag-provence-alpes-cote-dazur","17":"tag-republique-francaise"},"share_on_mastodon":{"url":"https:\/\/pubeurope.com\/@fr\/115017335705078117","error":""},"_links":{"self":[{"href":"https:\/\/www.europesays.com\/fr\/wp-json\/wp\/v2\/posts\/314562","targetHints":{"allow":["GET"]}}],"collection":[{"href":"https:\/\/www.europesays.com\/fr\/wp-json\/wp\/v2\/posts"}],"about":[{"href":"https:\/\/www.europesays.com\/fr\/wp-json\/wp\/v2\/types\/post"}],"author":[{"embeddable":true,"href":"https:\/\/www.europesays.com\/fr\/wp-json\/wp\/v2\/users\/2"}],"replies":[{"embeddable":true,"href":"https:\/\/www.europesays.com\/fr\/wp-json\/wp\/v2\/comments?post=314562"}],"version-history":[{"count":0,"href":"https:\/\/www.europesays.com\/fr\/wp-json\/wp\/v2\/posts\/314562\/revisions"}],"wp:featuredmedia":[{"embeddable":true,"href":"https:\/\/www.europesays.com\/fr\/wp-json\/wp\/v2\/media\/314563"}],"wp:attachment":[{"href":"https:\/\/www.europesays.com\/fr\/wp-json\/wp\/v2\/media?parent=314562"}],"wp:term":[{"taxonomy":"category","embeddable":true,"href":"https:\/\/www.europesays.com\/fr\/wp-json\/wp\/v2\/categories?post=314562"},{"taxonomy":"post_tag","embeddable":true,"href":"https:\/\/www.europesays.com\/fr\/wp-json\/wp\/v2\/tags?post=314562"}],"curies":[{"name":"wp","href":"https:\/\/api.w.org\/{rel}","templated":true}]}}