{"id":314566,"date":"2025-08-12T19:01:12","date_gmt":"2025-08-12T19:01:12","guid":{"rendered":"https:\/\/www.europesays.com\/fr\/314566\/"},"modified":"2025-08-12T19:01:12","modified_gmt":"2025-08-12T19:01:12","slug":"lespoir-tcheque-karabec-prete-a-lyon","status":"publish","type":"post","link":"https:\/\/www.europesays.com\/fr\/314566\/","title":{"rendered":"l&rsquo;espoir tch\u00e8que Karabec pr\u00eat\u00e9 \u00e0 Lyon"},"content":{"rendered":"<p>L\u2019olympique Lyonnais a mis\u00e9 sur un jeune milieu de terrain du Sparta Prague, Adam Karabec, pr\u00eat\u00e9 pour une saison.<\/p>\n<p class=\"fig-paragraph\">Le milieu de terrain international espoirs tch\u00e8que Adam Karabec, du Sparta Prague (1re div. tch\u00e8que), a \u00e9t\u00e9 pr\u00eat\u00e9 \u00e0 Lyon pour une saison avec une option d&rsquo;achat de 3,5 millions d&rsquo;euros, a annonc\u00e9 l&rsquo;OL mardi.<\/p>\n<p class=\"fig-paragraph\">Le montant du pr\u00eat payant est de 300.000 euros assorti d&rsquo;un bonus pouvant atteindre 800.000 euros. L&rsquo;accord pr\u00e9voit \u00e9galement 15% d&rsquo;int\u00e9ressement suppl\u00e9mentaire de 15% sur une \u00e9ventuelle revente future.<\/p>\n<p>                                    <a class=\"fig-a11y-skip a11y-hidden\" href=\"#fig-a11y-skip-main-inarticle\"><br \/>\n        Passer la publicit\u00e9<br \/>\n    <\/a><\/p>\n<p class=\"fig-paragraph\">Natif de Prague, Adam Karabec (1,87 m), \u00e2g\u00e9 de 22 ans, a \u00e9t\u00e9 \u00e9lu meilleur jeune joueur tch\u00e8que en 2020. Il \u00e9tait pr\u00eat\u00e9 la saison derni\u00e8re \u00e0 Hambourg avec qui il a r\u00e9alis\u00e9 une saison pleine avec 31 matches disput\u00e9s en 2e division allemande (3 buts, 7 passes d\u00e9cisives).<\/p>\n<p class=\"fig-paragraph\">Karabec est le second joueur tch\u00e8que recrut\u00e9 cet \u00e9t\u00e9 par l&rsquo;Olympique lyonnais, qui a d\u00e9j\u00e0 engag\u00e9 l&rsquo;international Pavel Sulc du Viktoria Plzen (1\u00e8re div. tch\u00e8que) pour un transfert de 7,5 millions d&rsquo;euros.<\/p>\n","protected":false},"excerpt":{"rendered":"L\u2019olympique Lyonnais a mis\u00e9 sur un jeune milieu de terrain du Sparta Prague, Adam Karabec, pr\u00eat\u00e9 pour une&hellip;\n","protected":false},"author":2,"featured_media":314567,"comment_status":"","ping_status":"","sticky":false,"template":"","format":"standard","meta":{"footnotes":""},"categories":[1889],"tags":[1111,11,2430,1777,674,1011,27,2428,12,978,25],"class_list":{"0":"post-314566","1":"post","2":"type-post","3":"status-publish","4":"format-standard","5":"has-post-thumbnail","7":"category-lyon","8":"tag-actu","9":"tag-actualites","10":"tag-auvergne-rhone-alpes","11":"tag-eu","12":"tag-europe","13":"tag-fr","14":"tag-france","15":"tag-lyon","16":"tag-news","17":"tag-olympique-lyonnais","18":"tag-republique-francaise"},"share_on_mastodon":{"url":"https:\/\/pubeurope.com\/@fr\/115017343511265009","error":""},"_links":{"self":[{"href":"https:\/\/www.europesays.com\/fr\/wp-json\/wp\/v2\/posts\/314566","targetHints":{"allow":["GET"]}}],"collection":[{"href":"https:\/\/www.europesays.com\/fr\/wp-json\/wp\/v2\/posts"}],"about":[{"href":"https:\/\/www.europesays.com\/fr\/wp-json\/wp\/v2\/types\/post"}],"author":[{"embeddable":true,"href":"https:\/\/www.europesays.com\/fr\/wp-json\/wp\/v2\/users\/2"}],"replies":[{"embeddable":true,"href":"https:\/\/www.europesays.com\/fr\/wp-json\/wp\/v2\/comments?post=314566"}],"version-history":[{"count":0,"href":"https:\/\/www.europesays.com\/fr\/wp-json\/wp\/v2\/posts\/314566\/revisions"}],"wp:featuredmedia":[{"embeddable":true,"href":"https:\/\/www.europesays.com\/fr\/wp-json\/wp\/v2\/media\/314567"}],"wp:attachment":[{"href":"https:\/\/www.europesays.com\/fr\/wp-json\/wp\/v2\/media?parent=314566"}],"wp:term":[{"taxonomy":"category","embeddable":true,"href":"https:\/\/www.europesays.com\/fr\/wp-json\/wp\/v2\/categories?post=314566"},{"taxonomy":"post_tag","embeddable":true,"href":"https:\/\/www.europesays.com\/fr\/wp-json\/wp\/v2\/tags?post=314566"}],"curies":[{"name":"wp","href":"https:\/\/api.w.org\/{rel}","templated":true}]}}