{"id":314574,"date":"2025-08-12T19:05:17","date_gmt":"2025-08-12T19:05:17","guid":{"rendered":"https:\/\/www.europesays.com\/fr\/314574\/"},"modified":"2025-08-12T19:05:17","modified_gmt":"2025-08-12T19:05:17","slug":"cette-ville-francaise-decroche-le-titre-de-ville-la-plus-culturelle-de-la-planete-en-2025-un-titre-amplement-merite","status":"publish","type":"post","link":"https:\/\/www.europesays.com\/fr\/314574\/","title":{"rendered":"Cette ville fran\u00e7aise d\u00e9croche le titre de ville la plus culturelle de la plan\u00e8te en 2025, un titre amplement m\u00e9rit\u00e9"},"content":{"rendered":"<p>&#13;<br \/>\n                            En r\u00e9sum\u00e9&#13;<br \/>\n                            \u2022 Paris \u00e9lue ville la plus culturelle en 2025 avec 96 % d&rsquo;avis positifs.  <br \/>\u2022 Culture omnipr\u00e9sente : mus\u00e9es, galeries, th\u00e9\u00e2tres et street art partout.  <br \/>\u2022 \u00c9v\u00e9nements gratuits et accessibles dynamisent la vie culturelle parisienne.                            <\/p>\n<p>Elle brille d\u00e9j\u00e0 par ses lumi\u00e8res, son histoire et son art de vivre\u2026 et voil\u00e0 que <strong>Paris<\/strong> ajoute une nouvelle p\u00e9pite \u00e0 sa couronne : celle de <b>ville la plus culturelle de la plan\u00e8te<\/b> en 2025. Un titre d\u00e9cern\u00e9 par le classement international de Time Out, qui a sond\u00e9 des milliers d\u2019habitants et voyageurs \u00e0 travers le monde. La capitale fran\u00e7aise n\u2019a pas seulement gagn\u00e9 : elle a conquis les c\u0153urs, avec 96 % des Parisiens jugeant leur offre culturelle \u00ab bonne \u00bb ou \u00ab incroyable \u00bb. Mais plut\u00f4t que de se reposer sur sa Tour Eiffel, Paris continue de surprendre, d\u2019innover et de faire battre le pouls de la culture comme nulle autre ville.<\/p>\n<p><b>L\u2019\u00e2me artistique qui coule dans ses veines<\/b><\/p>\n<p>\u00c0 <a href=\"https:\/\/discover.ulysse.com\/les-terrasses-secretes-de-paris-5-spots-caches-pour-deconnecter-en-toute-tranquillite\" rel=\"nofollow noopener\" target=\"_blank\">Paris<\/a>, la culture n\u2019est pas un programme qu\u2019on coche sur une liste : c\u2019est un parfum, une lumi\u00e8re, une vibration qui se ressent d\u00e8s le matin. Fl\u00e2ner le long de<strong> la Seine<\/strong>, c\u2019est d\u00e9j\u00e0 parcourir un mus\u00e9e \u00e0 ciel ouvert. Les fa\u00e7ades haussmanniennes, les kiosques \u00e0 journaux, les bouquinistes aux \u00e9tals color\u00e9s, les ponts qui racontent mille histoires\u2026 tout participe \u00e0 cette sensation d\u2019\u00eatre au c\u0153ur d\u2019un d\u00e9cor vivant. Et puis il y a ses temples :<strong> le Louvre<\/strong>, incontournable et majestueux, o\u00f9 la Joconde attire toujours son cort\u00e8ge d\u2019admirateurs ; le <strong>Mus\u00e9e d\u2019Orsay<\/strong>, avec ses horloges g\u00e9antes et ses toiles impressionnistes qui semblent encore vibrer de coups de pinceau ; ou encore le<strong> Centre Pompidou<\/strong>, ovni architectural o\u00f9 l\u2019art contemporain danse avec l\u2019audace.<\/p>\n<p>Mais Paris ne se r\u00e9sume pas \u00e0 ses ic\u00f4nes. Ses petites galeries d\u2019art, ses th\u00e9\u00e2tres de poche, ses cin\u00e9mas d\u2019auteur, ses caf\u00e9s o\u00f9 l\u2019on d\u00e9bat encore de litt\u00e9rature et de politique\u2026 tout cela compose une partition o\u00f9 chaque note a sa place. Et si la ville d\u00e9croche ce titre, c\u2019est aussi parce qu\u2019elle sait marier les classiques ind\u00e9modables avec des cr\u00e9ations effervescentes.<\/p>\n<blockquote class=\"instagram-media\" style=\"background: #FFF; border: 0; border-radius: 3px; margin: 1px; max-width: 540px; min-width: 326px; padding: 0; width: calc(100% - 2px);\" data-instgrm-captioned=\"\" data-instgrm-permalink=\"https:\/\/www.instagram.com\/p\/DG6DB2SiDWp\/?utm_source=ig_embed&amp;utm_campaign=loading\" data-instgrm-version=\"14\">\n<\/blockquote>\n<p><b>Une ville qui c\u00e9l\u00e8bre la culture \u00e0 ciel ouvert<\/b><\/p>\n<p>L\u2019un des secrets du charme culturel parisien ? Il ne s\u2019enferme pas entre quatre murs. En \u00e9t\u00e9, la ville se transforme en sc\u00e8ne g\u00e9ante : <b>F\u00eate de la Musique<\/b>, concerts improvis\u00e9s sur les quais, cin\u00e9ma en plein air \u00e0 la Villette\u2026 l\u2019art vient au public, et le public r\u00e9pond pr\u00e9sent. Dans les rues, les fresques color\u00e9es du street art jouent les contrepoints aux sculptures et colonnes historiques. Du 13e arrondissement \u00e0 Belleville, chaque quartier a sa personnalit\u00e9, ses clins d\u2019\u0153il artistiques, ses surprises visuelles.<\/p>\n<p>Et puis il y a ces rendez-vous annuels qui font vibrer toute la capitale : <b>Nuit Blanche<\/b>, o\u00f9 Paris ne dort pas et s\u2019illumine de cr\u00e9ations \u00e9ph\u00e9m\u00e8res ; <b>Paris Photo<\/b>, paradis des amateurs d\u2019images ; ou encore <b>FIAC<\/b>, haut lieu du march\u00e9 de l\u2019art. On pourrait passer un mois entier ici sans \u00e9puiser l\u2019agenda culturel, tant il est riche, vari\u00e9 et parfois totalement insolite. Ce dynamisme permanent explique pourquoi, malgr\u00e9 la concurrence mondiale, Paris reste ind\u00e9tr\u00f4nable.<\/p>\n<blockquote class=\"instagram-media\" style=\"background: #FFF; border: 0; border-radius: 3px; margin: 1px; max-width: 540px; min-width: 326px; padding: 0; width: calc(100% - 2px);\" data-instgrm-captioned=\"\" data-instgrm-permalink=\"https:\/\/www.instagram.com\/p\/DCKPK0OS-lS\/?utm_source=ig_embed&amp;utm_campaign=loading\" data-instgrm-version=\"14\">\n<\/blockquote>\n<p><b>Le quotidien d\u2019une capitale qui vit au rythme de l\u2019art<\/b><\/p>\n<p>Ce qui frappe, c\u2019est \u00e0 quel point la culture est int\u00e9gr\u00e9e \u00e0 la vie de tous les jours. Pas besoin de pr\u00e9voir une sortie sp\u00e9ciale : elle vous attend \u00e0 chaque d\u00e9tour. Un pianiste en herbe au d\u00e9tour d\u2019une station de m\u00e9tro, un march\u00e9 aux puces d\u00e9bordant de vinyles et d\u2019objets anciens, une librairie qui vous invite \u00e0 entrer comme un vieux copain\u2026 Ici, la curiosit\u00e9 est r\u00e9compens\u00e9e. Et il faut dire que la ville met les moyens : mus\u00e9es gratuits certains dimanches, expositions en plein air, parcours artistiques pour petits et grands.<\/p>\n<blockquote class=\"instagram-media\" style=\"background: #FFF; border: 0; border-radius: 3px; margin: 1px; max-width: 540px; min-width: 326px; padding: 0; width: calc(100% - 2px);\" data-instgrm-captioned=\"\" data-instgrm-permalink=\"https:\/\/www.instagram.com\/p\/DCoxboIP3Gs\/?utm_source=ig_embed&amp;utm_campaign=loading\" data-instgrm-version=\"14\">\n<\/blockquote>\n<p>C\u00f4t\u00e9 co\u00fbt de la vie, on sait que Paris n\u2019est pas r\u00e9put\u00e9e pour \u00eatre la moins ch\u00e8re des capitales, mais son offre culturelle sait s\u2019adapter : entre les \u00e9v\u00e9nements gratuits, les r\u00e9ductions pour les moins de 26 ans et les festivals accessibles, il y a toujours moyen de vivre intens\u00e9ment la ville sans se ruiner. Finalement, ce titre de \u00ab ville la plus culturelle du monde \u00bb d\u00e9cern\u00e9 par<a href=\"https:\/\/www.timeout.com\/about\/latest-news\/time-outs-best-city-for-culture-in-2025-is-paris-051425\" target=\"_blank\" rel=\"noopener nofollow\"> Time Out<\/a> n\u2019est pas seulement une r\u00e9compense : c\u2019est un constat. Paris ne fait pas que proposer de la culture : elle la respire, elle l\u2019incarne, elle l\u2019offre g\u00e9n\u00e9reusement \u00e0 ceux qui veulent s\u2019y plonger.<\/p>\n<p>                            <img loading=\"lazy\" alt=\"\" src=\"https:\/\/www.europesays.com\/fr\/wp-content\/uploads\/2025\/08\/1755025517_366_2ffae971c2015752e9ba2b0dc8038fff\"  class=\"avatar avatar-32 photo\" height=\"32\" width=\"32\" decoding=\"async\"\/>                            L\u00e9a Paci &#8211;<br \/>\n                            Il y a 3 heures                        <script async src=\"\/\/www.instagram.com\/embed.js\"><\/script><\/p>\n","protected":false},"excerpt":{"rendered":"&#13; En r\u00e9sum\u00e9&#13; \u2022 Paris \u00e9lue ville la plus culturelle en 2025 avec 96 % d&rsquo;avis positifs. \u2022&hellip;\n","protected":false},"author":2,"featured_media":314575,"comment_status":"","ping_status":"","sticky":false,"template":"","format":"standard","meta":{"footnotes":""},"categories":[1888],"tags":[1111,1928,11,1927,1777,674,1011,27,12,1926,626,1925,25],"class_list":{"0":"post-314574","1":"post","2":"type-post","3":"status-publish","4":"format-standard","5":"has-post-thumbnail","7":"category-paris","8":"tag-actu","9":"tag-actu-paris","10":"tag-actualites","11":"tag-actualites-paris","12":"tag-eu","13":"tag-europe","14":"tag-fr","15":"tag-france","16":"tag-news","17":"tag-news-paris","18":"tag-paris","19":"tag-paris-news","20":"tag-republique-francaise"},"share_on_mastodon":{"url":"https:\/\/pubeurope.com\/@fr\/115017359448058016","error":""},"_links":{"self":[{"href":"https:\/\/www.europesays.com\/fr\/wp-json\/wp\/v2\/posts\/314574","targetHints":{"allow":["GET"]}}],"collection":[{"href":"https:\/\/www.europesays.com\/fr\/wp-json\/wp\/v2\/posts"}],"about":[{"href":"https:\/\/www.europesays.com\/fr\/wp-json\/wp\/v2\/types\/post"}],"author":[{"embeddable":true,"href":"https:\/\/www.europesays.com\/fr\/wp-json\/wp\/v2\/users\/2"}],"replies":[{"embeddable":true,"href":"https:\/\/www.europesays.com\/fr\/wp-json\/wp\/v2\/comments?post=314574"}],"version-history":[{"count":0,"href":"https:\/\/www.europesays.com\/fr\/wp-json\/wp\/v2\/posts\/314574\/revisions"}],"wp:featuredmedia":[{"embeddable":true,"href":"https:\/\/www.europesays.com\/fr\/wp-json\/wp\/v2\/media\/314575"}],"wp:attachment":[{"href":"https:\/\/www.europesays.com\/fr\/wp-json\/wp\/v2\/media?parent=314574"}],"wp:term":[{"taxonomy":"category","embeddable":true,"href":"https:\/\/www.europesays.com\/fr\/wp-json\/wp\/v2\/categories?post=314574"},{"taxonomy":"post_tag","embeddable":true,"href":"https:\/\/www.europesays.com\/fr\/wp-json\/wp\/v2\/tags?post=314574"}],"curies":[{"name":"wp","href":"https:\/\/api.w.org\/{rel}","templated":true}]}}