{"id":314584,"date":"2025-08-12T19:10:14","date_gmt":"2025-08-12T19:10:14","guid":{"rendered":"https:\/\/www.europesays.com\/fr\/314584\/"},"modified":"2025-08-12T19:10:14","modified_gmt":"2025-08-12T19:10:14","slug":"leurope-finit-en-ordre-disperse-apres-linflation-americaine-et-la-treve-commerciale-usa-chine-12-08-2025-a-1855","status":"publish","type":"post","link":"https:\/\/www.europesays.com\/fr\/314584\/","title":{"rendered":"L&rsquo;Europe finit en ordre dispers\u00e9 apr\u00e8s l&rsquo;inflation am\u00e9ricaine et la tr\u00eave commerciale USA-Chine &#8211; 12\/08\/2025 \u00e0 18:55"},"content":{"rendered":"<p>        <img fetchpriority=\"high\" decoding=\"async\" src=\"https:\/\/www.europesays.com\/fr\/wp-content\/uploads\/2025\/08\/79baadb1b58f81108c41456a47bd3570-760x507.jpg\" alt=\"La bourse Euronext dans le quartier d'affaires de La D\u00e9fense \u00e0 Paris\" loading=\"eager\" width=\"760\" height=\"507\" style=\"max-width: 100%!important; height: auto;\"\/><\/p>\n<p class=\"c-image-news__legend\">La bourse Euronext dans le quartier d&rsquo;affaires de La D\u00e9fense \u00e0 Paris<\/p>\n<p>\n par Mara  Vilcu\n<\/p>\n<p>\n Les Bourses europ\u00e9ennes ont termin\u00e9 en ordre dispers\u00e9 mardi, alors que les march\u00e9s ont pris connaissance des chiffres de l&rsquo;inflation am\u00e9ricaine et de la prolongation de 90 jours de la tr\u00eave commerciale entre les Etats-Unis et la Chine.\n<\/p>\n<p>\n \u00c0 Paris, le CAC 40 a gagn\u00e9 0,71% \u00e0 7.753,42 points vers 15h55 GMT. \u00c0 Francfort, le Dax a perdu 0,13% et \u00e0 Londres, le FTSE 100 a mont\u00e9 de 0,20%.\n<\/p>\n<p>\n L&rsquo;indice EuroStoxx 50 a progress\u00e9 de 0,16%, le FTSEurofirst 300 a avanc\u00e9 de 0,21% et le Stoxx 600 a gagn\u00e9 0,24%.\n<\/p>\n<p>\n Ce mardi, les donn\u00e9es sur les prix \u00e0 la consommation aux \u00c9tats-Unis ont apais\u00e9 les craintes que les droits de douane ne commencent d\u00e9j\u00e0 \u00e0 faire grimper l&rsquo;inflation, quelques heures apr\u00e8s que Washington et P\u00e9kin se sont mis d&rsquo;accord sur une tr\u00eave commerciale de 90 jours.\n<\/p>\n<p>\n Via son r\u00e9seau Truth Social, Donald Trump a annonc\u00e9 lundi soir avoir sign\u00e9 un d\u00e9cret suspendant jusqu&rsquo;au 10 novembre \u00e0 00h01 (05h01 GMT) l&rsquo;application des droits de douane annonc\u00e9s plus t\u00f4t cette ann\u00e9e sur les produits en provenance de Chine.\n<\/p>\n<p>\n Sur le front des donn\u00e9es \u00e9conomiques, les prix \u00e0 la consommation (CPI) aux Etats-Unis ont l\u00e9g\u00e8rement augment\u00e9 en juillet mais une mesure sous-jacente a enregistr\u00e9 sa plus forte hausse en six mois, sous l&rsquo;effet des droits de douane am\u00e9ricains.\n<\/p>\n<p>\n En ce qui concerne ces chiffres, Carl Weinberg, \u00e9conomiste en chef chez High Frequency Economics, a d\u00e9clar\u00e9 : \u00ab\u00a0Les prix des biens de base augmentent r\u00e9guli\u00e8rement. Mais nous ne voyons aucun signe dans ces donn\u00e9es de juillet indiquant que les droits de douane ont fait grimper les CPI\u00a0\u00bb.\n<\/p>\n<p>\n Par ailleurs, Donald Trump a menac\u00e9 mardi d&rsquo;une action en justice le pr\u00e9sident de la R\u00e9serve f\u00e9d\u00e9rale am\u00e9ricaine (Fed) Jerome Powell, \u00e0 qui il reproche de ne pas avoir baiss\u00e9 ces derniers mois les taux d&rsquo;int\u00e9r\u00eat.\n<\/p>\n<p>\n La prudence domine plus g\u00e9n\u00e9ralement avant la rencontre pr\u00e9vue vendredi en Alaska entre les pr\u00e9sidents Donald Trump et Vladimir Poutine pour discuter d&rsquo;un accord de cessez-le-feu, alors que l&rsquo;Europe s&#8217;emploie \u00e0 influer la position am\u00e9ricaine sur ce dossier o\u00f9 le pr\u00e9sident ukrainien, Volodimir Zelensky, n&rsquo;est pas convi\u00e9.\n<\/p>\n<p>\n VALEURS\n<\/p>\n<p>\n Valneva a bondit de 8,74% apr\u00e8s avoir fait \u00e9tat mardi d&rsquo;un chiffre d&rsquo;affaires en hausse de 37,8% sur les six premiers mois de l&rsquo;ann\u00e9e, port\u00e9 notamment par les ventes de son vaccin Ixiaro\/Jespect.\n<\/p>\n<p>\n UBS a abandonn\u00e9 0,16% apr\u00e8s une vente d&rsquo;environ 16 millions d&rsquo;actions de la banque par un investisseur.\n<\/p>\n<p>\n Bellway (+1,64%) a \u00e9t\u00e9 port\u00e9 par ses pr\u00e9visions de livraisons de logements pour l&rsquo;exercice 2026.\n<\/p>\n<p>\n A WALL STREET\n<\/p>\n<p>\n \u00c0 l&rsquo;heure de la cl\u00f4ture en Europe, les \u00e9changes \u00e0 la Bourse de New York indiquaient une hausse de 1,01% pour le Dow Jones, de 0,85% pour le Standard &amp; Poor&rsquo;s 500 et de 0,99% pour le Nasdaq Composite.\n<\/p>\n<p>\n CHANGES\n<\/p>\n<p>\n Le dollar s&rsquo;est affaibli face \u00e0 l&rsquo;euro mardi apr\u00e8s une hausse mod\u00e9r\u00e9e des prix \u00e0 la consommation aux \u00c9tats-Unis en juillet, laissant intactes les perspectives d&rsquo;une baisse des taux d&rsquo;int\u00e9r\u00eat par la Fed le mois prochain.\n<\/p>\n<p>\n Le dollar perd 0,53% face \u00e0 un panier de devises de r\u00e9f\u00e9rence.\n<\/p>\n<p>\n L&rsquo;euro gagne 0,6% \u00e0 1,1684 dollar.\n<\/p>\n<p>\n TAUX\n<\/p>\n<p>\n Les rendements am\u00e9ricains \u00e0 deux ans, les plus sensibles aux anticipations de taux de la Fed, baissent mardi apr\u00e8s la publication de donn\u00e9es indiquant que l&rsquo;inflation des prix \u00e0 la consommation aux \u00c9tats-Unis \u00e9tait globalement conforme aux pr\u00e9visions des \u00e9conomistes pour le mois de juillet et n&rsquo;avait que peu augment\u00e9 sous l&rsquo;effet des droits de douane, ce qui devrait ouvrir la voie \u00e0 une baisse des taux d&rsquo;int\u00e9r\u00eat par la Fed en septembre.\n<\/p>\n<p>\n Le rendement des Treasuries \u00e0 dix ans avance de 2,9 points de base \u00e0 4,3024%. Le deux ans recule de 2,5 points de base \u00e0 3,7288%.\n<\/p>\n<p>\n Le rendement du Bund allemand \u00e0 dix ans avance de 4,9 points de base \u00e0 2,7447%. Le deux ans gagne 0,3 point de base \u00e0 1,9720%.\n<\/p>\n<p>\n P\u00c9TROLE\n<\/p>\n<p>\n Les prix du p\u00e9trole sont en baisse mardi apr\u00e8s la prolongation de la tr\u00eave commerciale entre les Etats-Unis et la Chine, et apr\u00e8s la publication des donn\u00e9es sur l&rsquo;inflation am\u00e9ricaine.\n<\/p>\n<p>\n Le Brent perd 0,33% \u00e0 66,41 dollars le baril et le brut l\u00e9ger am\u00e9ricain (West Texas Intermediate, WTI) abandonne 0,63% \u00e0 63,56 dollars.\n<\/p>\n<p>\n A SUIVRE LE 13 AOUT :\n<\/p>\n<p>\n (Certaines donn\u00e9es peuvent accuser un l\u00e9ger d\u00e9calage)\n<\/p>\n<p>\n (R\u00e9dig\u00e9 par Mara V\u00eelcu, \u00e9dit\u00e9 par Kate Entringer)<\/p>\n","protected":false},"excerpt":{"rendered":"La bourse Euronext dans le quartier d&rsquo;affaires de La D\u00e9fense \u00e0 Paris par Mara Vilcu Les Bourses europ\u00e9ennes&hellip;\n","protected":false},"author":2,"featured_media":314585,"comment_status":"","ping_status":"","sticky":false,"template":"","format":"standard","meta":{"footnotes":""},"categories":[1589],"tags":[400,11,398,408,405,73,1866,403,402,399,404,12,401,406,1864,1865,1863,308,407],"class_list":{"0":"post-314584","1":"post","2":"type-post","3":"status-publish","4":"format-standard","5":"has-post-thumbnail","7":"category-etats-unis","8":"tag-action-cac-40","9":"tag-actualites","10":"tag-bourse-de-paris","11":"tag-boursorama","12":"tag-cotations","13":"tag-etats-unis","14":"tag-etats-unis-damerique","15":"tag-indices-devises","16":"tag-investir","17":"tag-investissement","18":"tag-marche-boursier","19":"tag-news","20":"tag-sicav","21":"tag-trackers","22":"tag-united-states","23":"tag-united-states-of-america","24":"tag-us","25":"tag-usa","26":"tag-warrants"},"share_on_mastodon":{"url":"https:\/\/pubeurope.com\/@fr\/115017379568448520","error":""},"_links":{"self":[{"href":"https:\/\/www.europesays.com\/fr\/wp-json\/wp\/v2\/posts\/314584","targetHints":{"allow":["GET"]}}],"collection":[{"href":"https:\/\/www.europesays.com\/fr\/wp-json\/wp\/v2\/posts"}],"about":[{"href":"https:\/\/www.europesays.com\/fr\/wp-json\/wp\/v2\/types\/post"}],"author":[{"embeddable":true,"href":"https:\/\/www.europesays.com\/fr\/wp-json\/wp\/v2\/users\/2"}],"replies":[{"embeddable":true,"href":"https:\/\/www.europesays.com\/fr\/wp-json\/wp\/v2\/comments?post=314584"}],"version-history":[{"count":0,"href":"https:\/\/www.europesays.com\/fr\/wp-json\/wp\/v2\/posts\/314584\/revisions"}],"wp:featuredmedia":[{"embeddable":true,"href":"https:\/\/www.europesays.com\/fr\/wp-json\/wp\/v2\/media\/314585"}],"wp:attachment":[{"href":"https:\/\/www.europesays.com\/fr\/wp-json\/wp\/v2\/media?parent=314584"}],"wp:term":[{"taxonomy":"category","embeddable":true,"href":"https:\/\/www.europesays.com\/fr\/wp-json\/wp\/v2\/categories?post=314584"},{"taxonomy":"post_tag","embeddable":true,"href":"https:\/\/www.europesays.com\/fr\/wp-json\/wp\/v2\/tags?post=314584"}],"curies":[{"name":"wp","href":"https:\/\/api.w.org\/{rel}","templated":true}]}}