{"id":314588,"date":"2025-08-12T19:12:15","date_gmt":"2025-08-12T19:12:15","guid":{"rendered":"https:\/\/www.europesays.com\/fr\/314588\/"},"modified":"2025-08-12T19:12:15","modified_gmt":"2025-08-12T19:12:15","slug":"les-tensions-sintensifient-a-la-frontiere-entre-lallemagne-et-la-pologne-apres-de-nouveaux-controles","status":"publish","type":"post","link":"https:\/\/www.europesays.com\/fr\/314588\/","title":{"rendered":"Les tensions s\u2019intensifient \u00e0 la fronti\u00e8re entre l\u2019Allemagne et la Pologne apr\u00e8s de nouveaux contr\u00f4les"},"content":{"rendered":"<p style=\"text-align: left\"><strong>La Pologne a mis en place des contr\u00f4les al\u00e9atoires \u00e0 la fronti\u00e8re avec l\u2019Allemagne ce lundi 7 juillet, exacerbant ainsi le conflit entre Varsovie et Berlin et faisant planer une menace sur les voyages d\u2019\u00e9t\u00e9 et la libre circulation au sein de l\u2019espace Schengen.<\/strong><\/p>\n<p style=\"text-align: left\">Ces contr\u00f4les, qui ont d\u00e9but\u00e9 \u00e0 minuit, s\u2019appliquent \u00e0 tous les points de passage entre la Pologne et l\u2019Allemagne. Varsovie <a href=\"https:\/\/www.euractiv.fr\/section\/politics\/news\/la-pologne-reintroduit-les-controles-aux-frontieres-avec-lallemagne-et-la-lituanie\/\" target=\"_blank\" rel=\"noopener nofollow\">avait annonc\u00e9<\/a> cette mesure la semaine derni\u00e8re en repr\u00e9sailles aux contr\u00f4les mis en place par Berlin.<\/p>\n<p style=\"text-align: left\">L\u2019Allemagne effectue des contr\u00f4les sporadiques \u00e0 la fronti\u00e8re avec la Pologne depuis octobre 2023 afin de mettre un terme \u00e0 l\u2019immigration clandestine, et a renforc\u00e9 ces contr\u00f4les peu apr\u00e8s l\u2019arriv\u00e9e de la formation du nouveau gouvernement CDU\/CSU-SPD de Friedrich Merz (CDU, Parti populaire europ\u00e9en\/PPE) en mai.<\/p>\n<p style=\"text-align: left\">Si les deux capitales ont initialement <a href=\"https:\/\/www.euractiv.fr\/section\/politics\/news\/a-varsovie-le-chancelier-allemand-reste-evasif-sur-les-grands-dossiers\/\" target=\"_blank\" rel=\"noopener nofollow\">tent\u00e9 d\u2019apaiser les tensions<\/a>, l\u2019escalade des repr\u00e9sailles risque de transformer la fronti\u00e8re en un point chaud politique et \u00e9conomique, et devrait mettre \u00e0 l\u2019\u00e9preuve le leadership du Premier ministre polonais Donald Tusk (Plateforme civique, PO\/PPE)<\/p>\n<p style=\"text-align: left\">Donald Tusk a soulign\u00e9 \u00e0 plusieurs reprises que Varsovie aurait pr\u00e9f\u00e9r\u00e9 \u00e9viter de tels contr\u00f4les et a exhort\u00e9 Berlin \u00e0 renoncer \u00e0 ses mesures unilat\u00e9rales. Cependant, sous la pression de l\u2019opposition d\u2019extr\u00eame droite polonaise, le parti Droit et Justice (PiS), le gouvernement a opt\u00e9 pour des repr\u00e9sailles, <a href=\"https:\/\/www.euractiv.fr\/section\/politics\/news\/la-pologne-rejette-lidee-de-patrouilles-frontalieres-conjointes-avec-lallemagne\/\" target=\"_blank\" rel=\"noopener nofollow\">rejetant<\/a> les propositions allemandes de patrouilles conjointes.<\/p>\n<p style=\"text-align: left\">Le syndicat allemand de la police (GdP) a mis en garde contre un \u00ab\u2009jeu de ping-pong\u2009\u00bb \u00e0 la fronti\u00e8re, appelant \u00e0 une coordination plus \u00e9troite pour \u00e9viter le chaos.<\/p>\n<p style=\"text-align: left\">\u00ab\u2009Nous avons besoin d\u2019engagements clairs concernant les cas dans lesquels nous pouvons et devons refouler des personnes\u2009\u00bb, <a href=\"https:\/\/rp-online.de\/politik\/deutschland\/grenzkontrollen-zu-polen-ab-heute-polizei-mit-sorge_aid-130505119\" target=\"_blank\" rel=\"noopener nofollow\">a expliqu\u00e9<\/a> Andreas Ro\u00dfkopf, pr\u00e9sident du syndicat allemand de la police, au journal Rheinische Post. \u00ab\u2009Cela doit \u00eatre convenu avec les pays voisins afin que cela devienne une proc\u00e9dure pratique.\u2009\u00bb<\/p>\n<p style=\"text-align: left\">Les contr\u00f4les aux fronti\u00e8res devraient entra\u00eener des retards importants au moins jusqu\u2019au d\u00e9but du mois d\u2019ao\u00fbt, ce qui portera un coup dur au commerce transfrontalier et au trafic estival en pleine saison.<\/p>\n<p style=\"text-align: left\">Les repr\u00e9sentants des entreprises ont exprim\u00e9 leur inqui\u00e9tude quant aux perturbations des flux de main-d\u2019\u0153uvre transfrontali\u00e8re et des cha\u00eenes d\u2019approvisionnement, tandis que les autorit\u00e9s locales s\u2019inqui\u00e8tent pour l\u2019\u00e9conomie locale et le d\u00e9but de la saison estivale.<\/p>\n<p style=\"text-align: left\">\u00ab\u2009Les contr\u00f4les aux fronti\u00e8res entr\u00e9s en vigueur lundi touchent durement de nombreuses entreprises, en particulier dans les r\u00e9gions frontali\u00e8res\u2009\u00bb, a confi\u00e9 Helena Melnikov, directrice g\u00e9n\u00e9rale de la Chambre allemande de commerce et d\u2019industrie (DIHK), \u00e0 Euractiv.<\/p>\n<p style=\"text-align: left\">\u00ab\u2009Les retards dans la circulation des marchandises et les conditions plus difficiles pour les navetteurs p\u00e8sent lourdement sur les activit\u00e9s quotidiennes, en particulier dans les r\u00e9gions d\u00e9j\u00e0 confront\u00e9es \u00e0 une p\u00e9nurie de main-d\u2019\u0153uvre qualifi\u00e9e\u2009\u00bb, a-t-elle ajout\u00e9.<\/p>\n<p style=\"text-align: left\">Helena Melnikov a averti que ces mesures menacent non seulement la comp\u00e9titivit\u00e9, mais aussi la \u00ab\u2009confiance\u2009\u00bb dans le march\u00e9 unique de l\u2019UE. \u00ab\u2009L\u2019Europe d\u00e9pend de l\u2019ouverture des fronti\u00e8res, tant sur le plan \u00e9conomique que social\u2009\u00bb, a-t-elle d\u00e9clar\u00e9.<\/p>\n<p style=\"text-align: left\">\u00ab\u2009Le retour \u00e0 des contr\u00f4les permanents aux fronti\u00e8res ne doit pas devenir la nouvelle norme. Ce serait un pas en arri\u00e8re pour l\u2019Allemagne et pour l\u2019Europe\u2009\u00bb, a-t-elle ajout\u00e9.<\/p>\n<p style=\"text-align: left\">Les entreprises r\u00e9clament d\u00e9sormais des solutions pragmatiques, telles que des laissez-passer pour les navetteurs et des voies r\u00e9serv\u00e9es au trafic de marchandises, afin d\u2019att\u00e9nuer le choc \u00e9conomique.<\/p>\n<p>L\u2019espace Schengen menac\u00e9<\/p>\n<p style=\"text-align: left\">La d\u00e9cision de Varsovie porte \u00e0 onze le nombre total de pays qui ont r\u00e9introduit les contr\u00f4les, dont la France, l\u2019Autriche, les Pays-Bas et la <a href=\"https:\/\/www.euractiv.fr\/section\/politics\/news\/schengen-la-belgique-dernier-pays-en-date-retablir-les-controles-aux-frontieres\/\" target=\"_blank\" rel=\"noopener nofollow\">Belgique<\/a>, portant un nouveau coup au r\u00eave de libre circulation de l\u2019espace Schengen, quelques jours seulement apr\u00e8s le 40e anniversaire de l\u2019accord de Schengen.<\/p>\n<p style=\"text-align: left\">Cela signifie que pr\u00e8s d\u2019un tiers des membres de l\u2019espace Schengen appliquent d\u00e9sormais des contr\u00f4les temporaires, malgr\u00e9 la promesse fondatrice du bloc de garantir la libre circulation \u00e0 l\u2019int\u00e9rieur de ses fronti\u00e8res.<\/p>\n<p><img loading=\"lazy\" decoding=\"async\" width=\"800\" height=\"585\" src=\"https:\/\/www.europesays.com\/fr\/wp-content\/uploads\/2025\/08\/GettyImages-2180913018-e1751604008788-1-800x585.jpg\" class=\"attachment-4x3 size-4x3 wp-post-image ea-media-unrolled ea-media-formatted img-responsive\" alt=\"\"\/><\/p>\n<p>[\u00c9dit\u00e9 par Anne-Sophie Gayet]<\/p>\n","protected":false},"excerpt":{"rendered":"La Pologne a mis en place des contr\u00f4les al\u00e9atoires \u00e0 la fronti\u00e8re avec l\u2019Allemagne ce lundi 7 juillet,&hellip;\n","protected":false},"author":2,"featured_media":314589,"comment_status":"","ping_status":"","sticky":false,"template":"","format":"standard","meta":{"footnotes":""},"categories":[1587],"tags":[11,672,1804,1805,1803,1777,674,1801,12,1802],"class_list":{"0":"post-314588","1":"post","2":"type-post","3":"status-publish","4":"format-standard","5":"has-post-thumbnail","7":"category-allemagne","8":"tag-actualites","9":"tag-allemagne","10":"tag-bundesrepublik-deutschland","11":"tag-de","12":"tag-deutschland","13":"tag-eu","14":"tag-europe","15":"tag-germany","16":"tag-news","17":"tag-republique-federale-dallemagne"},"share_on_mastodon":{"url":"https:\/\/pubeurope.com\/@fr\/115017386888393581","error":""},"_links":{"self":[{"href":"https:\/\/www.europesays.com\/fr\/wp-json\/wp\/v2\/posts\/314588","targetHints":{"allow":["GET"]}}],"collection":[{"href":"https:\/\/www.europesays.com\/fr\/wp-json\/wp\/v2\/posts"}],"about":[{"href":"https:\/\/www.europesays.com\/fr\/wp-json\/wp\/v2\/types\/post"}],"author":[{"embeddable":true,"href":"https:\/\/www.europesays.com\/fr\/wp-json\/wp\/v2\/users\/2"}],"replies":[{"embeddable":true,"href":"https:\/\/www.europesays.com\/fr\/wp-json\/wp\/v2\/comments?post=314588"}],"version-history":[{"count":0,"href":"https:\/\/www.europesays.com\/fr\/wp-json\/wp\/v2\/posts\/314588\/revisions"}],"wp:featuredmedia":[{"embeddable":true,"href":"https:\/\/www.europesays.com\/fr\/wp-json\/wp\/v2\/media\/314589"}],"wp:attachment":[{"href":"https:\/\/www.europesays.com\/fr\/wp-json\/wp\/v2\/media?parent=314588"}],"wp:term":[{"taxonomy":"category","embeddable":true,"href":"https:\/\/www.europesays.com\/fr\/wp-json\/wp\/v2\/categories?post=314588"},{"taxonomy":"post_tag","embeddable":true,"href":"https:\/\/www.europesays.com\/fr\/wp-json\/wp\/v2\/tags?post=314588"}],"curies":[{"name":"wp","href":"https:\/\/api.w.org\/{rel}","templated":true}]}}