{"id":314592,"date":"2025-08-12T19:14:09","date_gmt":"2025-08-12T19:14:09","guid":{"rendered":"https:\/\/www.europesays.com\/fr\/314592\/"},"modified":"2025-08-12T19:14:09","modified_gmt":"2025-08-12T19:14:09","slug":"le-lobby-automobile-allemand-exhorte-lue-a-collaborer-avec-donald-trump-sur-les-tarifs-douaniers","status":"publish","type":"post","link":"https:\/\/www.europesays.com\/fr\/314592\/","title":{"rendered":"le lobby automobile allemand exhorte l&rsquo;UE \u00e0 collaborer avec Donald Trump sur les tarifs douaniers"},"content":{"rendered":"<p>Fin juillet, Donald Trump et la pr\u00e9sidente de la Commission europ\u00e9enne ont conclu un accord qui, selon l&rsquo;Union europ\u00e9enne, porterait les droits de douane am\u00e9ricains sur les voitures \u00e0 15%, contre 27,5% auparavant.<\/p>\n<p>L&rsquo;Allemagne et l&rsquo;Union europ\u00e9enne devraient collaborer avec le pr\u00e9sident am\u00e9ricain Donald Trump pour r\u00e9duire les droits de douane sur les voitures, conform\u00e9ment \u00e0 l&rsquo;accord UE-\u00c9tats-Unis, a affirm\u00e9 mardi le lobby automobile allemand, avertissant que des milliards \u00e9taient en jeu.<\/p>\n<p>\u00ab\u00a0Les \u00c9tats-Unis doivent supprimer leurs droits de douane sectoriels sur les industries automobiles europ\u00e9ennes et allemandes\u00a0\u00bb, a d\u00e9clar\u00e9 Hildegard M\u00fcller, responsable du lobby automobile VDA, au quotidien \u00e9conomique Handelsblatt.<\/p>\n<blockquote class=\"embed embed_quote\"><p>\u00ab\u00a0La Commission europ\u00e9enne et le gouvernement allemand doivent tout mettre en oeuvre pour y parvenir\u00a0\u00bb, a-t-elle ajout\u00e9.<\/p><\/blockquote>\n<p><a href=\"https:\/\/www.bfmtv.com\/economie\/international\/15-de-droits-de-douane-achat-d-hydrocarbures-ce-que-contient-l-accord-commercial-entre-l-ue-et-les-etats-unis-juge-desequilibre-par-la-france_AD-202507280131.html\" title=\"15% de droits de douane, achat d&#039;hydrocarbures... Ce que contient l&#039;accord commercial entre l&#039;UE et les \u00c9tats-Unis jug\u00e9 &quot;d\u00e9s\u00e9quilibr\u00e9&quot; par la France\" class=\"internal_link\" rel=\"nofollow noopener\" target=\"_blank\">Fin juillet<\/a>, Donald Trump et la pr\u00e9sidente de la Commission europ\u00e9enne, Ursula von der Leyen, ont conclu un accord qui, selon l&rsquo;UE, porterait les droits de douane am\u00e9ricains sur les voitures \u00e0 15%, contre 27,5% auparavant.<\/p>\n<p>Un accord qui apporte \u00ab\u00a0aucune clart\u00e9 ni aucune am\u00e9lioration\u00a0\u00bb<\/p>\n<p>Mais le gouvernement am\u00e9ricain n&rsquo;a pas encore supprim\u00e9 <a href=\"https:\/\/www.bfmtv.com\/economie\/international\/donald-trump-reflechit-a-des-droits-de-douane-d-environ-25-sur-l-automobile_AD-202502190082.html\" title=\"Donald Trump pr\u00e9voit 25% de droits de douane sur l&#039;automobile, les semi-conducteurs et la pharmacie\" class=\"internal_link\" rel=\"nofollow noopener\" target=\"_blank\">ses droits de douane sectoriels sur les voitures<\/a>, et Hildegard M\u00fcller a affirm\u00e9 que rien n&rsquo;avait chang\u00e9 pour les constructeurs automobiles sur le terrain.<\/p>\n<blockquote class=\"embed embed_quote\"><p>\u00ab\u00a0L&rsquo;accord entre l&rsquo;UE et les \u00c9tats-Unis n&rsquo;a jusqu&rsquo;\u00e0 pr\u00e9sent apport\u00e9 aucune clart\u00e9 ni aucune am\u00e9lioration pour l&rsquo;industrie automobile allemande\u00a0\u00bb, a-t-elle regrett\u00e9. \u00ab\u00a0Les co\u00fbts se chiffrent d\u00e9j\u00e0 en milliards et continuent d&rsquo;augmenter\u00a0\u00bb, a-t-elle ajout\u00e9.<\/p><\/blockquote>\n<p>S&rsquo;exprimant lors d&rsquo;un point de presse habituel mardi, le porte-parole de l&rsquo;UE pour le commerce, Olof Gill, a indiqu\u00e9 qu&rsquo;il ne pouvait pas fixer de date pr\u00e9cise pour la mise en oeuvre compl\u00e8te de l&rsquo;accord UE-\u00c9tats-Unis.<\/p>\n<p>\u00ab\u00a0Les \u00c9tats-Unis se sont engag\u00e9s \u00e0 ce que le droit de douane g\u00e9n\u00e9ral de 15% s&rsquo;applique aux voitures\u00a0\u00bb, a-t-il comment\u00e9. \u00ab\u00a0Nous ne savons pas pr\u00e9cis\u00e9ment quand cela se produira. Nous savons que cela se produira\u00a0\u00bb.<\/p>\n","protected":false},"excerpt":{"rendered":"Fin juillet, Donald Trump et la pr\u00e9sidente de la Commission europ\u00e9enne ont conclu un accord qui, selon l&rsquo;Union&hellip;\n","protected":false},"author":2,"featured_media":314593,"comment_status":"","ping_status":"","sticky":false,"template":"","format":"standard","meta":{"footnotes":""},"categories":[1586],"tags":[11,1777,674,1779,1011,27,12,25,1778,364],"class_list":{"0":"post-314592","1":"post","2":"type-post","3":"status-publish","4":"format-standard","5":"has-post-thumbnail","7":"category-europe","8":"tag-actualites","9":"tag-eu","10":"tag-europe","11":"tag-european-union","12":"tag-fr","13":"tag-france","14":"tag-news","15":"tag-republique-francaise","16":"tag-ue","17":"tag-union-europeenne"},"share_on_mastodon":{"url":"https:\/\/pubeurope.com\/@fr\/115017394666066684","error":""},"_links":{"self":[{"href":"https:\/\/www.europesays.com\/fr\/wp-json\/wp\/v2\/posts\/314592","targetHints":{"allow":["GET"]}}],"collection":[{"href":"https:\/\/www.europesays.com\/fr\/wp-json\/wp\/v2\/posts"}],"about":[{"href":"https:\/\/www.europesays.com\/fr\/wp-json\/wp\/v2\/types\/post"}],"author":[{"embeddable":true,"href":"https:\/\/www.europesays.com\/fr\/wp-json\/wp\/v2\/users\/2"}],"replies":[{"embeddable":true,"href":"https:\/\/www.europesays.com\/fr\/wp-json\/wp\/v2\/comments?post=314592"}],"version-history":[{"count":0,"href":"https:\/\/www.europesays.com\/fr\/wp-json\/wp\/v2\/posts\/314592\/revisions"}],"wp:featuredmedia":[{"embeddable":true,"href":"https:\/\/www.europesays.com\/fr\/wp-json\/wp\/v2\/media\/314593"}],"wp:attachment":[{"href":"https:\/\/www.europesays.com\/fr\/wp-json\/wp\/v2\/media?parent=314592"}],"wp:term":[{"taxonomy":"category","embeddable":true,"href":"https:\/\/www.europesays.com\/fr\/wp-json\/wp\/v2\/categories?post=314592"},{"taxonomy":"post_tag","embeddable":true,"href":"https:\/\/www.europesays.com\/fr\/wp-json\/wp\/v2\/tags?post=314592"}],"curies":[{"name":"wp","href":"https:\/\/api.w.org\/{rel}","templated":true}]}}