{"id":314599,"date":"2025-08-12T19:18:13","date_gmt":"2025-08-12T19:18:13","guid":{"rendered":"https:\/\/www.europesays.com\/fr\/314599\/"},"modified":"2025-08-12T19:18:13","modified_gmt":"2025-08-12T19:18:13","slug":"scottie-scheffler-fait-appel-au-caddie-de-chris-kirk-mike-cromie","status":"publish","type":"post","link":"https:\/\/www.europesays.com\/fr\/314599\/","title":{"rendered":"Scottie Scheffler fait appel au caddie de Chris Kirk, Mike Cromie"},"content":{"rendered":"<p><strong>D\u00e9j\u00e0 absent pour des soucis d\u2019ordres familiaux la semaine pass\u00e9e \u00e0 Memphis au d\u00e9part du 4e tour du FedEx St. Jude Championship, Ted Scott (photo), le caddie embl\u00e9matique de Scottie Scheffler, ne sera pas aupr\u00e8s du n\u00b01 mondial pour le BMW Championship, la deuxi\u00e8me \u00e9tape des Playoffs de la FedEx Cup. C\u2019est Mike Cromie, le caddie habituel de Chris Kirk, qui va assurer l\u2019int\u00e9rim.\u00a0<\/strong><\/p>\n<p>\t\t\t\t\t<a id=\"181442\" href=\"https:\/\/www.formigolf.fr\/voyage-pays~fairplay_golf__spa_resort_5etoiles_cadiz~199~espagne\" target=\"_blank\" rel=\"sponsorised nofollow noopener\"><img decoding=\"async\" src=\"data:image\/svg+xml,%3Csvg%20xmlns=\" http:=\"\" class=\"img-responsive\" alt=\"\" data-lazy-src=\"https:\/\/www.europesays.com\/fr\/wp-content\/uploads\/2025\/08\/formigolf-e08-andalousie-cadiz-1170x275-1.gif\"\/><\/a><\/p>\n<p>Qu\u2019arrive-t-il au juste \u00e0 <strong>Ted Scott<\/strong> ? Le caddie vedette de <strong>Scottie Scheffler<\/strong> n\u2019\u00e9tait pas pr\u00e9sent aux c\u00f4t\u00e9s de l\u2019incontestable n\u00b01 mondial la semaine pass\u00e9e dans le Tennessee pour le dernier tour du <strong>FedEx St. Jude Championship<\/strong> regroupant les 70 meilleurs (69 puisque <strong>Rory McIlroy<\/strong> a brill\u00e9 par son absence) de la saison r\u00e9guli\u00e8re du <strong>PGA Tour<\/strong>.\u00a0<\/p>\n<p>Retourn\u00e9 aupr\u00e8s des siens pour r\u00e9gler des \u00ab\u00a0probl\u00e8mes familiaux\u00a0\u00bb, Ted Scott ne sera pas non plus au d\u00e9part du <strong>BMW Championship<\/strong> dans le Maryland, au Caves Valley Golf Club, o\u00f9 les 50 \u00ab\u00a0rescap\u00e9s\u00a0\u00bb de Memphis s\u2019affronteront \u00e0 partir de jeudi pour une dotation de 20 millions de dollars.\u00a0<\/p>\n<p>\t\t\t\t\t<a id=\"181452\" href=\"https:\/\/www.fourseasonsmegevecollectionproam.com\/\" target=\"_blank\" rel=\"sponsorised nofollow noopener\"><img decoding=\"async\" src=\"data:image\/svg+xml,%3Csvg%20xmlns=\" http:=\"\" class=\"img-responsive\" alt=\"\" data-lazy-src=\"https:\/\/www.europesays.com\/fr\/wp-content\/uploads\/2025\/08\/swing-e05-proam-megeve25-1170x275-1.gif\"\/><\/a><br \/>\nAncien joueur \u00e0 Georgia State<\/p>\n<p>On rappelle que Ted Scott a \u00e9t\u00e9 remplac\u00e9 au pied lev\u00e9 par <strong>Brad Payne<\/strong>, aum\u00f4nier du PGA Tour et ami personnel de Scheffler (il avait d\u00e9j\u00e0 port\u00e9 le sac du Texan d\u2019adoption au lendemain de son arrestation \u00e9pique pour le 3e tour du <strong>PGA Championship 2024<\/strong>). Le bin\u00f4me improvis\u00e9 \u00e0 la h\u00e2te a finalement termin\u00e9 \u00e0 la 3e place ex aequo (avec <strong>Tommy Fleetwood<\/strong>), \u00e0 un coup d\u2019un <a href=\"https:\/\/www.golfplanete.com\/actualites\/rose-triomphe-aux-depens-de-spaun-au-terme-dun-final-danthologie-encore-rate-pour-fleetwood-pga-tour-fedex-cup\/\" target=\"_blank\" rel=\"noopener nofollow\">play-off entre Justin Rose et J.J. Spaun<\/a>.\u00a0<\/p>\n<p>Contraint de choisir un nouveau co-pilote, le double vainqueur en Majeur cette ann\u00e9e (USPGA et <strong>The Open<\/strong>) s\u2019est tourn\u00e9 vers <strong>Mike Cromie<\/strong> selon les informations d\u00e9livr\u00e9es par Read the Line. Ancien joueur universitaire \u00e0 Georgia State, Cromie est le caddie attitr\u00e9 de <strong>Chris Kirk<\/strong>. Ce dernier a eu le \u00ab\u00a0malheur\u00a0\u00bb de finir\u2026 51e de la <strong>FedEx Cup<\/strong> le week-end pass\u00e9. Malgr\u00e9 un birdie sur le green du 18 du <strong>TPC Southwind<\/strong> !<\/p>\n<p>A l\u2019heure o\u00f9 nous \u00e9crivons ces lignes, la pr\u00e9sence de Ted Scott pour le <strong>Tour Championship<\/strong> qui r\u00e9unira \u00e0 Atlanta (Georgie) du 21 au 24 ao\u00fbt les 30 meilleurs de la FedEx Cup 2025 n\u2019est pas remise en question.<\/p>\n<p>Photo : Sean M. Haffey \/ GETTY IMAGES NORTH AMERICA \/ Getty Images via AFP<\/p>\n","protected":false},"excerpt":{"rendered":"D\u00e9j\u00e0 absent pour des soucis d\u2019ordres familiaux la semaine pass\u00e9e \u00e0 Memphis au d\u00e9part du 4e tour du&hellip;\n","protected":false},"author":2,"featured_media":314600,"comment_status":"","ping_status":"","sticky":false,"template":"","format":"standard","meta":{"footnotes":""},"categories":[1418],"tags":[1011,27,1472,60],"class_list":{"0":"post-314599","1":"post","2":"type-post","3":"status-publish","4":"format-standard","5":"has-post-thumbnail","7":"category-golf","8":"tag-fr","9":"tag-france","10":"tag-golf","11":"tag-sports"},"share_on_mastodon":{"url":"https:\/\/pubeurope.com\/@fr\/115017410343406012","error":""},"_links":{"self":[{"href":"https:\/\/www.europesays.com\/fr\/wp-json\/wp\/v2\/posts\/314599","targetHints":{"allow":["GET"]}}],"collection":[{"href":"https:\/\/www.europesays.com\/fr\/wp-json\/wp\/v2\/posts"}],"about":[{"href":"https:\/\/www.europesays.com\/fr\/wp-json\/wp\/v2\/types\/post"}],"author":[{"embeddable":true,"href":"https:\/\/www.europesays.com\/fr\/wp-json\/wp\/v2\/users\/2"}],"replies":[{"embeddable":true,"href":"https:\/\/www.europesays.com\/fr\/wp-json\/wp\/v2\/comments?post=314599"}],"version-history":[{"count":0,"href":"https:\/\/www.europesays.com\/fr\/wp-json\/wp\/v2\/posts\/314599\/revisions"}],"wp:featuredmedia":[{"embeddable":true,"href":"https:\/\/www.europesays.com\/fr\/wp-json\/wp\/v2\/media\/314600"}],"wp:attachment":[{"href":"https:\/\/www.europesays.com\/fr\/wp-json\/wp\/v2\/media?parent=314599"}],"wp:term":[{"taxonomy":"category","embeddable":true,"href":"https:\/\/www.europesays.com\/fr\/wp-json\/wp\/v2\/categories?post=314599"},{"taxonomy":"post_tag","embeddable":true,"href":"https:\/\/www.europesays.com\/fr\/wp-json\/wp\/v2\/tags?post=314599"}],"curies":[{"name":"wp","href":"https:\/\/api.w.org\/{rel}","templated":true}]}}