{"id":314601,"date":"2025-08-12T19:20:18","date_gmt":"2025-08-12T19:20:18","guid":{"rendered":"https:\/\/www.europesays.com\/fr\/314601\/"},"modified":"2025-08-12T19:20:18","modified_gmt":"2025-08-12T19:20:18","slug":"la-regle-du-carton-orange-arrive","status":"publish","type":"post","link":"https:\/\/www.europesays.com\/fr\/314601\/","title":{"rendered":"la r\u00e8gle du carton orange arrive"},"content":{"rendered":"<p>Chaque nouvelle saison apporte son lot d\u2019innovations. En Top\u00a014 et en Pro\u00a0D2, l\u2019une d\u2019entre elles se cache au fond de la poche des arbitres. Aux cartons jaune et rouge va s\u2019ajouter un troisi\u00e8me petit rectangle synonyme d\u2019exclusion pour un joueur auteur d\u2019un acte de jeu d\u00e9loyal\u00a0: le carton orange. Une couleur choisie pour distinguer le carton rouge de 20\u00a0minutes instaur\u00e9 par World Rugby dans toutes les comp\u00e9titions internationales, et d\u00e9sormais g\u00e9n\u00e9ralis\u00e9 dans les championnats d\u2019\u00e9lite. Une sanction qui permet aux entra\u00eeneurs de remplacer le joueur exclu par un autre \u00e0 l\u2019issue des 20\u00a0minutes d\u2019inf\u00e9riorit\u00e9 num\u00e9rique.<\/p>\n<p>La question a longtemps \u00e9t\u00e9 source de pol\u00e9mique. Mais en d\u00e9pit de l\u2019opposition de la France \u00e0 une mesure soutenue par des nations telles que la Nouvelle-Z\u00e9lande et l\u2019Australie, cette nouvelle r\u00e8gle va d\u00e9sormais \u00eatre d\u00e9ploy\u00e9e dans les deux principales divisions professionnelles du rugby fran\u00e7ais.<\/p>\n<p>Mathieu Raynal et Romain Poite, tous deux \u00e0 la t\u00eate de la cellule haute performance de l\u2019arbitrage fran\u00e7ais, ont expos\u00e9 aux staffs des clubs de Top\u00a014 et de Pro\u00a0D2 la mani\u00e8re dont elle serait appliqu\u00e9e lors du traditionnel stage des arbitres organis\u00e9 au d\u00e9but du mois d\u2019ao\u00fbt, dans les Pyr\u00e9n\u00e9es, \u00e0 Loudenvielle.<\/p>\n<p>\u00ab\u00a0Le carton rouge de 20\u00a0minutes a \u00e9t\u00e9 introduit pour retrouver un \u00e9quilibre dans les d\u00e9cisions dans tous les cas qui \u00e9taient dans un entre-deux, entre le jaune et le rouge permanent. L\u2019id\u00e9e est de r\u00e9soudre les cas o\u00f9 on est partag\u00e9s\u00a0\u00bb, recontextualise Romain Poite. Mais comme il le pr\u00e9cise, ce point de r\u00e8glement ne suivra pas en France le m\u00eame processus qu\u2019au niveau international, o\u00f9 les actions incrimin\u00e9es sont revisionn\u00e9es, \u00e0 froid dans le \u00ab\u00a0bunker\u00a0\u00bb, par un arbitre vid\u00e9o d\u00e9di\u00e9.<\/p>\n<p>Question de circonstances<\/p>\n<p>\u00ab\u00a0On n\u2019a pas la volont\u00e9 de mettre en place un syst\u00e8me tel que celui-l\u00e0, qui a un co\u00fbt important pour seulement quelques appels dans la saison, prolonge Romain Poite. Mais attention, le carton orange n\u2019est pas un palliatif au bunker. C\u2019est une solution lorsqu\u2019il s\u2019agit d\u2019arbitrer du jeu d\u00e9loyal et que les tendances du jaune et du rouge s\u2019appliquent. Sur un acte de jeu d\u00e9loyal, avec une circonstance att\u00e9nuante qui n\u2019est pas assez \u00e9vidente, on partira sur un carton rouge de 20\u00a0minutes.\u00a0\u00bb<\/p>\n<blockquote><p>\u00ab\u00a0Le rouge de 20\u00a0minutes n\u2019est pas une \u00e9chappatoire, c\u2019est pour des cas singuliers\u00a0\u00bb<\/p><\/blockquote>\n<p>Concr\u00e8tement, l\u2019arbitre central se posera toujours les m\u00eames questions lorsqu\u2019il reverra les actions. Y a-t-il un contact \u00e0 la t\u00eate\u00a0? S\u2019agit-il de jeu d\u00e9loyal\u00a0? Y a-t-il un haut degr\u00e9 de danger\u00a0? Y a-t-il des circonstances att\u00e9nuantes\u00a0? Et c\u2019est lorsque la r\u00e9ponse \u00e0 cette derni\u00e8re interrogation ne sera pas claire que le carton orange sera susceptible d\u2019\u00eatre d\u00e9gain\u00e9. Dans le cas, par exemple, o\u00f9 un plaquage haut serait commis \u00e0 l\u2019encontre d\u2019un joueur qui aurait chang\u00e9 de hauteur juste avant le moment de l\u2019impact.<\/p>\n<p>Et \u00e0 ceux qui craignent que ce nouveau carton n\u2019augmente le nombre d\u2019appel \u00e0 l\u2019arbitrage vid\u00e9o, Romain Poite r\u00e9pond ceci\u00a0: \u00ab\u00a0Ces cas \u00e9taient d\u00e9j\u00e0 trait\u00e9s. Les appels vid\u00e9os iront au contraire plus vite puisqu\u2019on aura une solution lorsque la d\u00e9cision sera partag\u00e9e.\u00a0\u00bb<\/p>\n<p>Garde-fou<\/p>\n<p>Les managers ont pris acte des annonces qui leur ont \u00e9t\u00e9 faites. Ce qui ne les a pas emp\u00each\u00e9s de pointer du doigt des effets pervers potentiels. Notamment le fait que les jaunes ne deviennent pas de plus en plus souvent des oranges, avec pour cons\u00e9quence des p\u00e9riodes d\u2019inf\u00e9riorit\u00e9 num\u00e9rique plus longues\u2026<\/p>\n<p>\u00ab\u00a0Mathieu Raynal et Romain Poite veulent que le carton orange soit une sp\u00e9cificit\u00e9 fran\u00e7aise pour qu\u2019on garde un rouge autoritaire, qui pr\u00e9serve la sant\u00e9 des joueurs. Mais le d\u00e9fi, ce sera de bien garder le jaune existant, observe S\u00e9bastien Piqueronies, manager de la Section Paloise. En clair, que le jaune h\u00e9sitant ne se transforme pas en orange. Si on garde notre jaune et notre rouge, ce sera une bonne nouvelle.\u00a0\u00bb<\/p>\n<p>Un point sur lequel Romain Poite se veut rassurant\u00a0: \u00ab\u00a0Les circonstances du jaune et du rouge s\u2019appliquent d\u2019autant plus avec l\u2019instauration du orange\u00a0: le rouge de 20 minutes n\u2019est pas une \u00e9chappatoire, c\u2019est pour des cas singuliers. On a \u00e9t\u00e9 tr\u00e8s directif avec les arbitres. C\u2019est un vrai carton qui ne devrait pas appara\u00eetre trop souvent dans la saison.\u00a0\u00bb Une pr\u00e9diction qui est \u00e9tay\u00e9e par l\u2019exp\u00e9rience, prolonge-t-il\u00a0: \u00ab\u00a0On s\u2019est rendu compte que sur les cas o\u00f9 on \u00e9tait partag\u00e9s, moins de 20\u00a0% sont solutionn\u00e9s par le carton rouge de 20\u00a0minutes.\u00a0\u00bb<\/p>\n<p>Les contours de cette r\u00e8gle sont clairs. Mais comme le rel\u00e8ve Yannick Bru, manager de l\u2019UBB, elle va d\u00e9sormais devoir \u00eatre \u00e9prouv\u00e9e \u00e0 la r\u00e9alit\u00e9 du terrain. \u00ab\u00a0Comme toujours, il y a la th\u00e9orie, qui para\u00eet pleine de sens, et la pratique avec le stress, les stades pleins et des cas qu\u2019on a jamais appr\u00e9hend\u00e9s. Il faut se donner un peu de temps avant de formuler un avis d\u00e9finitif.\u00a0\u00bb<\/p>\n","protected":false},"excerpt":{"rendered":"Chaque nouvelle saison apporte son lot d\u2019innovations. En Top\u00a014 et en Pro\u00a0D2, l\u2019une d\u2019entre elles se cache au&hellip;\n","protected":false},"author":2,"featured_media":314602,"comment_status":"","ping_status":"","sticky":false,"template":"","format":"standard","meta":{"footnotes":""},"categories":[1416],"tags":[1011,27,479,1468,60],"class_list":{"0":"post-314601","1":"post","2":"type-post","3":"status-publish","4":"format-standard","5":"has-post-thumbnail","7":"category-rugby","8":"tag-fr","9":"tag-france","10":"tag-rugby","11":"tag-rugby-football","12":"tag-sports"},"share_on_mastodon":{"url":"https:\/\/pubeurope.com\/@fr\/115017418293590597","error":""},"_links":{"self":[{"href":"https:\/\/www.europesays.com\/fr\/wp-json\/wp\/v2\/posts\/314601","targetHints":{"allow":["GET"]}}],"collection":[{"href":"https:\/\/www.europesays.com\/fr\/wp-json\/wp\/v2\/posts"}],"about":[{"href":"https:\/\/www.europesays.com\/fr\/wp-json\/wp\/v2\/types\/post"}],"author":[{"embeddable":true,"href":"https:\/\/www.europesays.com\/fr\/wp-json\/wp\/v2\/users\/2"}],"replies":[{"embeddable":true,"href":"https:\/\/www.europesays.com\/fr\/wp-json\/wp\/v2\/comments?post=314601"}],"version-history":[{"count":0,"href":"https:\/\/www.europesays.com\/fr\/wp-json\/wp\/v2\/posts\/314601\/revisions"}],"wp:featuredmedia":[{"embeddable":true,"href":"https:\/\/www.europesays.com\/fr\/wp-json\/wp\/v2\/media\/314602"}],"wp:attachment":[{"href":"https:\/\/www.europesays.com\/fr\/wp-json\/wp\/v2\/media?parent=314601"}],"wp:term":[{"taxonomy":"category","embeddable":true,"href":"https:\/\/www.europesays.com\/fr\/wp-json\/wp\/v2\/categories?post=314601"},{"taxonomy":"post_tag","embeddable":true,"href":"https:\/\/www.europesays.com\/fr\/wp-json\/wp\/v2\/tags?post=314601"}],"curies":[{"name":"wp","href":"https:\/\/api.w.org\/{rel}","templated":true}]}}