{"id":314605,"date":"2025-08-12T19:23:12","date_gmt":"2025-08-12T19:23:12","guid":{"rendered":"https:\/\/www.europesays.com\/fr\/314605\/"},"modified":"2025-08-12T19:23:12","modified_gmt":"2025-08-12T19:23:12","slug":"retro-un-rookie-aussi-fort-que-marc-marquez","status":"publish","type":"post","link":"https:\/\/www.europesays.com\/fr\/314605\/","title":{"rendered":"R\u00e9tro\u00a0: Un rookie aussi fort que Marc Marquez\u00a0?"},"content":{"rendered":"<p><strong>Trois. Ils ne sont que trois pilotes, dans l\u2019histoire, \u00e0<br \/>\navoir obtenu le titre lors d\u2019une premi\u00e8re saison en cat\u00e9gorie<br \/>\nreine. Cet exploit est particuli\u00e8rement remarquable, car faire son<br \/>\ntrou au plus haut niveau mondial prend bien souvent plusieurs<br \/>\nann\u00e9es. N\u2019est pas compt\u00e9 Leslie Graham, premier champion 500cc de<br \/>\nl\u2019histoire en 1949 et par le fait rookie\u00a0; Marc M\u00e1rquez fait<br \/>\naussi partie de ce cercle tr\u00e8s ferm\u00e9, gr\u00e2ce \u00e0 son sacre 2013. Kenny<br \/>\nRoberts, 1er en 1978 aussi. Un troisi\u00e8me homme se trouve dans ce<br \/>\nclub d\u2019\u00e9lite, pourtant inconnu au bataillon. Portrait.<\/strong><\/p>\n<p>Umberto Masetti (1926-2006) n\u2019est pas l\u2019un des pilotes les plus<br \/>\npopulaires, ce n\u2019est rien de le dire. Avec <strong><a href=\"https:\/\/www.paddock-gp.com\/portrait-gary-hocking-lironie-du-sort\/\" target=\"_blank\" rel=\"noopener nofollow\">Gary Hocking<\/a><\/strong> ou Libero<br \/>\nLiberati, il fait partie de ces champions du monde 500cc obscurs,<br \/>\nque l\u2019histoire avala au fil des ann\u00e9es. <strong>Pourtant, au<br \/>\nguidon, peu de h\u00e9ros rivalisaient dans les ann\u00e9es 1950<\/strong>.<br \/>\nRetour en 1949, date du premier Championnat du monde<br \/>\nmotocycliste.<\/p>\n<p>\u00a0<\/p>\n<p><img loading=\"lazy\" decoding=\"async\" aria-describedby=\"caption-attachment-1317627\" class=\"size-full wp-image-1317627\" src=\"https:\/\/www.europesays.com\/fr\/wp-content\/uploads\/2025\/08\/JD-Noske-ANEFO.jpg\" alt=\"Marc Marquez rookie\" width=\"450\" height=\"600\"  \/><\/p>\n<p id=\"caption-attachment-1317627\" class=\"wp-caption-text\">Masetti<br \/>\nen 1950. Photo : ANEFO<\/p>\n<p>\u00a0<\/p>\n<p>Au d\u00e9part du <a href=\"https:\/\/www.motogp.com\/fr\/\" target=\"_blank\" rel=\"noopener nofollow\">Grand Prix<\/a> de Suisse, <strong>organis\u00e9<br \/>\nsur le trac\u00e9 de Bremgarten<\/strong>, le jeune Umberto est<br \/>\ntremblant. Ce dernier s\u2019appr\u00eate \u00e0 prendre le d\u00e9part de la course<br \/>\n125cc, sur une modeste Moto Morini. Il fait bonne impression en<br \/>\nterminant 4e, r\u00e9sultat honorable. Plus tard dans la saison, il<br \/>\nprogresse et monte sur le podium \u00e0 deux reprises. En parall\u00e8le, il<br \/>\neffectue quelques piges sur Benelli en 250cc, engrangeant \u00e9galement<br \/>\nde beaux points.<\/p>\n<p>Dans le m\u00eame temps, rien ne va plus pour les Italiens en 500cc.<br \/>\nGilera souffrit d\u2019une d\u00e9convenue en 1949, et ne voulait que la<br \/>\npremi\u00e8re place l\u2019ann\u00e9e suivante. Ceci passa par un recrutement de<br \/>\npilotes talentueux et prometteurs\u00a0: <strong>Masetti cochait<br \/>\ntoutes les cases<\/strong>. Cependant, le n\u00b01 Gilera restait Nello<br \/>\nPagani. Il termina deuxi\u00e8me du championnat inaugural, et comptait<br \/>\nbien prendre sa revanche sur l\u2019AJS de Leslie Graham. Avec<br \/>\nl\u2019adoption d\u2019un nouveau cadre, il fallut compter sur les Norton<br \/>\n\u00ab\u00a0Manx\u00a0\u00bb. Ces machines, aujourd\u2019hui mythiques, \u00e9taient<br \/>\nengag\u00e9es par une \u00e9quipe de choix, compos\u00e9e entre autres du<br \/>\nprometteur <strong>Geoff Duke<\/strong> et d\u2019<strong>Artie<br \/>\nBell<\/strong>.<\/p>\n<p>La saison s\u2019annonce prometteuse, mais, rapidement, les favoris<br \/>\nd\u00e9\u00e7oivent. Graham et Pagani connaissent une entame tr\u00e8s difficile,<br \/>\nmarqu\u00e9e par les abandons. Ce sont les jeunes loups Duke et Masetti<br \/>\nqui s\u2019affrontent pour le titre dans une lutte sans merci.<br \/>\nMalheureusement pour l\u2019Anglais, trois victoires contre deux ne<br \/>\nsuffisent \u00e0 contenir la r\u00e9gularit\u00e9 du natif de Borgo delle Rose.<br \/>\n<strong>Masetti, contre toute attente, devient champion du monde<br \/>\n500cc pour un point seulement.<\/strong><\/p>\n<p>\u00a0<\/p>\n<p><img loading=\"lazy\" decoding=\"async\" aria-describedby=\"caption-attachment-1317629\" class=\"size-full wp-image-1317629\" src=\"https:\/\/www.europesays.com\/fr\/wp-content\/uploads\/2025\/08\/Jd-Noske-Anefo-Assen-1950.jpg\" alt=\"Marc Marquez rookie\" width=\"721\" height=\"600\"  \/><\/p>\n<p id=\"caption-attachment-1317629\" class=\"wp-caption-text\">\u00c0 Assen<br \/>\nen 1950. Photo : ANEFO<\/p>\n<p>\u00a0<\/p>\n<p>Personne ne croyait en lui, mais il est l\u00e0. <strong>Rookie<br \/>\nchampion du monde, le premier italien de l\u2019histoire<\/strong>. Il le<br \/>\nsait : il lui faudra confirmer pour avoir la reconnaissance de ses<br \/>\npairs. Umberto ne tarde pas \u00e0 le faire savoir. Sous la houlette de<br \/>\nPierro Taruffi, il termine troisi\u00e8me du championnat. Geoff Duke<br \/>\navait trop faim. En 1952, il r\u00e9alise une nouvelle prouesse en<br \/>\nterrassant la concurrence. \u00c0 l\u2019\u00e9poque, Duke voulait courir pour des<br \/>\n\u00e9curies anglaises, et refusait toute offre des Italiens. Ces<br \/>\nderniers lui ont fait payer le prix fort. Masetti offrit un nouveau<br \/>\ntitre \u00e0 la mythique \u00e9curie Gilera.<\/p>\n<p>Un grave accident en 1953 porta un coup \u00e0 sa belle carri\u00e8re.<br \/>\nApr\u00e8s avoir manqu\u00e9 un an, il perdit de sa superbe tout en restant<br \/>\nfort en piste. Umberto ne fut plus le m\u00eame. Des apparitions<br \/>\nin\u00e9gales sur MV Agusta et Moto Morini eurent raison de sa passion.<br \/>\nIl quitta la 500cc en 1958, et courut pour le plaisir sous licence<br \/>\nchilienne jusqu\u2019en 1963, en petites cat\u00e9gories, bien entendu. Pas<br \/>\nmoins de 14 ans apr\u00e8s ses d\u00e9buts, <strong>il termina tout de m\u00eame<br \/>\nsur le podium en 250cc\u00a0! La vitesse ne quitte jamais les<br \/>\ngrands champions.<\/strong><\/p>\n<p>Connaissiez-vous cette histoire\u00a0? <strong>Dites-le-moi en<br \/>\ncommentaires\u00a0!<\/strong><\/p>\n<p>\u00a0<\/p>\n<p><img loading=\"lazy\" decoding=\"async\" aria-describedby=\"caption-attachment-1317631\" class=\"size-full wp-image-1317631\" src=\"https:\/\/www.europesays.com\/fr\/wp-content\/uploads\/2025\/08\/Masetti-4-e1754991658476.jpg\" alt=\"\" width=\"800\" height=\"739\"\/><\/p>\n<p id=\"caption-attachment-1317631\" class=\"wp-caption-text\">Un grand<br \/>\nhomme. Photo : ANEFO<\/p>\n<p>\u00a0<\/p>\n<p>Photo de couverture : ANEFO<\/p>\n","protected":false},"excerpt":{"rendered":"Trois. Ils ne sont que trois pilotes, dans l\u2019histoire, \u00e0 avoir obtenu le titre lors d\u2019une premi\u00e8re saison&hellip;\n","protected":false},"author":2,"featured_media":314606,"comment_status":"","ping_status":"","sticky":false,"template":"","format":"standard","meta":{"footnotes":""},"categories":[1413],"tags":[1011,27,1457,1456,60],"class_list":{"0":"post-314605","1":"post","2":"type-post","3":"status-publish","4":"format-standard","5":"has-post-thumbnail","7":"category-moto","8":"tag-fr","9":"tag-france","10":"tag-moto","11":"tag-motocycle","12":"tag-sports"},"share_on_mastodon":{"url":"https:\/\/pubeurope.com\/@fr\/115017430390250108","error":""},"_links":{"self":[{"href":"https:\/\/www.europesays.com\/fr\/wp-json\/wp\/v2\/posts\/314605","targetHints":{"allow":["GET"]}}],"collection":[{"href":"https:\/\/www.europesays.com\/fr\/wp-json\/wp\/v2\/posts"}],"about":[{"href":"https:\/\/www.europesays.com\/fr\/wp-json\/wp\/v2\/types\/post"}],"author":[{"embeddable":true,"href":"https:\/\/www.europesays.com\/fr\/wp-json\/wp\/v2\/users\/2"}],"replies":[{"embeddable":true,"href":"https:\/\/www.europesays.com\/fr\/wp-json\/wp\/v2\/comments?post=314605"}],"version-history":[{"count":0,"href":"https:\/\/www.europesays.com\/fr\/wp-json\/wp\/v2\/posts\/314605\/revisions"}],"wp:featuredmedia":[{"embeddable":true,"href":"https:\/\/www.europesays.com\/fr\/wp-json\/wp\/v2\/media\/314606"}],"wp:attachment":[{"href":"https:\/\/www.europesays.com\/fr\/wp-json\/wp\/v2\/media?parent=314605"}],"wp:term":[{"taxonomy":"category","embeddable":true,"href":"https:\/\/www.europesays.com\/fr\/wp-json\/wp\/v2\/categories?post=314605"},{"taxonomy":"post_tag","embeddable":true,"href":"https:\/\/www.europesays.com\/fr\/wp-json\/wp\/v2\/tags?post=314605"}],"curies":[{"name":"wp","href":"https:\/\/api.w.org\/{rel}","templated":true}]}}