{"id":314607,"date":"2025-08-12T19:24:11","date_gmt":"2025-08-12T19:24:11","guid":{"rendered":"https:\/\/www.europesays.com\/fr\/314607\/"},"modified":"2025-08-12T19:24:11","modified_gmt":"2025-08-12T19:24:11","slug":"tres-engage-dans-le-sport-le-groupe-red-bull-achete-pour-la-premiere-fois-un-club-de-rugby","status":"publish","type":"post","link":"https:\/\/www.europesays.com\/fr\/314607\/","title":{"rendered":"Tr\u00e8s engag\u00e9 dans le sport, le groupe Red Bull ach\u00e8te pour la premi\u00e8re fois un club de rugby"},"content":{"rendered":"<p>\n                                                                Apr\u00e8s la Formule 1, le football ou encore les sports d&rsquo;hiver, la c\u00e9l\u00e8bre boisson \u00e9nergisante investit dans le rugby.\u00a0\n                            <\/p>\n<p>Le groupe Red Bull, d\u00e9j\u00e0 bien implant\u00e9 dans le monde du sport, a poursuivi son extension mardi en acqu\u00e9rant le <strong>club anglais de rugby de Newcastle<\/strong>, son premier rachat dans l&rsquo;ovalie.<\/p>\n<p>L&rsquo;objectif est de \u00ab\u00a0donner au club\u00a0\u00bb, d\u00e9sormais nomm\u00e9 Newcastle Red Bulls, \u00ab\u00a0les moyens d&rsquo;atteindre son potentiel comp\u00e9titif maximal\u00a0\u00bb, a d\u00e9clar\u00e9 Oliver Mintzlaff, le patron de la marque de boissons \u00e9nergisantes autrichienne.<\/p>\n<p>La t\u00e2che n&rsquo;est pas ais\u00e9e puisque le club, mis en vente \u00e0 la fin de l&rsquo;ann\u00e9e derni\u00e8re par Semore Kurdi, son propri\u00e9taire depuis 2011, a termin\u00e9 dernier de Premiership (la premi\u00e8re division anglaise, ndlr) lors des trois derni\u00e8res saisons. Cet investisssement est loin d&rsquo;\u00eatre le premier dans le monde du sport pour Red Bull, <strong>tr\u00e8s impliqu\u00e9 en Formule 1<\/strong> avec l&rsquo;\u00e9curie du m\u00eame nom, respectivement huit et six fois championne du monde des pilotes et des constructeurs, mais aussi dans le <strong>football<\/strong>, avec notamment Salzbourg ou Leipzig, et dans les <strong>sports d&rsquo;hiver<\/strong>.<\/p>\n<p>Newcastle, qui garde Steve Diamond comme directeur du rugby, fera ses d\u00e9buts sous pavillon autrichien le 26 septembre lors de la r\u00e9ception des Saracens, sextuples champions d&rsquo;Angleterre, pour la reprise du championnat.<\/p>\n","protected":false},"excerpt":{"rendered":"Apr\u00e8s la Formule 1, le football ou encore les sports d&rsquo;hiver, la c\u00e9l\u00e8bre boisson \u00e9nergisante investit dans le&hellip;\n","protected":false},"author":2,"featured_media":314608,"comment_status":"","ping_status":"","sticky":false,"template":"","format":"standard","meta":{"footnotes":""},"categories":[1412],"tags":[1451,1452,1453,1454,1455,1011,27,60],"class_list":{"0":"post-314607","1":"post","2":"type-post","3":"status-publish","4":"format-standard","5":"has-post-thumbnail","7":"category-f1","8":"tag-f1","9":"tag-formula-1","10":"tag-formula1","11":"tag-formule-1","12":"tag-formule1","13":"tag-fr","14":"tag-france","15":"tag-sports"},"share_on_mastodon":{"url":"https:\/\/pubeurope.com\/@fr\/115017433939707427","error":""},"_links":{"self":[{"href":"https:\/\/www.europesays.com\/fr\/wp-json\/wp\/v2\/posts\/314607","targetHints":{"allow":["GET"]}}],"collection":[{"href":"https:\/\/www.europesays.com\/fr\/wp-json\/wp\/v2\/posts"}],"about":[{"href":"https:\/\/www.europesays.com\/fr\/wp-json\/wp\/v2\/types\/post"}],"author":[{"embeddable":true,"href":"https:\/\/www.europesays.com\/fr\/wp-json\/wp\/v2\/users\/2"}],"replies":[{"embeddable":true,"href":"https:\/\/www.europesays.com\/fr\/wp-json\/wp\/v2\/comments?post=314607"}],"version-history":[{"count":0,"href":"https:\/\/www.europesays.com\/fr\/wp-json\/wp\/v2\/posts\/314607\/revisions"}],"wp:featuredmedia":[{"embeddable":true,"href":"https:\/\/www.europesays.com\/fr\/wp-json\/wp\/v2\/media\/314608"}],"wp:attachment":[{"href":"https:\/\/www.europesays.com\/fr\/wp-json\/wp\/v2\/media?parent=314607"}],"wp:term":[{"taxonomy":"category","embeddable":true,"href":"https:\/\/www.europesays.com\/fr\/wp-json\/wp\/v2\/categories?post=314607"},{"taxonomy":"post_tag","embeddable":true,"href":"https:\/\/www.europesays.com\/fr\/wp-json\/wp\/v2\/tags?post=314607"}],"curies":[{"name":"wp","href":"https:\/\/api.w.org\/{rel}","templated":true}]}}