{"id":314613,"date":"2025-08-12T19:27:13","date_gmt":"2025-08-12T19:27:13","guid":{"rendered":"https:\/\/www.europesays.com\/fr\/314613\/"},"modified":"2025-08-12T19:27:13","modified_gmt":"2025-08-12T19:27:13","slug":"tom-cruise-bientot-un-bebe-avec-ana-de-armas","status":"publish","type":"post","link":"https:\/\/www.europesays.com\/fr\/314613\/","title":{"rendered":"Tom Cruise : bient\u00f4t un b\u00e9b\u00e9 avec Ana de Armas ?"},"content":{"rendered":"<p>D&rsquo;apr\u00e8s les rumeurs, <strong><a href=\"https:\/\/www.public.fr\/tom-cruise-en-couple-avec-ana-de-armas-la-surprenante-reaction-de-son-ex-femme-katie-holmes\" target=\"_blank\" rel=\"noopener\">Ana de Armas et Tom Cruise<\/a> entretiendraient une liaison<\/strong>. Depuis environ six mois, les paparazzis ne cessent de les immortaliser. <\/p>\n<p>Le 14 f\u00e9vrier dernier, \u00e0 l&rsquo;occasion de la Saint-Valentin, les deux tourtereaux ont d&rsquo;ailleurs \u00e9t\u00e9 rep\u00e9r\u00e9s \u00e0 Londres. <\/p>\n<p>Pour autant, <strong>ni l&rsquo;actrice cubano-espagnole de 37 ans ni l&rsquo;acteur am\u00e9ricain de 63 ans n&rsquo;ont souhait\u00e9 officialiser leur relation<\/strong>. <\/p>\n<p>Malgr\u00e9 leur discr\u00e9tion, les informations concernant leur suppos\u00e9e histoire vont bon train. Et certaines sources affirment qu&rsquo;<strong>Ana de Armas en aurait assez de se cacher<\/strong>.<\/p>\n<p>Ana de Armas pr\u00eate \u00e0 fonder une famille<\/p>\n<p>Selon RadarOnline, la jolie brune serait \u00ab\u00a0folle amoureuse\u00a0\u00bb de <a href=\"https:\/\/www.public.fr\/tag\/tom-cruise\" target=\"_blank\" rel=\"noopener\">Tom Cruise<\/a>, mais ce petit jeu du chat et de la souris avec les journalistes commencerait \u00e0 s\u00e9rieusement lui taper sur les nerfs.<\/p>\n<p>D&rsquo;autant qu&rsquo;elle para\u00eet nourrir de belles ambitions pour l&rsquo;avenir, comme elle l&rsquo;a r\u00e9cemment confi\u00e9 dans les pages de F Magazine : \u00ab\u00a0<strong>J\u2019aimerais avoir\u00a0des enfants et une famille, bient\u00f4t si possible. Mais ce n\u2019est pas seulement \u00e0 moi de d\u00e9cider<\/strong>\u00ab\u00a0. Des r\u00e9v\u00e9lations qui, d&rsquo;apr\u00e8s certains proches, seraient destin\u00e9es \u00e0 la star de Top Gun. <\/p>\n<p>Eh oui ! Ana de Armas n&rsquo;a qu&rsquo;un seul et unique objectif en t\u00eate depuis quelque temps : officialiser publiquement sa relation avec l&rsquo;acteur. <\/p>\n<p>Tom Cruise, de son c\u00f4t\u00e9, opterait plut\u00f4t pour la discr\u00e9tion, affirmant vouloir \u00ab\u00a0prot\u00e9ger ce qu&rsquo;ils ont\u00a0\u00bb en pr\u00e9servant leur relation des regards indiscrets. Une vision des choses qui divise&#8230;<\/p>\n<p>Pour celle qui a camp\u00e9 Eve Macarro dans le film Ballerina de l&rsquo;univers de John Wick r\u00e9alis\u00e9 par Len Wiseman, l&rsquo;officialisation serait pourtant un moyen de passer un cap dans leur histoire. <\/p>\n<p><strong>Si l&rsquo;acteur continue de \u00ab\u00a0tourner autour du pot\u00a0\u00bb, Ana de Armas pourrait mettre un terme \u00e0 leur relation. \u00ab\u00a0Elle ne restera pas ind\u00e9finiment si rien n\u2019avance\u00a0\u00bb, assure un proche.  <\/strong><\/p>\n<p>L&rsquo;officialisation ou la fin pour Tom Cruise<\/p>\n<p>Si Tom Cruise ne fait pas rapidement un pas d\u00e9cisif, il pourrait bien voir filer celle qui fait battre son c\u0153ur. Sa compagne, aussi s\u00e9duite soit-elle, pourrait finir par se lasser d&rsquo;une relation qui reste dans l&rsquo;ombre. <\/p>\n<p>Bien s\u00fbr, tout n&rsquo;est pas simple : entre les tournages qui s&rsquo;encha\u00eenent, les d\u00e9placements aux quatre coins du globe et les agendas qui ne co\u00efncident jamais, trouver du temps pour se construire une vie de couple solide rel\u00e8ve presque de l&rsquo;exploit. <\/p>\n<p><strong>Mais \u00e0 force de trop miser sur la prudence, l&rsquo;acteur risque de passer \u00e0 c\u00f4t\u00e9 d&rsquo;une histoire qui, au grand jour, pourrait \u00eatre encore plus belle.<\/strong><\/p>\n<p>      Mentionn\u00e9s dans cet article<\/p>\n<p>      Sur le m\u00eame sujet<\/p>\n","protected":false},"excerpt":{"rendered":"D&rsquo;apr\u00e8s les rumeurs, Ana de Armas et Tom Cruise entretiendraient une liaison. Depuis environ six mois, les paparazzis&hellip;\n","protected":false},"author":2,"featured_media":314614,"comment_status":"","ping_status":"","sticky":false,"template":"","format":"standard","meta":{"footnotes":""},"categories":[1359],"tags":[10497,1193,58,59,1011,27,973,6834],"class_list":{"0":"post-314613","1":"post","2":"type-post","3":"status-publish","4":"format-standard","5":"has-post-thumbnail","7":"category-people","8":"tag-ana-de-armas","9":"tag-couple","10":"tag-divertissement","11":"tag-entertainment","12":"tag-fr","13":"tag-france","14":"tag-people","15":"tag-tom-cruise"},"share_on_mastodon":{"url":"https:\/\/pubeurope.com\/@fr\/115017445756924457","error":""},"_links":{"self":[{"href":"https:\/\/www.europesays.com\/fr\/wp-json\/wp\/v2\/posts\/314613","targetHints":{"allow":["GET"]}}],"collection":[{"href":"https:\/\/www.europesays.com\/fr\/wp-json\/wp\/v2\/posts"}],"about":[{"href":"https:\/\/www.europesays.com\/fr\/wp-json\/wp\/v2\/types\/post"}],"author":[{"embeddable":true,"href":"https:\/\/www.europesays.com\/fr\/wp-json\/wp\/v2\/users\/2"}],"replies":[{"embeddable":true,"href":"https:\/\/www.europesays.com\/fr\/wp-json\/wp\/v2\/comments?post=314613"}],"version-history":[{"count":0,"href":"https:\/\/www.europesays.com\/fr\/wp-json\/wp\/v2\/posts\/314613\/revisions"}],"wp:featuredmedia":[{"embeddable":true,"href":"https:\/\/www.europesays.com\/fr\/wp-json\/wp\/v2\/media\/314614"}],"wp:attachment":[{"href":"https:\/\/www.europesays.com\/fr\/wp-json\/wp\/v2\/media?parent=314613"}],"wp:term":[{"taxonomy":"category","embeddable":true,"href":"https:\/\/www.europesays.com\/fr\/wp-json\/wp\/v2\/categories?post=314613"},{"taxonomy":"post_tag","embeddable":true,"href":"https:\/\/www.europesays.com\/fr\/wp-json\/wp\/v2\/tags?post=314613"}],"curies":[{"name":"wp","href":"https:\/\/api.w.org\/{rel}","templated":true}]}}