{"id":314615,"date":"2025-08-12T19:28:10","date_gmt":"2025-08-12T19:28:10","guid":{"rendered":"https:\/\/www.europesays.com\/fr\/314615\/"},"modified":"2025-08-12T19:28:10","modified_gmt":"2025-08-12T19:28:10","slug":"installe-aux-eaux-vives-le-mamco-joue-entre-lumiere-et-tenebres-une-partition-genevoise","status":"publish","type":"post","link":"https:\/\/www.europesays.com\/fr\/314615\/","title":{"rendered":"Install\u00e9 aux Eaux-Vives, le Mamco joue, entre lumi\u00e8re et t\u00e9n\u00e8bres, une partition genevoise"},"content":{"rendered":"<p>Install\u00e9 hors de ses murs, contraint de d\u00e9m\u00e9nager pour que soient men\u00e9s de grands travaux de r\u00e9novation, le Mus\u00e9e d\u2019art moderne et contemporain (Mamco) a choisi, cet \u00e9t\u00e9, de remonter le temps. Il pr\u00e9sente \u00e0 SOMA, un espace brut des Eaux-Vives, qui rappelle les locaux industriels de la rue des Vieux-Grenadiers, une exposition intitul\u00e9e Psot Netebras Xul qui joue, bien s\u00fbr, bizarre anagramme, avec la devise de Gen\u00e8ve, mais aussi sur la mise en lumi\u00e8re, autrement dit sur la \u00abr\u00e9v\u00e9lation\u00bb qu\u2019a pu constituer l\u2019art contemporain \u00e0 Gen\u00e8ve.<\/p>\n<p>Il raconte comment cet art, moderne puis contemporain, va \u00eatre montr\u00e9, vu, aim\u00e9 ou d\u00e9test\u00e9, va se faire, et peu \u00e0 peu trouver sa place. Et ce, gr\u00e2ce \u00e0 l\u2019action d\u2019artistes, de collectifs, de conservateurs, d\u2019historiens de l\u2019art, de galeristes, d\u2019enseignants et de collectionneurs qui donnera naissance, en 1973, \u00e0 l\u2019Association pour un mus\u00e9e d\u2019art moderne (AMAM) puis \u00e0 l\u2019ouverture du Mamco en 1994, tandis qu\u2019elle stimule l\u2019apparition de diff\u00e9rentes sc\u00e8nes artistiques contemporaines \u00e0 Gen\u00e8ve.<\/p>\n","protected":false},"excerpt":{"rendered":"Install\u00e9 hors de ses murs, contraint de d\u00e9m\u00e9nager pour que soient men\u00e9s de grands travaux de r\u00e9novation, le&hellip;\n","protected":false},"author":2,"featured_media":314616,"comment_status":"","ping_status":"","sticky":false,"template":"","format":"standard","meta":{"footnotes":""},"categories":[1358],"tags":[1348,1384,1385,1386,58,59,1011,27,14022,301],"class_list":{"0":"post-314615","1":"post","2":"type-post","3":"status-publish","4":"format-standard","5":"has-post-thumbnail","7":"category-arts-et-design","8":"tag-arts","9":"tag-arts-and-design","10":"tag-arts-et-design","11":"tag-design","12":"tag-divertissement","13":"tag-entertainment","14":"tag-fr","15":"tag-france","16":"tag-musees-et-expositions","17":"tag-premium"},"share_on_mastodon":{"url":"https:\/\/pubeurope.com\/@fr\/115017449862794013","error":""},"_links":{"self":[{"href":"https:\/\/www.europesays.com\/fr\/wp-json\/wp\/v2\/posts\/314615","targetHints":{"allow":["GET"]}}],"collection":[{"href":"https:\/\/www.europesays.com\/fr\/wp-json\/wp\/v2\/posts"}],"about":[{"href":"https:\/\/www.europesays.com\/fr\/wp-json\/wp\/v2\/types\/post"}],"author":[{"embeddable":true,"href":"https:\/\/www.europesays.com\/fr\/wp-json\/wp\/v2\/users\/2"}],"replies":[{"embeddable":true,"href":"https:\/\/www.europesays.com\/fr\/wp-json\/wp\/v2\/comments?post=314615"}],"version-history":[{"count":0,"href":"https:\/\/www.europesays.com\/fr\/wp-json\/wp\/v2\/posts\/314615\/revisions"}],"wp:featuredmedia":[{"embeddable":true,"href":"https:\/\/www.europesays.com\/fr\/wp-json\/wp\/v2\/media\/314616"}],"wp:attachment":[{"href":"https:\/\/www.europesays.com\/fr\/wp-json\/wp\/v2\/media?parent=314615"}],"wp:term":[{"taxonomy":"category","embeddable":true,"href":"https:\/\/www.europesays.com\/fr\/wp-json\/wp\/v2\/categories?post=314615"},{"taxonomy":"post_tag","embeddable":true,"href":"https:\/\/www.europesays.com\/fr\/wp-json\/wp\/v2\/tags?post=314615"}],"curies":[{"name":"wp","href":"https:\/\/api.w.org\/{rel}","templated":true}]}}