{"id":314617,"date":"2025-08-12T19:29:14","date_gmt":"2025-08-12T19:29:14","guid":{"rendered":"https:\/\/www.europesays.com\/fr\/314617\/"},"modified":"2025-08-12T19:29:14","modified_gmt":"2025-08-12T19:29:14","slug":"cette-librairie-parisienne-prise-pour-cible-pour-des-livres-sur-la-palestine","status":"publish","type":"post","link":"https:\/\/www.europesays.com\/fr\/314617\/","title":{"rendered":"Cette librairie parisienne prise pour cible pour des livres sur la Palestine"},"content":{"rendered":"<p>        <img decoding=\"async\" loading=\"lazy\" src=\"https:\/\/www.europesays.com\/fr\/wp-content\/uploads\/2025\/08\/cd21065_upload-1-wu94qilohhl0-capture-da-a-cran-2025-08-12-205759.png\"  width=\"728\" height=\"410\" alt=\"La librairie parisienne Violette and Co affirme \u00eatre victime \u00ab\u00a0d\u2019une campagne d\u2019intimidation, de d\u00e9gradations \u00bb \u00e0 cause de livres sur la Palestine.\"\/>  <\/p>\n<p>Violette and Co &#8211; Instagram<\/p>\n<p>La librairie parisienne Violette and Co affirme \u00eatre victime \u00ab\u00a0d\u2019une campagne d\u2019intimidation, de d\u00e9gradations \u00bb \u00e0 cause de livres sur la Palestine.<\/p>\n<p class=\"asset asset-text\">FRANCE &#8211; Quand les livres v\u00e9hiculent des messages qui d\u00e9rangent. Dans un communiqu\u00e9 publi\u00e9 sur Instagram ce lundi 11\u00a0ao\u00fbt, la librairie Violette and Co, situ\u00e9e dans le XIe arrondissement de <a href=\"https:\/\/www.huffingtonpost.fr\/faits-divers\/article\/a-paris-les-locaux-de-la-compagnie-aerienne-israelienne-el-al-tagues-a-la-peinture-rouge_253359.html\" rel=\"nofollow noopener\" target=\"_blank\">Paris<\/a>, affirme \u00eatre victime \u00ab\u00a0d\u2019une campagne d\u2019intimidation, de d\u00e9gradations et de menaces\u00a0\u00bb \u00e0 cause de l\u2019exposition de livres sur<a href=\"https:\/\/www.huffingtonpost.fr\/international\/video\/le-plan-de-netanyahu-pour-conquerir-gaza-suscite-la-colere-de-ces-israeliens-qui-manifestent-a-tel-aviv_253432.html\" rel=\"nofollow noopener\" target=\"_blank\"> la Palestine<\/a> en vitrine.<\/p>\n<p class=\"asset asset-text\">L\u2019\u00e9tablissement, sp\u00e9cialis\u00e9 dans la litt\u00e9rature f\u00e9ministe et<a href=\"https:\/\/www.huffingtonpost.fr\/france\/article\/pour-les-personnes-trans-ces-nouvelles-regles-de-la-has-consacrent-une-avancee-majeure_252758.html\" rel=\"nofollow noopener\" target=\"_blank\"> LGBTQI+<\/a>, r\u00e9v\u00e8le que les menaces ont commenc\u00e9\u00a0il y a \u00ab\u00a0un mois\u00a0\u00bb. En juin\u00a02025, les libraires d\u00e9cident de mettre en avant des \u00ab\u00a0livres sur l\u2019extr\u00eame droite, le racisme, le colonialisme, la Palestine, et des romans d\u2019auteur\u00b7ices queers et f\u00e9ministes arabes\u00a0\u00bb. D\u2019apr\u00e8s Violette and Co, ce choix \u00e9ditorial a entra\u00een\u00e9 le d\u00e9but des violences.<\/p>\n<p class=\"asset asset-text\">C\u2019est dans la nuit du 7\u00a0au 8\u00a0juillet\u00a02025\u00a0que des premiers tags apparaissent sur la fa\u00e7ade avec les slogans \u00ab\u00a0ISLAMO COMPLICE\u00a0\u00bb et \u00ab\u00a0HAMAS VIOLEUR\u00a0\u00bb peints \u00e0 l\u2019acide. Le 6\u00a0ao\u00fbt, la librairie relate, dans sa publication Instagram, qu\u2019\u00ab\u00a0un groupe de cinq personnes\u00a0\u00bb est venu les \u00ab\u00a0intimider\u00a0\u00bb, proclamant notamment qu\u2019il \u00ab\u00a0n\u2019y a pas de g\u00e9nocide\u00a0\u00bb \u00e0 Gaza. L\u2019enclave fait face \u00e0 des frappes isra\u00e9liennes quotidiennes depuis l\u2019attaque meurtri\u00e8re du Hamas du 7\u00a0octobre\u00a02023.<\/p>\n<p>    Des m\u00e9dias de Bollor\u00e9 mis en cause    <\/p>\n<p class=\"asset asset-text\">Violette and Co d\u00e9plore \u00e9galement du harc\u00e8lement en ligne sur diff\u00e9rents r\u00e9seaux sociaux, comprenant \u00ab\u00a0des propos diffamatoires (y compris par des \u00e9lu\u00b7es LR)\u00a0\u00bb. Mais aussi des insultes \u00ab\u00a0LGBT-phobes, sexistes et racistes\u00a0\u00bb. La librairie met aussi en cause les m\u00e9dias d\u2019extr\u00eame droite appartenant au milliardaire Vincent Bollor\u00e9, \u00ab\u00a0CNews, le Journal Du Dimanche, Europe 1\u00a0\u00bb, leur reprochant d\u2019\u00ab\u00a0alimenter le harc\u00e8lement\u00a0\u00bb en \u00ab\u00a0relayant de fausses informations\u00a0\u00bb.<\/p>\n<p> La lecture de ce contenu est susceptible d\u2019entra\u00eener un d\u00e9p\u00f4t de cookies de la part de l\u2019op\u00e9rateur tiers qui l\u2019h\u00e9berge. Compte-tenu des choix que vous avez exprim\u00e9s en mati\u00e8re de d\u00e9p\u00f4t de cookies, nous avons bloqu\u00e9 l\u2019affichage de ce contenu. Si vous souhaitez y acc\u00e9der, vous devez accepter la cat\u00e9gorie de cookies \u201cContenus tiers\u201d en cliquant sur le bouton ci-dessous. <\/p>\n<p> Lire la Vid\u00e9o        <\/p>\n<p class=\"asset asset-text\">Un ouvrage mis en avant par la librairie est particuli\u00e8rement cit\u00e9 dans les messages de haine re\u00e7us par l\u2019\u00e9tablissement. Il s\u2019agit d\u2019un livre de coloriage intitul\u00e9 From the River to the Sea et cosign\u00e9 par Nathi Ngubane et Azad Essa (Social Bandit Media). L\u2019un des auteurs, Nathi Ngubane avait expliqu\u00e9 en juin\u00a02024\u00a0au\u00a0<a href=\"https:\/\/mg.co.za\/friday\/2024-06-06-childrens-book-on-palestine-gets-blowback\/\" target=\"_blank\" rel=\"noopener nofollow\" title=\"Nouvelle fen\u00eatre\">Mail &amp;\u00a0Guardian<\/a>\u00a0avoir voulu \u00ab\u00a0cr\u00e9er un ouvrage d\u2019activit\u00e9s accessible aux enfants, qui leur apprendrait aussi des choses sur la lutte de la Palestine pour la libert\u00e9\u00a0\u00bb.<\/p>\n<p class=\"asset asset-text\">Si le livre fait parler, c\u2019est notamment en raison de son titre. From the River to the Sea signifie \u00ab\u00a0De la rivi\u00e8re \u00e0 la mer\u00a0\u00bb, un slogan utilis\u00e9 par \u00ab\u00a0l\u2019Organisation de lib\u00e9ration de la Palestine (OLP) qui, dans les ann\u00e9es 1960, revendiquant la cr\u00e9ation d\u2019un \u00c9tat s\u2019\u00e9tendant de la mer M\u00e9diterran\u00e9e au Jourdain\u00a0\u00bb, explique le m\u00e9dia en ligne <a href=\"https:\/\/actualitte.com\/article\/125518\/librairie\/paris-la-librairie-violette-and-co-denonce-une-campagne-d-intimidation\" target=\"_blank\" rel=\"noopener nofollow\" title=\"Nouvelle fen\u00eatre\">ActuaLitt\u00e9<\/a>.<\/p>\n<p>    Un slogan pol\u00e9mique    <\/p>\n<p class=\"asset asset-text\">R\u00e9utilis\u00e9 par le Likoud, parti politique isra\u00e9lien historiquement de centre-droit ayant pris un virage id\u00e9ologique \u00e0 l\u2019extr\u00eame droite depuis l\u2019arriv\u00e9e de Benjamin Netanyahu au pouvoir, le slogan avait alors pour vocation d\u2019appeler \u00e0 la cr\u00e9ation d\u2019un \u00c9tat strictement isra\u00e9lien.<\/p>\n<p class=\"asset asset-text\">Puis, il a \u00e9t\u00e9 repris par le Hamas, mouvement islamiste actuellement au pouvoir \u00e0 Gaza. Depuis le 7\u00a0octobre\u00a02023, \u00ab\u00a0From the River to the Sea\u00a0\u00bb est notamment scand\u00e9 dans les manifestations pour \u00ab\u00a0revendiquer un \u00c9tat o\u00f9 les Palestiniens vivraient libres pour les autres\u00a0\u00bb, rapporte <a href=\"https:\/\/www.liberation.fr\/checknews\/quelle-est-lorigine-du-slogan-polemique-from-the-river-to-the-sea-utilise-par-les-soutiens-de-la-palestine-20231107_LEGKMTKLPBCWJBZ6YPUOJCMTAA\/\" target=\"_blank\" rel=\"noopener nofollow\" title=\"Nouvelle fen\u00eatre\">Lib\u00e9ration.<\/a> Mais du fait de sa r\u00e9cup\u00e9ration par le Hamas, le Crif (Conseil repr\u00e9sentatif des institutions juives de France) condamne l\u2019emploi de ce message, jugeant qu\u2019il s\u2019agit d\u2019une \u00ab\u00a0rh\u00e9torique combattante\u00a0\u00bb du mouvement \u00e0 l\u2019encontre d\u2019Isra\u00ebl.<\/p>\n<p class=\"asset asset-text\">Violette and Co explique que des m\u00e9dias d\u2019extr\u00eame droite ont assimil\u00e9 ce livre \u00e0 \u00ab\u00a0un slogan du Hamas\u00a0\u00bb. Tandis que deux \u00e9lus LR, Aur\u00e9lien V\u00e9ron et Nelly Garnier, ont, selon la librairie, d\u00e9nonc\u00e9 \u00ab\u00a0un livre antis\u00e9mite\u00a0\u00bb qui appelle \u00ab\u00a0\u00e0 la disparition d\u2019Isra\u00ebl\u00a0\u00bb.<\/p>\n<p class=\"asset asset-text\">Face \u00e0 cette profusion de haine, Lo\u00efse, libraire et coop\u00e9ratrice, affirme \u00e0 <a href=\"https:\/\/actu.fr\/ile-de-france\/paris_75056\/on-ne-se-laissera-pas-faire-a-paris-la-librairie-violette-amp-co-attaquee-pour-des-livres-sur-la-palestine_63026308.html\" target=\"_blank\" rel=\"noopener nofollow\" title=\"Nouvelle fen\u00eatre\">Actu Paris\u00a0<\/a>: \u00ab\u00a0On ne se laissera pas faire\u00a0\u00bb. C\u2019est pourquoi l\u2019\u00e9quipe a d\u00e9cid\u00e9 de porter plainte contre \u00ab\u00a0toutes les personnes qui ont commis des infractions\u00a0\u00bb. De son c\u00f4t\u00e9, Jean-Luc Romero, adjoint \u00e0 la maire de Paris charg\u00e9 de la lutte contre les discriminations, rappelle\u00a0: \u00ab\u00a0Rien ne justifie la haine\u00a0que subissent les \u00e9quipes\u00a0\u00bb.<\/p>\n","protected":false},"excerpt":{"rendered":"Violette and Co &#8211; Instagram La librairie parisienne Violette and Co affirme \u00eatre victime \u00ab\u00a0d\u2019une campagne d\u2019intimidation, de&hellip;\n","protected":false},"author":2,"featured_media":314618,"comment_status":"","ping_status":"","sticky":false,"template":"","format":"standard","meta":{"footnotes":""},"categories":[1357],"tags":[1379,3259,58,59,118,1011,27,3519,664,14783,1380,626],"class_list":{"0":"post-314617","1":"post","2":"type-post","3":"status-publish","4":"format-standard","5":"has-post-thumbnail","7":"category-livres","8":"tag-books","9":"tag-conflit-israelo-palestinien","10":"tag-divertissement","11":"tag-entertainment","12":"tag-faits-divers","13":"tag-fr","14":"tag-france","15":"tag-hamas","16":"tag-israel","17":"tag-librairie","18":"tag-livres","19":"tag-paris"},"share_on_mastodon":{"url":"https:\/\/pubeurope.com\/@fr\/115017453674795612","error":""},"_links":{"self":[{"href":"https:\/\/www.europesays.com\/fr\/wp-json\/wp\/v2\/posts\/314617","targetHints":{"allow":["GET"]}}],"collection":[{"href":"https:\/\/www.europesays.com\/fr\/wp-json\/wp\/v2\/posts"}],"about":[{"href":"https:\/\/www.europesays.com\/fr\/wp-json\/wp\/v2\/types\/post"}],"author":[{"embeddable":true,"href":"https:\/\/www.europesays.com\/fr\/wp-json\/wp\/v2\/users\/2"}],"replies":[{"embeddable":true,"href":"https:\/\/www.europesays.com\/fr\/wp-json\/wp\/v2\/comments?post=314617"}],"version-history":[{"count":0,"href":"https:\/\/www.europesays.com\/fr\/wp-json\/wp\/v2\/posts\/314617\/revisions"}],"wp:featuredmedia":[{"embeddable":true,"href":"https:\/\/www.europesays.com\/fr\/wp-json\/wp\/v2\/media\/314618"}],"wp:attachment":[{"href":"https:\/\/www.europesays.com\/fr\/wp-json\/wp\/v2\/media?parent=314617"}],"wp:term":[{"taxonomy":"category","embeddable":true,"href":"https:\/\/www.europesays.com\/fr\/wp-json\/wp\/v2\/categories?post=314617"},{"taxonomy":"post_tag","embeddable":true,"href":"https:\/\/www.europesays.com\/fr\/wp-json\/wp\/v2\/tags?post=314617"}],"curies":[{"name":"wp","href":"https:\/\/api.w.org\/{rel}","templated":true}]}}