{"id":314619,"date":"2025-08-12T19:30:15","date_gmt":"2025-08-12T19:30:15","guid":{"rendered":"https:\/\/www.europesays.com\/fr\/314619\/"},"modified":"2025-08-12T19:30:15","modified_gmt":"2025-08-12T19:30:15","slug":"bart-est-vivant-annie-renverse-ludo-en-voiture-le-resume-de-lepisode-2008-du-mercredi-13-aout-2025","status":"publish","type":"post","link":"https:\/\/www.europesays.com\/fr\/314619\/","title":{"rendered":"Bart est vivant, Annie renverse Ludo en voiture&#8230; Le r\u00e9sum\u00e9 de l&rsquo;\u00e9pisode 2008 du mercredi 13 ao\u00fbt 2025"},"content":{"rendered":"<p>Dans l&rsquo;\u00e9pisode 2008 de Demain nous appartient diffus\u00e9 ce mercredi 13 ao\u00fbt 2025 sur TF1, alors que l&rsquo;enqu\u00eate patine, Ludo pr\u00e9pare un nouveau pi\u00e8ge pour faire d&rsquo;autres victimes. Annie lie davantage connaissance avec Alain, avant de vivre un drame. De son c\u00f4t\u00e9, Fran\u00e7ois est difficile \u00e0 convaincre.<\/p>\n<p><b>Mercredi 13 ao\u00fbt 2025, dans l&rsquo;\u00e9pisode 2007 de <\/b><b>Demain nous appartient<\/b>, avec <a href=\"https:\/\/www.programme-tv.net\/news\/series-tv\/384286-demain-nous-appartient-on-connait-la-date-d-arrivee-d-ambroise-michel-dans-la-serie-de-tf1\/\" data-api-deeplink=\"teleloisirs:\/\/news\/384286\" target=\"_blank\" rel=\"noopener\">l&rsquo;arriv\u00e9e prochaine d&rsquo;Ambroise Michel<\/a> et<a href=\"https:\/\/www.programme-tv.net\/news\/series-tv\/384839-apres-j-ai-fini-sur-martin-constant-franck-monsigny-revele-cet-autre-role-quil-devait-initialement-jouer-dans-demain-nous-appartient\/\" data-api-deeplink=\"teleloisirs:\/\/news\/384839\" target=\"_blank\" rel=\"noopener\"> Franck Monsigny qui r\u00e9v\u00e8le cet autre r\u00f4le qu\u2019il devait initialement jouer<\/a>. Au commissariat, Sara rapporte \u00e0 Aurore que les \u00e9l\u00e9ments laiss\u00e9s par le tueur seraient des morceaux de poup\u00e9e. Roxane arrive et leur montre des images vid\u00e9o du tueur dont on ne voit pas le visage. Sara va montrer ses images \u00e0 Charles qui semble reconna\u00eetre l&rsquo;individu comme un client de la veille. Bart fait son retour au Spoon et rassure Audrey et Mona, puis leur parle du tueur. Ludo, install\u00e9 au comptoir, les \u00e9coute. Puis, il met des gouttes d&rsquo;anxiolytique dans son caf\u00e9 avant de soutirer des informations \u00e0 Bart sur l&rsquo;enqu\u00eate en cours.<\/p>\n<p>Demain nous appartient en avance : Annie a-t-elle tu\u00e9 Ludo ?<\/p>\n<p>A l&rsquo;h\u00f4pital, Victoire se confie \u00e0 Soraya sur le fait que Fred a d\u00e9couch\u00e9 pour dormir \u00e0 l&rsquo;h\u00f4tel. La m\u00e9decin appelle ensuite Samuel pour v\u00e9rifier que ce dernier a bien pass\u00e9 la nuit avec Marine. Ce qu&rsquo;il confirme. Au Spoon, Ludo croise Fred qui esp\u00e8re qu&rsquo;il n&rsquo;en veut pas trop \u00e0 Victoire, et Ludo le rassure, tout va bien entre eux. Au commissariat, Damien annonce avoir trouv\u00e9, sur les morceaux de poup\u00e9e, des gouttes d&rsquo;un anxiolytique pas tr\u00e8s courant, ce qui pourrait les aider \u00e0 retrouver la trace du tueur. Ludo s&rsquo;en va pi\u00e9ger avec des explosifs la sc\u00e8ne d&rsquo;un th\u00e9\u00e2tre en ext\u00e9rieur. Simon et le directeur du th\u00e9\u00e2tre arrivent, en pleine discussion, et Ludo a tout juste le temps de se cacher. Puis, il fuit et se fait percuter par une voiture. Annie, sous le choc, est au volant.<\/p>\n<p>                        Demain nous appartient en avance : Adam pi\u00e8ge son p\u00e8re pour la bonne cause<\/p>\n<p>Au Spoon, M\u00e9lody parle \u00e0 Fran\u00e7ois d&rsquo;un concert organis\u00e9 par plusieurs associations dont la Brassos, mais il r\u00e9pond ne pas \u00eatre au courant. Il re\u00e7oit ensuite un sms de Bastien qui l&rsquo;invite \u00e0 d\u00e9jeuner avec Lizzie pour lui parler d&rsquo;un projet. Ces derniers lui proposent ensuite de participer au concert mais le prof refuse et leur dit qu&rsquo;il n&rsquo;a pas le c\u0153ur \u00e0 \u00e7a. Plus tard, Adam emm\u00e8ne son p\u00e8re prendre un verre \u00e0 la paillote et ils s&rsquo;asseyent juste \u00e0 c\u00f4t\u00e9 de Bastien et M\u00e9lody qui discutent du concert et du fait qu&rsquo;il va falloir l&rsquo;annuler. M\u00e9lody essaie \u00e0 nouveau de convaincre Fran\u00e7ois qui finit par accepter de participer. Adam lui avoue qu&rsquo;il a tout maniganc\u00e9 car il faut continuer \u00e0 vivre, m\u00eame si <a href=\"https:\/\/www.programme-tv.net\/news\/series-tv\/382283-exclu-demain-nous-appartient-soizic-etant-en-prison-charlie-nune-va-t-elle-quitter-la-serie-elle-nous-repond\/\" data-api-deeplink=\"teleloisirs:\/\/news\/382283\" target=\"_blank\" rel=\"noopener\">Soizic (Charlie Nune) est en prison<\/a>.<\/p>\n<p>            Demain nous appartient en avance : Alain et Annie se rapprochent<\/p>\n<p>Christelle donne \u00e0 Annie le num\u00e9ro de t\u00e9l\u00e9phone d&rsquo;Alain qu&rsquo;elle a r\u00e9cup\u00e9r\u00e9 dans son dossier \u00e0 l&rsquo;h\u00f4pital. Mais Annie ne se voit pas l&rsquo;appeler. Plus tard, au Spoon, elle prend un caf\u00e9 avec Bruno et Sylvain qui l&rsquo;encouragent \u00e0 tenter le coup avec Alain, mais elle a peur d&rsquo;\u00eatre \u00e9conduite. Alain arrive, les deux autres hommes filent pour le laisser seul avec Annie. Alain et cette derni\u00e8re passent ainsi un bon moment. De retour \u00e0 la maison, elle confie \u00e0 Christelle qu&rsquo;elle ne compte pas le rappeler.<\/p>\n","protected":false},"excerpt":{"rendered":"Dans l&rsquo;\u00e9pisode 2008 de Demain nous appartient diffus\u00e9 ce mercredi 13 ao\u00fbt 2025 sur TF1, alors que l&rsquo;enqu\u00eate&hellip;\n","protected":false},"author":2,"featured_media":314620,"comment_status":"","ping_status":"","sticky":false,"template":"","format":"standard","meta":{"footnotes":""},"categories":[1356],"tags":[244,3598,5247,58,59,1011,27,5249,5248,5246,252,199,1364],"class_list":{"0":"post-314619","1":"post","2":"type-post","3":"status-publish","4":"format-standard","5":"has-post-thumbnail","7":"category-television","8":"tag-commentaire","9":"tag-demain-nous-appartient","10":"tag-demain-nous-appartient-en-avance","11":"tag-divertissement","12":"tag-entertainment","13":"tag-fr","14":"tag-france","15":"tag-mytf1-max","16":"tag-ru00e9sumu00e9-demain-nous-appartient","17":"tag-ru00e9sumu00e9-en-avance-demain-nous-appartient","18":"tag-television","19":"tag-tf1","20":"tag-tv"},"share_on_mastodon":{"url":"https:\/\/pubeurope.com\/@fr\/115017457577095942","error":""},"_links":{"self":[{"href":"https:\/\/www.europesays.com\/fr\/wp-json\/wp\/v2\/posts\/314619","targetHints":{"allow":["GET"]}}],"collection":[{"href":"https:\/\/www.europesays.com\/fr\/wp-json\/wp\/v2\/posts"}],"about":[{"href":"https:\/\/www.europesays.com\/fr\/wp-json\/wp\/v2\/types\/post"}],"author":[{"embeddable":true,"href":"https:\/\/www.europesays.com\/fr\/wp-json\/wp\/v2\/users\/2"}],"replies":[{"embeddable":true,"href":"https:\/\/www.europesays.com\/fr\/wp-json\/wp\/v2\/comments?post=314619"}],"version-history":[{"count":0,"href":"https:\/\/www.europesays.com\/fr\/wp-json\/wp\/v2\/posts\/314619\/revisions"}],"wp:featuredmedia":[{"embeddable":true,"href":"https:\/\/www.europesays.com\/fr\/wp-json\/wp\/v2\/media\/314620"}],"wp:attachment":[{"href":"https:\/\/www.europesays.com\/fr\/wp-json\/wp\/v2\/media?parent=314619"}],"wp:term":[{"taxonomy":"category","embeddable":true,"href":"https:\/\/www.europesays.com\/fr\/wp-json\/wp\/v2\/categories?post=314619"},{"taxonomy":"post_tag","embeddable":true,"href":"https:\/\/www.europesays.com\/fr\/wp-json\/wp\/v2\/tags?post=314619"}],"curies":[{"name":"wp","href":"https:\/\/api.w.org\/{rel}","templated":true}]}}