{"id":31462,"date":"2025-04-17T10:36:11","date_gmt":"2025-04-17T10:36:11","guid":{"rendered":"https:\/\/www.europesays.com\/fr\/31462\/"},"modified":"2025-04-17T10:36:11","modified_gmt":"2025-04-17T10:36:11","slug":"qui-est-alan-garber-le-president-de-luniversite-harvard-qui-tient-tete-a-donald-trump","status":"publish","type":"post","link":"https:\/\/www.europesays.com\/fr\/31462\/","title":{"rendered":"Qui est Alan Garber, le pr\u00e9sident de l\u2019universit\u00e9 Harvard qui tient t\u00eate \u00e0 Donald Trump\u00a0?"},"content":{"rendered":"<p> \u00abAucun gouvernement ne doit dicter aux universit\u00e9s ce qu\u2019elles doivent enseigner, qui elles peuvent enr\u00f4ler ou embaucher, ni sur quoi elles peuvent mener des recherches.\u00a0\u00bb Lundi, Alan Garber, le pr\u00e9sident de l\u2019universit\u00e9 d\u2019<a href=\"https:\/\/www.20minutes.fr\/dossier\/harvard\" class=\"color-ultramarine c-link\" target=\"_blank\" rel=\"noopener\">Harvard<\/a>, a r\u00e9pondu \u00e0 l<a href=\"https:\/\/www.20minutes.fr\/monde\/etats-unis\/4148819-20250416-etats-unis-credits-coupes-antisemitisme-torchon-brule-entre-universite-harvard-trump\" class=\"color-ultramarine c-link\" target=\"_blank\" rel=\"noopener\">\u2019offensive <\/a>de Donald <a href=\"https:\/\/www.20minutes.fr\/dossier\/donald_trump\" class=\"color-ultramarine c-link\" target=\"_blank\" rel=\"noopener\">Trump<\/a>. Le pr\u00e9sident am\u00e9ricain a en effet coup\u00e9 2,2\u00a0milliards de dollars de subventions f\u00e9d\u00e9rales \u00e0 l\u2019\u00e9tablissement, et veut d\u00e9sormais r\u00e9viser les exon\u00e9rations fiscales dont b\u00e9n\u00e9ficie l\u2019universit\u00e9. Harvard devrait \u00eatre \u00ab\u00a0impos\u00e9 comme une entit\u00e9 politique\u00a0\u00bb, a avanc\u00e9 Trump sur Truth Social. Il a poursuivi ce mercredi, toujours dans la finesse\u00a0: \u00ab\u00a0Harvard est une blague qui enseigne la haine et l\u2019imb\u00e9cilit\u00e9\u00a0\u00bb.<\/p>\n<p>La raison\u00a0? Alan Garber refuse de se conformer aux exigences du gouvernement, qui veut la fin des programmes de diversit\u00e9, \u00e9quit\u00e9 et inclusion (DEI), la r\u00e9duction du nombre d\u2019\u00e9tudiants internationaux et la dissolution des groupes pro-palestiniens. Karoline Leavitt, la porte-parole de la Maison-Blanche, en a rajout\u00e9 une couche\u00a0: \u00ab\u00a0Harvard doit s\u2019excuser pour l\u2019antis\u00e9mitisme flagrant sur son campus\u00a0\u00bb. Face \u00e0 cette attaque directe, Alan Garber est donc devenu, presque malgr\u00e9 lui, l\u2019embl\u00e8me de la r\u00e9sistance universitaire.<\/p>\n<p>Un ancien de Stanford<\/p>\n<p>Nomm\u00e9 pr\u00e9sident de Harvard en ao\u00fbt\u00a02024 pour un mandat de trois ans, Alan Garber a \u00e9t\u00e9 confirm\u00e9 dans ses fonctions apr\u00e8s avoir assur\u00e9 l\u2019int\u00e9rim pendant sept mois, dans un contexte de crise institutionnelle. Il \u00ab\u00a0a accompli un travail remarquable en menant Harvard \u00e0 travers des d\u00e9fis extraordinaires depuis qu\u2019il a pris ses fonctions de pr\u00e9sident par int\u00e9rim\u00a0\u00bb, saluait le 2\u00a0ao\u00fbt Penny Pritzker, pr\u00e9sidente de la Harvard Corporation, dans un communiqu\u00e9 cit\u00e9 par <a href=\"https:\/\/www.challenges.fr\/grandes-ecoles\/qui-est-alan-garber-le-nouveau-president-de-harvard_903308\" target=\"_blank\" class=\"color-ultramarine c-link\" rel=\"noopener\">Challenges<\/a>.<\/p>\n<p>\u00c9conomiste de formation et m\u00e9decin, celui qui est issu d\u2019une famille juive de l\u2019Illinois est dipl\u00f4m\u00e9 avec une mention honorifique du Harvard College, titulaire d\u2019un doctorat en \u00e9conomie de la m\u00eame universit\u00e9, et d\u2019un doctorat en m\u00e9decine obtenu \u00e0 Stanford. A Stanford, justement, il y est rest\u00e9 vingt-cinq ans et a fond\u00e9 deux centres de recherche d\u00e9di\u00e9s aux politiques de sant\u00e9, avant de rejoindre Harvard comme principal responsable acad\u00e9mique en\u00a02011.<\/p>\n<p>\u00c0 70 ans, Alan Garber fuit les projecteurs et ne s\u2019est jamais affich\u00e9 comme militant. Au contraire, il a mis fin \u00e0 la tradition d\u2019engagement politique de l\u2019universit\u00e9 en instaurant une politique de \u00ab\u00a0neutralit\u00e9 institutionnelle\u00a0\u00bb.<\/p>\n<p>Harvard VS Washington<\/p>\n<p>Partisan de la discipline, il avait aussi envoy\u00e9 un signal fort en nommant un doyen conservateur, dans un \u00e9tablissement o\u00f9 plus des trois quarts des professeurs se revendiquent progressistes, pr\u00e9cise <a href=\"https:\/\/www.lesechos.fr\/monde\/etats-unis\/harvard-alan-garber-lhomme-qui-resiste-a-trump-2160193\" target=\"_blank\" class=\"color-ultramarine c-link\" rel=\"noopener\">Les \u00c9chos<\/a>.<\/p>\n<p>Longtemps soucieux d\u2019apaiser les tensions avec les conservateurs, Garber a r\u00e9cemment surpris en tenant t\u00eate \u00e0 la Maison-Blanche, r\u00e9pondant aussi \u00e0 une mobilisation interne forte. Plus de 800 enseignants ont sign\u00e9 une p\u00e9tition appelant \u00e0 d\u00e9fendre les libert\u00e9s acad\u00e9miques. Qualifi\u00e9e d\u2019exemplaire par Barack Obama, sa posture a \u00e9galement \u00e9t\u00e9 salu\u00e9e par son pr\u00e9d\u00e9cesseur <a href=\"https:\/\/x.com\/LHSummers\/status\/1911839522058367129\" target=\"_blank\" class=\"color-ultramarine c-link\">Lawrence Summers sur X.<\/a><\/p>\n<\/p>\n<p>Mais cette crise dont il est l\u2019ambassadeur d\u00e9passe Harvard. Des centaines de visas \u00e9tudiants ont \u00e9t\u00e9 annul\u00e9es, des militants propalestiniens arr\u00eat\u00e9s, malgr\u00e9 leur statut l\u00e9gal. Et le d\u00e9bat sur la libert\u00e9 acad\u00e9mique est d\u00e9sormais central aux \u00c9tats-Unis.<\/p>\n","protected":false},"excerpt":{"rendered":"\u00abAucun gouvernement ne doit dicter aux universit\u00e9s ce qu\u2019elles doivent enseigner, qui elles peuvent enr\u00f4ler ou embaucher, ni&hellip;\n","protected":false},"author":2,"featured_media":31463,"comment_status":"","ping_status":"","sticky":false,"template":"","format":"standard","meta":{"footnotes":""},"categories":[2],"tags":[47,11,75,73,1011,27,666,74,12,4919,25,5768],"class_list":{"0":"post-31462","1":"post","2":"type-post","3":"status-publish","4":"format-standard","5":"has-post-thumbnail","7":"category-actualites","8":"tag-actualite","9":"tag-actualites","10":"tag-donald-trump","11":"tag-etats-unis","12":"tag-fr","13":"tag-france","14":"tag-harvard","15":"tag-monde","16":"tag-news","17":"tag-president","18":"tag-republique-francaise","19":"tag-universite"},"share_on_mastodon":{"url":"https:\/\/pubeurope.com\/@fr\/114352867513775759","error":""},"_links":{"self":[{"href":"https:\/\/www.europesays.com\/fr\/wp-json\/wp\/v2\/posts\/31462","targetHints":{"allow":["GET"]}}],"collection":[{"href":"https:\/\/www.europesays.com\/fr\/wp-json\/wp\/v2\/posts"}],"about":[{"href":"https:\/\/www.europesays.com\/fr\/wp-json\/wp\/v2\/types\/post"}],"author":[{"embeddable":true,"href":"https:\/\/www.europesays.com\/fr\/wp-json\/wp\/v2\/users\/2"}],"replies":[{"embeddable":true,"href":"https:\/\/www.europesays.com\/fr\/wp-json\/wp\/v2\/comments?post=31462"}],"version-history":[{"count":0,"href":"https:\/\/www.europesays.com\/fr\/wp-json\/wp\/v2\/posts\/31462\/revisions"}],"wp:featuredmedia":[{"embeddable":true,"href":"https:\/\/www.europesays.com\/fr\/wp-json\/wp\/v2\/media\/31463"}],"wp:attachment":[{"href":"https:\/\/www.europesays.com\/fr\/wp-json\/wp\/v2\/media?parent=31462"}],"wp:term":[{"taxonomy":"category","embeddable":true,"href":"https:\/\/www.europesays.com\/fr\/wp-json\/wp\/v2\/categories?post=31462"},{"taxonomy":"post_tag","embeddable":true,"href":"https:\/\/www.europesays.com\/fr\/wp-json\/wp\/v2\/tags?post=31462"}],"curies":[{"name":"wp","href":"https:\/\/api.w.org\/{rel}","templated":true}]}}