{"id":314623,"date":"2025-08-12T19:32:33","date_gmt":"2025-08-12T19:32:33","guid":{"rendered":"https:\/\/www.europesays.com\/fr\/314623\/"},"modified":"2025-08-12T19:32:33","modified_gmt":"2025-08-12T19:32:33","slug":"shrek-5-est-encore-repousse-et-il-va-falloir-attendre-un-long-moment-avant-le-retour-de-logre","status":"publish","type":"post","link":"https:\/\/www.europesays.com\/fr\/314623\/","title":{"rendered":"Shrek 5 est encore repouss\u00e9, et il va falloir attendre un long moment avant le retour de l&rsquo;ogre"},"content":{"rendered":"<p><strong>Ne soyez pas trop press\u00e9s de retrouver Shrek, puisque <a href=\"https:\/\/www.ecranlarge.com\/personnalite\/1460185-dreamworks\" data-type=\"people\" data-id=\"644277\" rel=\"nofollow noopener\" target=\"_blank\">DreamWorks<\/a> et Universal ont une seconde fois repouss\u00e9 la date de sortie du cinqui\u00e8me film d\u2019animation. <\/strong><\/p>\n<p>Apr\u00e8s le joli succ\u00e8s (notamment critique) du <strong>Chat Pott\u00e9 2<\/strong>, <strong>la saga <a href=\"https:\/\/www.ecranlarge.com\/films\/839449-shrek\" data-type=\"films\" data-id=\"654874\" rel=\"nofollow noopener\" target=\"_blank\">Shrek<\/a> est pleinement relanc\u00e9e<\/strong>. DreamWorks, qui peine \u00e0 cr\u00e9er de nouvelles franchises fortes et compte donc sur ses anciens titres, a lanc\u00e9 le d\u00e9veloppement d\u2019un autre spin-off. Celui-ci sera consacr\u00e9 \u00e0 l\u2019autre fid\u00e8le compagnon \u00e0 quatre pattes de Shrek, L\u2019\u00c2ne, comme l\u2019a lui-m\u00eame confirm\u00e9 Eddie Murphy (qui pr\u00eate sa voix au personnage en VO). <\/p>\n<p>                    <img decoding=\"async\" alt=\"\" class=\"wp-image-518375\" style=\"object-fit:cover;width:25px;height:25px\" src=\"https:\/\/www.ecranlarge.com\/content\/uploads\/2023\/09\/arrow-right-circle.svg\"\/><\/p>\n<p>Le studio a aussi saut\u00e9 sur l\u2019occasion de lancer un <strong><a href=\"https:\/\/www.ecranlarge.com\/films\/1473688-shrek-5\" data-type=\"films\" data-id=\"795748\" rel=\"nofollow noopener\" target=\"_blank\">Shrek 5<\/a><\/strong>, cor\u00e9alis\u00e9 par <a href=\"https:\/\/www.ecranlarge.com\/personnalite\/651948-conrad-vernon\" data-type=\"people\" data-id=\"304154\" rel=\"nofollow noopener\" target=\"_blank\">Conrad Vernon<\/a> et <a href=\"https:\/\/www.ecranlarge.com\/personnalite\/1168288-walt-dohrn\" data-type=\"people\" data-id=\"513951\" rel=\"nofollow noopener\" target=\"_blank\">Walt Dohrn<\/a>, deux v\u00e9t\u00e9rans de la franchise qui ont travaill\u00e9 sur\u00a0<strong>Shrek 2<\/strong>,\u00a0<strong>3<\/strong> et <strong>4<\/strong>. Un teaser (assez g\u00eanant d\u2019ailleurs) avait \u00e9t\u00e9 d\u00e9voil\u00e9 en f\u00e9vrier dernier, mais \u00e7a ne veut pas forc\u00e9ment dire que le film est en bonne voie. En effet, <strong>Universal a, une fois encore, repouss\u00e9 la date sortie, qui est d\u00e9sormais fort fort lointaine. <\/strong><\/p>\n<p><a href=\"https:\/\/www.ecranlarge.com\/content\/uploads\/2025\/02\/design-sans-titre-2025-02-27t181653.810.jpg\" rel=\"nofollow noopener\" target=\"_blank\"><\/p>\n<p><img loading=\"lazy\" decoding=\"async\" alt=\"Shrek 5 : un premier teaser g\u00eanant pour le retour de l'ogre culte\" src=\"https:\/\/www.europesays.com\/fr\/wp-content\/uploads\/2025\/08\/design-sans-titre-2025-02-27t181653.810-1260x709.jpg\" width=\"1260\" height=\"709\"  \/><\/p>\n<p><\/a>Le temps que Fiona retrouve ses dents ?ON EST PRESQUE ARRIV\u00c9S ? <\/p>\n<p>Initialement, <strong>Shrek 5 <\/strong>devait sortir en juillet 2026, mais a \u00e9t\u00e9 report\u00e9 \u00e0 d\u00e9cembre de la m\u00eame ann\u00e9e. D\u00e9sormais <strong>la date de sortie nord-am\u00e9ricaine est pass\u00e9e du 23 d\u00e9cembre 2026 au 30 juin 2027<\/strong>, comme l\u2019a rapport\u00e9 Variety. \u00c0 noter, donc, qu\u2019il sortira un mercredi aux \u00c9tats-Unis, et non le vendredi comme \u00e0 l\u2019accoutum\u00e9e.<\/p>\n<p>Mais rien d\u2019in\u00e9dit non plus, le cas s\u2019est encore pr\u00e9sent\u00e9 r\u00e9cemment avec <strong>Jurassic World : Renaissance<\/strong>, sorti un mercredi aux \u00c9tats-Unis et le vendredi suivant en France. En 2004, <strong>Shrek 2 \u00e9tait lui aussi sorti un mercredi \u00e0 domicile<\/strong>, et reste \u00e0 ce jour encore le volet le plus performant de la saga, et de tout le catalogue anim\u00e9 de DreamWorks au box-office avec ses 929 millions de dollars r\u00e9colt\u00e9s. <\/p>\n<p>Le studio n\u2019a donn\u00e9 aucune raison pour ce report, mais on imagine que les sortie d\u2019<strong>Avengers : Doomsda<\/strong><strong>ys<\/strong>, <strong>Dune 3 <\/strong>et <strong>L\u2019Age des Glaces 6 <\/strong>le 18 d\u00e9cembre (le 16 d\u00e9cembre en France) n\u2019\u00e9tait pas le cr\u00e9neau le plus prudent.<\/p>\n<p>Le film troque donc le cr\u00e9neau des vacances de No\u00ebl pour celui de l\u2019\u00e9t\u00e9, renouant ainsi avec la tradition puisque les quatre pr\u00e9c\u00e9dents volets de la saga <strong>Shrek<\/strong> sont sortis en juin. Plus globalement, s\u2019il n\u2019existe pas de r\u00e8gle absolue en la mati\u00e8re, l\u2019\u00e9t\u00e9 est une fen\u00eatre de sortie qui a d\u00e9j\u00e0 fait ses preuves pour les films d\u2019animation familiaux, ne serait-ce qu\u2019en 2024 avec la sortie en juin de <strong>Vice-Versa 2,<\/strong> devenu l\u2019ann\u00e9e derni\u00e8re le plus gros carton d\u2019un film d\u2019animation de l\u2019histoire (hors inflation).<\/p>\n<p>                    <img decoding=\"async\" alt=\"\" class=\"wp-image-518375\" style=\"object-fit:cover;width:25px;height:25px\" src=\"https:\/\/www.ecranlarge.com\/content\/uploads\/2023\/09\/arrow-right-circle.svg\"\/><\/p>\n<p>Universal a \u00e9galement pris l\u2019habitude de sortir les films de la saga <strong>Moi, Moche et M\u00e9chant l\u2019\u00e9t\u00e9<\/strong>, entre fin juin et d\u00e9but juillet, exception faite du premier opus sorti en octobre. Pour \u00e9viter l\u2019embouteillage, le studio a d\u2019ailleurs avanc\u00e9 la date du prochain film Illumination (encore inconnu), initialement pr\u00e9vu pour juin, au 16 avril 2027. <\/p>\n<p><a href=\"https:\/\/www.ecranlarge.com\/content\/uploads\/2021\/04\/shrek-photo-1375060.jpg\" rel=\"nofollow noopener\" target=\"_blank\"><img loading=\"lazy\" decoding=\"async\" alt=\"Shrek : photo\" class=\"wp-image-232622\" style=\"width:1024px;height:auto\" src=\"https:\/\/www.europesays.com\/fr\/wp-content\/uploads\/2025\/08\/shrek-photo-1375060-630x354.jpg\" width=\"630\" height=\"354\"  \/><\/a>Ils en ont fait du chemin (sauf Farquaad)<\/p>\n<p>Si le planning ne bouge pas entre-temps, <strong>Shrek 5<\/strong> devrait donc affronter <strong>Spider-Man: Beyond the Spider-Verse<\/strong>\u00a0de Sony, dont la sortie est pr\u00e9vue une semaine plus t\u00f4t, le 23 juin 2027, lui-m\u00eame ayant \u00e9t\u00e9 repouss\u00e9 par Sony \u00e0 cette date en juillet dernier. <\/p>\n<p>\u00a0C\u00f4t\u00e9 casting vocal, la version originale rappellera Mike Myers (Shrek), Eddie Murphy (L\u2019\u00c2ne) et Cameron Diaz (Fiona), tandis que Zendaya a rejoint la distribution pour jouer Felicia, la fille du couple d\u2019ogres. <\/p>\n","protected":false},"excerpt":{"rendered":"Ne soyez pas trop press\u00e9s de retrouver Shrek, puisque DreamWorks et Universal ont une seconde fois repouss\u00e9 la&hellip;\n","protected":false},"author":2,"featured_media":314624,"comment_status":"","ping_status":"","sticky":false,"template":"","format":"standard","meta":{"footnotes":""},"categories":[1354],"tags":[58,59,1346,1011,27,1360],"class_list":{"0":"post-314623","1":"post","2":"type-post","3":"status-publish","4":"format-standard","5":"has-post-thumbnail","7":"category-films","8":"tag-divertissement","9":"tag-entertainment","10":"tag-films","11":"tag-fr","12":"tag-france","13":"tag-movies"},"share_on_mastodon":{"url":"https:\/\/pubeurope.com\/@fr\/115017465522799298","error":""},"_links":{"self":[{"href":"https:\/\/www.europesays.com\/fr\/wp-json\/wp\/v2\/posts\/314623","targetHints":{"allow":["GET"]}}],"collection":[{"href":"https:\/\/www.europesays.com\/fr\/wp-json\/wp\/v2\/posts"}],"about":[{"href":"https:\/\/www.europesays.com\/fr\/wp-json\/wp\/v2\/types\/post"}],"author":[{"embeddable":true,"href":"https:\/\/www.europesays.com\/fr\/wp-json\/wp\/v2\/users\/2"}],"replies":[{"embeddable":true,"href":"https:\/\/www.europesays.com\/fr\/wp-json\/wp\/v2\/comments?post=314623"}],"version-history":[{"count":0,"href":"https:\/\/www.europesays.com\/fr\/wp-json\/wp\/v2\/posts\/314623\/revisions"}],"wp:featuredmedia":[{"embeddable":true,"href":"https:\/\/www.europesays.com\/fr\/wp-json\/wp\/v2\/media\/314624"}],"wp:attachment":[{"href":"https:\/\/www.europesays.com\/fr\/wp-json\/wp\/v2\/media?parent=314623"}],"wp:term":[{"taxonomy":"category","embeddable":true,"href":"https:\/\/www.europesays.com\/fr\/wp-json\/wp\/v2\/categories?post=314623"},{"taxonomy":"post_tag","embeddable":true,"href":"https:\/\/www.europesays.com\/fr\/wp-json\/wp\/v2\/tags?post=314623"}],"curies":[{"name":"wp","href":"https:\/\/api.w.org\/{rel}","templated":true}]}}