{"id":314625,"date":"2025-08-12T19:33:12","date_gmt":"2025-08-12T19:33:12","guid":{"rendered":"https:\/\/www.europesays.com\/fr\/314625\/"},"modified":"2025-08-12T19:33:12","modified_gmt":"2025-08-12T19:33:12","slug":"ce-reflexe-tout-simple-pourrait-transformer-la-qualite-de-lair-de-votre-interieur-pour-combattre-vos-alergies","status":"publish","type":"post","link":"https:\/\/www.europesays.com\/fr\/314625\/","title":{"rendered":"Ce r\u00e9flexe tout simple pourrait transformer la qualit\u00e9 de l\u2019air de votre int\u00e9rieur pour combattre vos alergies"},"content":{"rendered":"<p><strong>Chaque \u00e9t\u00e9, le nez qui chatouille, les crises d&rsquo;\u00e9ternuements et la gorge qui gratte\u2026 Cela devient presque un rite de passage pour beaucoup d\u00e8s que le thermom\u00e8tre grimpe. Pourtant, m\u00eame entre quatre murs, personne n&rsquo;est enti\u00e8rement \u00e0 l&rsquo;abri des allergies saisonni\u00e8res. En cause : une multitude d&rsquo;allerg\u00e8nes qui s&rsquo;invitent jusque dans la maison, souvent par des chemins insoup\u00e7onn\u00e9s. Et si un simple geste, souvent n\u00e9glig\u00e9, pouvait transformer l&rsquo;air que l&rsquo;on respire chez soi ?<\/strong><\/p>\n<p>Halte \u00e0 l&rsquo;invasion : les allerg\u00e8nes ne prennent pas de vacances<\/p>\n<p>Quand l&rsquo;\u00e9t\u00e9 s&rsquo;installe, les journ\u00e9es s&rsquo;allongent, mais les allerg\u00e8nes en profitent aussi pour prendre leurs quartiers. Que l&rsquo;on vive en ville ou \u00e0 la campagne, <strong>les pollens et les acariens se propagent all\u00e8grement<\/strong> dans l&rsquo;environnement, port\u00e9s par l&rsquo;air chaud et les brises estivales.<\/p>\n<p>L&rsquo;\u00e9t\u00e9, saison pr\u00e9f\u00e9r\u00e9e des pollens et acariens<\/p>\n<p>Le retour des beaux jours rime avec explosion de pollens dans l&rsquo;atmosph\u00e8re. En France, la plupart des gramin\u00e9es, herbac\u00e9es et arbres lib\u00e8rent leurs grains polliniques de mai \u00e0 ao\u00fbt. Cela transforme <strong>balcons, jardins, mais aussi nos int\u00e9rieurs<\/strong>, en refuge pour ces minuscules particules. Les acariens, quant \u00e0 eux, raffolent tout particuli\u00e8rement de l&rsquo;humidit\u00e9 et de la chaleur ambiantes qui r\u00e8gnent en juillet et ao\u00fbt, multipliant ainsi leur pr\u00e9sence dans nos habitats.<\/p>\n<p> Pourquoi votre int\u00e9rieur devient un vrai terrain de jeu pour les allerg\u00e8nes<\/p>\n<p>Fen\u00eatres ouvertes pour rafra\u00eechir, va-et-vient des membres de la famille, animaux qui font la navette entre l&rsquo;ext\u00e9rieur et le salon\u2026 Autant de portes d&rsquo;entr\u00e9e id\u00e9ales pour les allerg\u00e8nes. En \u00e9t\u00e9, <strong>on laisse plus largement circuler l&rsquo;air<\/strong>, mais cela favorise aussi l&rsquo;invasion de pollens, poussi\u00e8res fines et autres ind\u00e9sirables. Votre maison se transforme involontairement en vaste terrain de jeu pour les particules responsables de crises allergiques et d&rsquo;asthme.<\/p>\n<p>Une porte d&rsquo;entr\u00e9e : le tapis, complice insoup\u00e7onn\u00e9 des allergies !<\/p>\n<p>Lorsqu&rsquo;on \u00e9voque la lutte contre les allergies domestiques, le tapis d&rsquo;entr\u00e9e para\u00eet bien inoffensif. Et pourtant, <strong>cet alli\u00e9 du quotidien peut se r\u00e9v\u00e9ler \u00eatre l&rsquo;un des principaux complices<\/strong> de la pollution int\u00e9rieure pendant l&rsquo;\u00e9t\u00e9.<\/p>\n<p>Comment le tapis accumule poussi\u00e8res, pollens et autres ind\u00e9sirables<\/p>\n<p>\u00c0 chaque passage du pas de la porte, chaussures, pattes d&rsquo;animaux et roulettes de sacs d\u00e9posent, sans que l&rsquo;on s&rsquo;en aper\u00e7oive, une grande quantit\u00e9 de poussi\u00e8res, de particules polliniques, de spores de moisissures et m\u00eame de polluants chimiques. <strong>Le tapis d&rsquo;entr\u00e9e agit ainsi comme une v\u00e9ritable \u00e9ponge \u00e0 allerg\u00e8nes<\/strong>, retenant tout ce qui vient de l&rsquo;ext\u00e9rieur. En quelques jours \u00e0 peine, il devient un foyer de particules potentiellement irritantes pour les voies respiratoires.<\/p>\n<p>Analyse : pourquoi ce tapis d&rsquo;entr\u00e9e pi\u00e8ge-t-il tant d&rsquo;allerg\u00e8nes ?<\/p>\n<p>Le secret r\u00e9side dans sa conception : fibres denses, tissages serr\u00e9s ou boucles profondes, tout est fait pour capturer la salet\u00e9 et \u00e9viter qu&rsquo;elle ne se r\u00e9pande trop loin. <strong>Cependant, sans entretien r\u00e9gulier, ce stockage tourne vite au cauchemar<\/strong>. Chaque fois qu&rsquo;on le foule du pied ou qu&rsquo;un courant d&rsquo;air le traverse, une partie de ces allerg\u00e8nes s&rsquo;envole et contamine le reste du logement.<\/p>\n<p>Ce r\u00e9flexe simple qui change tout : laver r\u00e9guli\u00e8rement son tapis d&rsquo;entr\u00e9e<\/p>\n<p>Heureusement, il n&rsquo;est pas n\u00e9cessaire de bannir d\u00e9finitivement le tapis d&rsquo;entr\u00e9e pour respirer plus sereinement \u00e0 la maison. <strong>Un geste tout simple, souvent oubli\u00e9<\/strong>, suffit \u00e0 briser la cha\u00eene de transmission des allerg\u00e8nes : le lavage fr\u00e9quent du tapis.<\/p>\n<p> Fr\u00e9quence et m\u00e9thodes pour un nettoyage vraiment efficace<\/p>\n<p>Id\u00e9alement, le tapis d&rsquo;entr\u00e9e devrait \u00eatre secou\u00e9 ou aspir\u00e9 chaque semaine en p\u00e9riode estivale, puis lav\u00e9 en profondeur tous les 15 jours. <strong>Un lavage \u00e0 l&rsquo;eau chaude additionn\u00e9e d&rsquo;un peu de savon neutre permet d&rsquo;\u00e9liminer pollen, poussi\u00e8re et acariens accumul\u00e9s<\/strong>. Les mod\u00e8les lavables en machine simplifient la t\u00e2che et garantissent une hygi\u00e8ne irr\u00e9prochable. Pour les tapis non lavables, privil\u00e9gier le nettoyage \u00e0 la vapeur ou le passage minutieux de l&rsquo;aspirateur muni d&rsquo;un filtre performant.<\/p>\n<p> Que faire en cas de canicule ou de pics d&rsquo;allergie ?<\/p>\n<p>Pendant une vague de chaleur ou si les bulletins d&rsquo;alerte au pollen s&rsquo;affolent, il est conseill\u00e9 d&rsquo;augmenter la fr\u00e9quence du nettoyage. <strong>Laver son tapis chaque semaine, voire deux fois par semaine lors de pics d&rsquo;allerg\u00e8nes, limite v\u00e9ritablement l&rsquo;invasion dans le logement<\/strong>. En p\u00e9riode de canicule, privil\u00e9gier un s\u00e9chage rapide \u00e0 l&rsquo;air libre pour \u00e9viter le d\u00e9veloppement des moisissures dues \u00e0 l&rsquo;humidit\u00e9 r\u00e9siduelle.<\/p>\n<p> Faut-il troquer son vieux tapis contre un mod\u00e8le lavable en machine ?<\/p>\n<p>Pour celles et ceux qui souhaitent aller plus loin dans la pr\u00e9vention, <strong>investir dans un tapis d&rsquo;entr\u00e9e sp\u00e9cifiquement con\u00e7u<\/strong> pour les personnes allergiques peut s&rsquo;av\u00e9rer judicieux.<\/p>\n<p> Les crit\u00e8res cl\u00e9s pour choisir un tapis d&rsquo;entr\u00e9e anti-allerg\u00e8ne<\/p>\n<p>Un bon tapis anti-allerg\u00e8ne doit r\u00e9pondre \u00e0 plusieurs crit\u00e8res :<\/p>\n<ul>\n<li><strong>Tissu lavable en machine \u00e0 40 \u00b0C ou plus<\/strong><\/li>\n<li>Fibres courtes limitant l&rsquo;accumulation de la poussi\u00e8re<\/li>\n<li>Dos antid\u00e9rapant \u00e9vitant tout risque de chute lors d&rsquo;un lavage fr\u00e9quent<\/li>\n<li>Absence de traitements chimiques nocifs<\/li>\n<\/ul>\n<p>Les fibres naturelles comme le coton, ou certaines microfibres ultra-absorbantes, pr\u00e9sentent de bons r\u00e9sultats tout en restant confortables sous les pieds.<\/p>\n<p>Comparatif des mati\u00e8res et des mod\u00e8les lavables : efficacit\u00e9 et praticit\u00e9<\/p>\n<p>Les tapis en polyamide ou en microfibres sont les plus simples \u00e0 entretenir et \u00e0 s\u00e9cher rapidement, deux atouts pr\u00e9cieux en \u00e9t\u00e9. <strong>Les mod\u00e8les lavables en machine sont incontestablement les alli\u00e9s des foyers sensibles aux allergies<\/strong>. Le coton reste une valeur s\u00fbre, \u00e0 condition qu&rsquo;il ne s&rsquo;alourdisse pas trop apr\u00e8s lavage. \u00c0 l&rsquo;inverse, les tapis \u00e9pais en laine ou \u00e0 poils longs sont \u00e0 \u00e9viter, car ils retiennent davantage de salet\u00e9s et supportent mal les passages r\u00e9p\u00e9t\u00e9s en machine.<\/p>\n<p>L&rsquo;effet domino : comment un tapis propre prot\u00e8ge toute la maison<\/p>\n<p>\u00c0 premi\u00e8re vue, ce geste para\u00eet presque anodin. Pourtant, laver r\u00e9guli\u00e8rement son tapis d&rsquo;entr\u00e9e engendre <strong>un v\u00e9ritable effet boule de neige sur la r\u00e9duction des allerg\u00e8nes dans toutes les pi\u00e8ces<\/strong>.<\/p>\n<p> La science derri\u00e8re la r\u00e9duction des allerg\u00e8nes<\/p>\n<p>Un tapis propre limite m\u00e9caniquement la propagation des pollens et des poussi\u00e8res fines transport\u00e9es par les chaussures ou le vent. <strong>Moins d&rsquo;allerg\u00e8nes \u00e0 l&rsquo;entr\u00e9e<\/strong>, c&rsquo;est moins d&rsquo;irritants dans chaque pi\u00e8ce du foyer. Les particules n&rsquo;ont plus de point d&rsquo;ancrage, ce qui freine leur dispersion dans l&rsquo;air int\u00e9rieur. En gardant ce premier rempart impeccable, on pr\u00e9serve l&rsquo;ensemble de son habitat.<\/p>\n<p> Les b\u00e9n\u00e9fices concrets pour les personnes allergiques ou asthmatiques<\/p>\n<p>Le gain de confort n&rsquo;est pas qu&rsquo;un simple ressenti. <strong>Les personnes sensibles notent souvent une nette diminution des sympt\u00f4mes<\/strong> : moins d&rsquo;\u00e9coulement nasal, moins de toux s\u00e8che, un sommeil moins perturb\u00e9. Les crises d&rsquo;asthme li\u00e9es aux poussi\u00e8res domestiques peuvent \u00e9galement se faire plus rares. Chaque lavage, c&rsquo;est un souffle plus facile et une tranquillit\u00e9 retrouv\u00e9e, m\u00eame lors des \u00e9t\u00e9s les plus chauds.<\/p>\n<p>Plus loin que le tapis : routines malines pour un air plus sain tout l&rsquo;\u00e9t\u00e9<\/p>\n<p>Bien s\u00fbr, un tapis nettoy\u00e9 ne fait pas tout. D&rsquo;autres <strong>petits <a href=\"https:\/\/journaldesseniors.20minutes.fr\/cuisine\/supprimez-90-des-pesticides-de-vos-fruits-et-legumes-en-quelques-gestes-simples\/\" target=\"_blank\" rel=\"noopener\">gestes simples<\/a><\/strong> permettent de renforcer la puret\u00e9 de l&rsquo;air, en \u00e9t\u00e9 comme toute l&rsquo;ann\u00e9e.<\/p>\n<p> Petits gestes compl\u00e9mentaires \u00e0 adopter chez soi<\/p>\n<p>Quelques habitudes faciles \u00e0 mettre en \u0153uvre :<\/p>\n<ul>\n<li>A\u00e9rer chaque matin tr\u00e8s t\u00f4t, lorsque la concentration de pollen est la plus faible<\/li>\n<li><strong>Aspirer avec un appareil \u00e0 filtre HEPA<\/strong> toutes les semaines, en insistant sur les textiles d&rsquo;ameublement<\/li>\n<li>Laver les rideaux et housses de coussins tous les 15 jours pendant la belle saison<\/li>\n<li>Interdire aux animaux l&rsquo;acc\u00e8s aux chambres ou aux fauteuils s&rsquo;ils sortent fr\u00e9quemment<\/li>\n<li>Installer un paillasson ext\u00e9rieur pour pi\u00e9ger les allerg\u00e8nes avant m\u00eame le seuil de la porte<\/li>\n<\/ul>\n<p> Astuces de pr\u00e9vention pour limiter la propagation des allerg\u00e8nes<\/p>\n<p>Quelques conseils de bon sens \u00e0 rappeler :<\/p>\n<ul>\n<li><strong>Quitter ses chaussures \u00e0 l&rsquo;entr\u00e9e<\/strong><\/li>\n<li>Pr\u00e9f\u00e9rer les tapis de petite taille, plus faciles \u00e0 laver et \u00e0 entretenir<\/li>\n<li>Ne pas secouer les tapis ou plaids \u00e0 l&rsquo;int\u00e9rieur pour \u00e9viter de remettre les particules en suspension<\/li>\n<li>Utiliser un humidificateur d&rsquo;air en cas d&rsquo;atmosph\u00e8re trop s\u00e8che pour emp\u00eacher que les allerg\u00e8nes ne volent trop facilement<\/li>\n<\/ul>\n<p>Ces astuces, additionn\u00e9es les unes aux autres, s&rsquo;accumulent et contribuent \u00e0 une qualit\u00e9 d&rsquo;air bien plus agr\u00e9able \u00e0 vivre tout l&rsquo;\u00e9t\u00e9.<\/p>\n<p> \u00c0 retenir et prochaines \u00e9tapes pour un foyer apais\u00e9 l&rsquo;\u00e9t\u00e9<br \/>\n Les points cl\u00e9s pour transformer l&rsquo;air int\u00e9rieur<\/p>\n<p>En \u00e9t\u00e9, les allerg\u00e8nes sont partout mais <strong>un simple r\u00e9flexe d&rsquo;entretien suffit \u00e0 en limiter s\u00e9rieusement la pr\u00e9sence chez soi<\/strong>. Le tapis d&rsquo;entr\u00e9e, trop souvent ignor\u00e9, constitue une barri\u00e8re d\u00e9cisive. Son nettoyage r\u00e9gulier \u2013 id\u00e9alement associ\u00e9 \u00e0 d&rsquo;autres routines intelligentes \u2013 r\u00e9duit efficacement le risque de crise allergique en p\u00e9riode de chaleur.<\/p>\n<p> Conseils pratiques et gestes \u00e0 tester d\u00e8s cette semaine pour mieux respirer chez soi<\/p>\n<p>Pour am\u00e9liorer la qualit\u00e9 de l&rsquo;air et pr\u00e9server la sant\u00e9 de toute la famille, rien de plus simple :<\/p>\n<ul>\n<li><strong>Laver ou aspirer le tapis d&rsquo;entr\u00e9e chaque semaine<\/strong><\/li>\n<li>Investir dans un mod\u00e8le lavable ou \u00e0 fibres courtes si n\u00e9cessaire<\/li>\n<li>Adopter des habitudes compl\u00e9mentaires : a\u00e9rer t\u00f4t, limiter les textiles \u00e9pais, stocker chaussures et sacs \u00e0 l&rsquo;entr\u00e9e<\/li>\n<\/ul>\n<p><strong>Ces gestes, aussi simples qu&rsquo;efficaces, permettent de passer un \u00e9t\u00e9 plus serein et de profiter pleinement de son lieu de vie, quel que soit le thermom\u00e8tre dehors<\/strong>.<\/p>\n<p>La belle saison est souvent redout\u00e9e par les personnes allergiques, mais elle n&rsquo;est pas une fatalit\u00e9. Un tapis propre, quelques pr\u00e9cautions et une attention particuli\u00e8re \u00e0 l&rsquo;hygi\u00e8ne de l&rsquo;entr\u00e9e : <strong>ces gestes apparemment anodins font toute la diff\u00e9rence<\/strong>. Alors, pr\u00eat \u00e0 transformer l&rsquo;air de la maison pour savourer enfin l&rsquo;\u00e9t\u00e9 en toute tranquillit\u00e9 ?<\/p>\n","protected":false},"excerpt":{"rendered":"Chaque \u00e9t\u00e9, le nez qui chatouille, les crises d&rsquo;\u00e9ternuements et la gorge qui gratte\u2026 Cela devient presque un&hellip;\n","protected":false},"author":2,"featured_media":314626,"comment_status":"","ping_status":"","sticky":false,"template":"","format":"standard","meta":{"footnotes":""},"categories":[10],"tags":[1011,27,72,56,71],"class_list":{"0":"post-314625","1":"post","2":"type-post","3":"status-publish","4":"format-standard","5":"has-post-thumbnail","7":"category-sante","8":"tag-fr","9":"tag-france","10":"tag-health","11":"tag-push","12":"tag-sante"},"share_on_mastodon":{"url":"https:\/\/pubeurope.com\/@fr\/115017469383867304","error":""},"_links":{"self":[{"href":"https:\/\/www.europesays.com\/fr\/wp-json\/wp\/v2\/posts\/314625","targetHints":{"allow":["GET"]}}],"collection":[{"href":"https:\/\/www.europesays.com\/fr\/wp-json\/wp\/v2\/posts"}],"about":[{"href":"https:\/\/www.europesays.com\/fr\/wp-json\/wp\/v2\/types\/post"}],"author":[{"embeddable":true,"href":"https:\/\/www.europesays.com\/fr\/wp-json\/wp\/v2\/users\/2"}],"replies":[{"embeddable":true,"href":"https:\/\/www.europesays.com\/fr\/wp-json\/wp\/v2\/comments?post=314625"}],"version-history":[{"count":0,"href":"https:\/\/www.europesays.com\/fr\/wp-json\/wp\/v2\/posts\/314625\/revisions"}],"wp:featuredmedia":[{"embeddable":true,"href":"https:\/\/www.europesays.com\/fr\/wp-json\/wp\/v2\/media\/314626"}],"wp:attachment":[{"href":"https:\/\/www.europesays.com\/fr\/wp-json\/wp\/v2\/media?parent=314625"}],"wp:term":[{"taxonomy":"category","embeddable":true,"href":"https:\/\/www.europesays.com\/fr\/wp-json\/wp\/v2\/categories?post=314625"},{"taxonomy":"post_tag","embeddable":true,"href":"https:\/\/www.europesays.com\/fr\/wp-json\/wp\/v2\/tags?post=314625"}],"curies":[{"name":"wp","href":"https:\/\/api.w.org\/{rel}","templated":true}]}}