{"id":314628,"date":"2025-08-12T19:35:11","date_gmt":"2025-08-12T19:35:11","guid":{"rendered":"https:\/\/www.europesays.com\/fr\/314628\/"},"modified":"2025-08-12T19:35:11","modified_gmt":"2025-08-12T19:35:11","slug":"noisy-le-sec-la-projection-du-film-barbie-empechee-par-un-groupe-agressif-le-maire-annonce-porter-plainte","status":"publish","type":"post","link":"https:\/\/www.europesays.com\/fr\/314628\/","title":{"rendered":"Noisy-le-Sec\u00a0: la projection du film \u00ab\u00a0Barbie\u00a0\u00bb emp\u00each\u00e9e par un groupe agressif, le maire annonce porter plainte"},"content":{"rendered":"<p class=\"paragraph text_align_left lp-f-body-02\">Noisy-le-Sec (Seine-Saint-Denis) priv\u00e9 de <a href=\"https:\/\/www.leparisien.fr\/culture-loisirs\/cinema\/attention-barbie-au-cinema-ce-nest-pas-pour-les-enfants-12-08-2023-W5CY5SIL3RA5ROJH2D3VSD6TOM.php\" target=\"_blank\" rel=\"noreferrer nofollow noopener\">\u00ab Barbie \u00bb<\/a>. Vendredi soir (8 ao\u00fbt), dans le cadre de la programmation estivale d\u2019Est Ensemble, <a href=\"https:\/\/www.leparisien.fr\/culture-loisirs\/cinema\/plus-forte-que-super-mario-barbie-superstar-de-lete-12-08-2023-EZGOAOTKKRE3JN46B465GUH4JQ.php\" target=\"_blank\" rel=\"noreferrer nofollow noopener\">le film de Greta Gerwig, succ\u00e8s de l\u2019\u00e9t\u00e9 2023<\/a> qui propose une vision d\u00e9cal\u00e9e et f\u00e9ministe sur cette ic\u00f4ne de la pop culture, devait \u00eatre projet\u00e9 \u00e0 la tomb\u00e9e de la nuit dans le quartier du Londeau.<\/p>\n<p class=\"paragraph text_align_left lp-f-body-02\">Mais la s\u00e9ance n\u2019a pu \u00eatre men\u00e9e \u00e0 son terme, elle n\u2019a m\u00eame pas pu commencer comme l\u2019a r\u00e9v\u00e9l\u00e9 le maire sur les r\u00e9seaux sociaux, lundi 11 ao\u00fbt, en fin de journ\u00e9e.<\/p>\n","protected":false},"excerpt":{"rendered":"Noisy-le-Sec (Seine-Saint-Denis) priv\u00e9 de \u00ab Barbie \u00bb. Vendredi soir (8 ao\u00fbt), dans le cadre de la programmation estivale&hellip;\n","protected":false},"author":2,"featured_media":314629,"comment_status":"","ping_status":"","sticky":false,"template":"","format":"standard","meta":{"footnotes":""},"categories":[8],"tags":[872,58,59,1011,27,1944,1945],"class_list":{"0":"post-314628","1":"post","2":"type-post","3":"status-publish","4":"format-standard","5":"has-post-thumbnail","7":"category-divertissement","8":"tag-culture-et-loisirs","9":"tag-divertissement","10":"tag-entertainment","11":"tag-fr","12":"tag-france","13":"tag-ma-ville","14":"tag-seine-saint-denis"},"share_on_mastodon":{"url":"https:\/\/pubeurope.com\/@fr\/115017477386478798","error":""},"_links":{"self":[{"href":"https:\/\/www.europesays.com\/fr\/wp-json\/wp\/v2\/posts\/314628","targetHints":{"allow":["GET"]}}],"collection":[{"href":"https:\/\/www.europesays.com\/fr\/wp-json\/wp\/v2\/posts"}],"about":[{"href":"https:\/\/www.europesays.com\/fr\/wp-json\/wp\/v2\/types\/post"}],"author":[{"embeddable":true,"href":"https:\/\/www.europesays.com\/fr\/wp-json\/wp\/v2\/users\/2"}],"replies":[{"embeddable":true,"href":"https:\/\/www.europesays.com\/fr\/wp-json\/wp\/v2\/comments?post=314628"}],"version-history":[{"count":0,"href":"https:\/\/www.europesays.com\/fr\/wp-json\/wp\/v2\/posts\/314628\/revisions"}],"wp:featuredmedia":[{"embeddable":true,"href":"https:\/\/www.europesays.com\/fr\/wp-json\/wp\/v2\/media\/314629"}],"wp:attachment":[{"href":"https:\/\/www.europesays.com\/fr\/wp-json\/wp\/v2\/media?parent=314628"}],"wp:term":[{"taxonomy":"category","embeddable":true,"href":"https:\/\/www.europesays.com\/fr\/wp-json\/wp\/v2\/categories?post=314628"},{"taxonomy":"post_tag","embeddable":true,"href":"https:\/\/www.europesays.com\/fr\/wp-json\/wp\/v2\/tags?post=314628"}],"curies":[{"name":"wp","href":"https:\/\/api.w.org\/{rel}","templated":true}]}}