{"id":314630,"date":"2025-08-12T19:36:14","date_gmt":"2025-08-12T19:36:14","guid":{"rendered":"https:\/\/www.europesays.com\/fr\/314630\/"},"modified":"2025-08-12T19:36:14","modified_gmt":"2025-08-12T19:36:14","slug":"cette-decouverte-qui-change-notre-vision-de-la-vie-dans-les-abysses","status":"publish","type":"post","link":"https:\/\/www.europesays.com\/fr\/314630\/","title":{"rendered":"cette d\u00e9couverte qui change notre vision de la vie dans les abysses"},"content":{"rendered":"<p><img fetchpriority=\"high\" decoding=\"async\" width=\"1024\" height=\"578\" src=\"https:\/\/www.europesays.com\/fr\/wp-content\/uploads\/2025\/08\/arraigne-de-mer-sericursa-1024x578.webp.webp\" alt=\"Araign\u00e9e de mer bioluminescente \u00e9mettant des lumi\u00e8res bleues dans les fonds marins\" class=\"wp-image-986377\"  \/>Une araign\u00e9e de mer illumine les abysses gr\u00e2ce \u00e0 sa bioluminescence \u2013 DailyGeekShow.com<\/p>\n<p>Dans les <strong>profondeurs silencieuses<\/strong> du Pacifique, loin de toute lumi\u00e8re solaire, une cr\u00e9ature minuscule r\u00e9invente les r\u00e8gles de la survie. Des <strong>araign\u00e9es de mer<\/strong> du genre Sericosura cultivent, sur leur propre carapace, des <strong><a href=\"https:\/\/dailygeekshow.com\/bacterie-microbiote-pfas\/\" rel=\"nofollow noopener\" target=\"_blank\">bact\u00e9ries<\/a> m\u00e9thanotrophes<\/strong> qui leur servent de nourriture. Ce partenariat \u00e9tonnant, confirm\u00e9 par une \u00e9tude parue dans PNAS, red\u00e9finit notre compr\u00e9hension des <strong>symbioses marines<\/strong>.<\/p>\n<p><strong>Les suintements de m\u00e9thane : un \u00e9cosyst\u00e8me cach\u00e9 o\u00f9 la vie se nourrit d\u2019\u00e9nergie chimique<\/strong><\/p>\n<p>\u00c0 plusieurs centaines de m\u00e8tres sous la surface, la lumi\u00e8re dispara\u00eet compl\u00e8tement. Dans ce monde obscur, la vie ne d\u00e9pend plus de la <strong>photosynth\u00e8se<\/strong> mais de la <strong>chimiosynth\u00e8se<\/strong>. Gr\u00e2ce \u00e0 ce processus, certains microbes transforment des compos\u00e9s comme le m\u00e9thane ou le sulfure d\u2019hydrog\u00e8ne en <strong>mati\u00e8re <a href=\"https:\/\/dailygeekshow.com\/homme-organique-inorganique\/\" rel=\"nofollow noopener\" target=\"_blank\">organique<\/a><\/strong>.<\/p>\n<p>Lire aussi <a href=\"https:\/\/dailygeekshow.com\/guepes-radioactives-site-nucleaire\/\" rel=\"nofollow noopener\" target=\"_blank\">Insectes irradi\u00e9s : des gu\u00eapes radioactives d\u00e9couvertes sur un site nucl\u00e9aire am\u00e9ricain<\/a><\/p>\n<p>Ainsi, autour des suintements de m\u00e9thane, se d\u00e9veloppent de v\u00e9ritables <strong>oasis <a href=\"https:\/\/dailygeekshow.com\/sous-4-000-m-de-profondeur-ce-voyage-unique-dans-un-monde-sous-marin-encore-inconnu-qui-fascine-les-scientifiques\/\" rel=\"nofollow noopener\" target=\"_blank\">sous-marines<\/a><\/strong>. Ces zones, bien que limit\u00e9es g\u00e9ographiquement, abritent une biodiversit\u00e9 insoup\u00e7onn\u00e9e. Or, les araign\u00e9es Sericosura y apparaissent presque syst\u00e9matiquement, toujours associ\u00e9es \u00e0 des substrats riches en m\u00e9thane. Cette co\u00efncidence sugg\u00e8re fortement qu\u2019elles ont d\u00e9velopp\u00e9 une adaptation sp\u00e9cifique \u00e0 ces <strong>milieux extr\u00eames<\/strong>.<\/p>\n<p>Les sites de <strong>Del Mar<\/strong>, <strong>Palos Verdes<\/strong> et <strong>Sanak<\/strong>, situ\u00e9s au large de la Californie et de l\u2019Alaska, font partie des rares endroits o\u00f9 ces araign\u00e9es ont \u00e9t\u00e9 observ\u00e9es. L\u00e0 encore, leur pr\u00e9sence cibl\u00e9e montre qu\u2019elles tirent un avantage direct des <strong>conditions chimiques particuli\u00e8res<\/strong> de ces habitats.<\/p>\n<p><strong>Un mode de nutrition unique : l\u2019\u00e9levage de bact\u00e9ries directement sur leur corps<\/strong><\/p>\n<p>Contrairement \u00e0 leurs cousines pr\u00e9datrices, ces araign\u00e9es miniatures \u2013 \u00e0 peine un centim\u00e8tre de long, ne poss\u00e8dent ni pinces pour capturer une proie, ni pi\u00e8ces buccales adapt\u00e9es pour aspirer des fluides. Par cons\u00e9quent, elles ne chassent pas. Au lieu de cela, elles exploitent une strat\u00e9gie remarquable : <strong>\u00e9lever des bact\u00e9ries directement sur leur carapace<\/strong>.<\/p>\n<p>Lire aussi <a href=\"https:\/\/dailygeekshow.com\/mystere-origines-pomme-de-terre\/\" rel=\"nofollow noopener\" target=\"_blank\">Myst\u00e8re v\u00e9g\u00e9tal : les origines de la pomme de terre enfin \u00e9lucid\u00e9es gr\u00e2ce \u00e0 la g\u00e9n\u00e9tique<\/a><\/p>\n<p>Les analyses isotopiques r\u00e9v\u00e8lent une forte proportion de <strong>carbone d\u2019origine m\u00e9thanique<\/strong> dans leurs tissus. De plus, en laboratoire, lorsque des sp\u00e9cimens vivants sont expos\u00e9s \u00e0 du m\u00e9thane marqu\u00e9 au <strong>carbone 13<\/strong>, leurs tissus digestifs affichent rapidement une incorporation significative de ce carbone. Cette exp\u00e9rience prouve que les bact\u00e9ries m\u00e9thanotrophes, install\u00e9es sur leur exosquelette, constituent bien leur <strong>source principale d\u2019\u00e9nergie<\/strong>.<\/p>\n<p>Gr\u00e2ce \u00e0 ces microbes, qui transforment le m\u00e9thane ambiant en <strong>sucres et graisses<\/strong>, les araign\u00e9es peuvent se nourrir en <strong>brossant leur propre corps<\/strong>. Ainsi, elles r\u00e9coltent une culture vivante qu\u2019elles entretiennent en permanence. Il s\u2019agit donc d\u2019une v\u00e9ritable <strong>agriculture microscopique<\/strong>, et non d\u2019un simple transport passif de microbes.<\/p>\n<p><strong>Une symbiose transmise d\u00e8s la naissance : un h\u00e9ritage vital pour la survie<\/strong><\/p>\n<p>La d\u00e9couverte va encore plus loin. En effet, certaines bact\u00e9ries colonisent \u00e9galement les <strong>\u0153ufs port\u00e9s par les m\u00e2les<\/strong>. Ceux-ci, enroul\u00e9s autour de leurs pattes, b\u00e9n\u00e9ficient d\u2019une protection microbienne avant m\u00eame l\u2019\u00e9closion.<\/p>\n<p>Lire aussi <a href=\"https:\/\/dailygeekshow.com\/nouvelle-espece-raie-manta\/\" rel=\"nofollow noopener\" target=\"_blank\">Une longue qu\u00eate : apr\u00e8s 15 ans de recherche, une troisi\u00e8me esp\u00e8ce de raie manta confirm\u00e9e<\/a><\/p>\n<p>Par cons\u00e9quent, les jeunes araign\u00e9es naissent d\u00e9j\u00e0 \u00e9quip\u00e9es de leur <strong>jardin bact\u00e9rien<\/strong>, pr\u00eates \u00e0 exploiter cette ressource. Cette <strong>transmission verticale<\/strong> t\u00e9moigne d\u2019une \u00e9volution conjointe sur le long terme entre l\u2019araign\u00e9e et ses bact\u00e9ries. Dans un environnement o\u00f9 la nourriture est rare, cette alliance devient une garantie de survie.<\/p>\n<p>Finalement, cette d\u00e9couverte illustre \u00e0 quel point la <strong><a href=\"https:\/\/dailygeekshow.com\/a-10-000-metres-sous-leau-des-scientifiques-decouvrent-un-monde-qui-pourrait-bouleverser-notre-vision-de-la-vie-marine\/\" rel=\"nofollow noopener\" target=\"_blank\">vie marine<\/a> profonde<\/strong> est capable d\u2019imaginer des strat\u00e9gies extr\u00eames pour s\u2019adapter \u00e0 des conditions hostiles. Et elle rappelle qu\u2019il reste encore d\u2019innombrables myst\u00e8res \u00e0 percer dans les abysses.<\/p>\n","protected":false},"excerpt":{"rendered":"Une araign\u00e9e de mer illumine les abysses gr\u00e2ce \u00e0 sa bioluminescence \u2013 DailyGeekShow.com Dans les profondeurs silencieuses du&hellip;\n","protected":false},"author":2,"featured_media":314631,"comment_status":"","ping_status":"","sticky":false,"template":"","format":"standard","meta":{"footnotes":""},"categories":[7],"tags":[1011,27,43,40,41,39,42,44],"class_list":{"0":"post-314630","1":"post","2":"type-post","3":"status-publish","4":"format-standard","5":"has-post-thumbnail","7":"category-sciences-et-technologies","8":"tag-fr","9":"tag-france","10":"tag-science","11":"tag-science-and-technology","12":"tag-sciences","13":"tag-sciences-et-technologies","14":"tag-technologies","15":"tag-technology"},"share_on_mastodon":{"url":"https:\/\/pubeurope.com\/@fr\/115017481297858051","error":""},"_links":{"self":[{"href":"https:\/\/www.europesays.com\/fr\/wp-json\/wp\/v2\/posts\/314630","targetHints":{"allow":["GET"]}}],"collection":[{"href":"https:\/\/www.europesays.com\/fr\/wp-json\/wp\/v2\/posts"}],"about":[{"href":"https:\/\/www.europesays.com\/fr\/wp-json\/wp\/v2\/types\/post"}],"author":[{"embeddable":true,"href":"https:\/\/www.europesays.com\/fr\/wp-json\/wp\/v2\/users\/2"}],"replies":[{"embeddable":true,"href":"https:\/\/www.europesays.com\/fr\/wp-json\/wp\/v2\/comments?post=314630"}],"version-history":[{"count":0,"href":"https:\/\/www.europesays.com\/fr\/wp-json\/wp\/v2\/posts\/314630\/revisions"}],"wp:featuredmedia":[{"embeddable":true,"href":"https:\/\/www.europesays.com\/fr\/wp-json\/wp\/v2\/media\/314631"}],"wp:attachment":[{"href":"https:\/\/www.europesays.com\/fr\/wp-json\/wp\/v2\/media?parent=314630"}],"wp:term":[{"taxonomy":"category","embeddable":true,"href":"https:\/\/www.europesays.com\/fr\/wp-json\/wp\/v2\/categories?post=314630"},{"taxonomy":"post_tag","embeddable":true,"href":"https:\/\/www.europesays.com\/fr\/wp-json\/wp\/v2\/tags?post=314630"}],"curies":[{"name":"wp","href":"https:\/\/api.w.org\/{rel}","templated":true}]}}