{"id":314632,"date":"2025-08-12T19:37:10","date_gmt":"2025-08-12T19:37:10","guid":{"rendered":"https:\/\/www.europesays.com\/fr\/314632\/"},"modified":"2025-08-12T19:37:10","modified_gmt":"2025-08-12T19:37:10","slug":"risque-de-listeria-la-laiterie-chavegrand-en-creuse-retire-105-references-de-fromage-par-mesure-de-precaution-francebleu-fr","status":"publish","type":"post","link":"https:\/\/www.europesays.com\/fr\/314632\/","title":{"rendered":"Risque de listeria : la laiterie Chavegrand, en Creuse, retire 105 r\u00e9f\u00e9rences de fromage, &quot;par mesure de pr\u00e9caution&quot; &#8211; francebleu.fr"},"content":{"rendered":"<ol>\n<li><a href=\"https:\/\/news.google.com\/rss\/articles\/CBMi-AFBVV95cUxNR2RRejVjOVB0SHhGdFB3UVZhdUV2NTVvR2NnSmd5TjRzSUcxOU1SdktOeEo5X0N5dW5iLVRabWV1bWV1d2x6X3VYbXF1ZlhFeS1hNW5fNFhKQ3pwMklGU0Myb1E3and1VkoyWjFja1Y4V2JvQmNwUlZiMTdteTMxc3pqblcyNUs0WlFsSEozZUtLdFB4WndsVWI5VHg3cTJ4d05kVGp6dHdKNGw0XzZmTU55d2kyTnJGYWdrVXdURGlxWDFRY2NVd0JfNUE3VGEyNno2b0h4TlZKOEZ3dG56SEYwNEFzZ3dPU2F6dkNPeE1ENzJrQmdhOQ?oc=5\" target=\"_blank\" rel=\"nofollow noopener\">Risque de listeria : la laiterie Chavegrand, en Creuse, retire 105 r\u00e9f\u00e9rences de fromage, \u00ab\u00a0par mesure de pr\u00e9caution\u00a0\u00bb<\/a>&nbsp;&nbsp;francebleu.fr<\/li>\n<li><a href=\"https:\/\/news.google.com\/rss\/articles\/CBMihAJBVV95cUxNdXZrVC1KRjVvcjJPbk5NQVN5Y2RzbFdRWEhoZVFEemtKZDB2cFZ3aGZHbTNVQ01IdDFLeXp5d1dzdG5JSktoR2hEX2wtbTROaWpRRUM5UUFjX0VPLUlJSFZ4V0Vfc3YwblR2bnNSejhfNVU0SVBPWTBiZ0JxeC1qVU52SU5FLVlCWnhnQ3ZiWlJPRHVrRmoxV3dudW96VGFpckwwMWRhZFpSRmo5aFZrdE43UkNUcW11alQ5TmQyV2Z3el9DRVhCMFp4MFVHN2NxLW1zTVNkUmhfdDNCZVp3UE91R2NwMzFFYUk1QS1XSDN6ejVfUXJ0cVkwNVNoODJzMF9YNQ?oc=5\" target=\"_blank\" rel=\"nofollow noopener\">Rappel massif de plus de 40 fromages contamin\u00e9s \u00e0 la listeria partout en France: ce que l&rsquo;on sait<\/a>&nbsp;&nbsp;RMC<\/li>\n<li><a href=\"https:\/\/news.google.com\/rss\/articles\/CBMizgFBVV95cUxNU0xZYVlVNnJzbkRrN3FOUW11MUk1cmxjeVlUellBVDU4SE9iV1BmWDFtLXJpbDIwSFBjUTZZLW1rcVU2Ukdja3p3UzJYcG1SZTFvNUJLTF90ZXpFVlc1bVZJOU9ZT1EwdE56UVNiQ2xLbFMwQVgySmVzZFl4TU5TeFFCQ0RtelNISGhRUWRMZmNEWHhySXVjVUJMRUVRZWRiS3k0dGxUbnVMbUkxTndOR1MzOWNZNE94dGFmcW5FWi12UWtxeXQ1SVlGb2I0dw?oc=5\" target=\"_blank\" rel=\"nofollow noopener\">Rappel de fromages : un \u00ab lien possible \u00bb avec 21 cas de list\u00e9riose dont deux d\u00e9c\u00e8s<\/a>&nbsp;&nbsp;Sud Ouest<\/li>\n<li><a href=\"https:\/\/news.google.com\/rss\/articles\/CBMi-gFBVV95cUxOSWh1SjNHU0F0QmhxZUE1dFZuc2JpcEVOcW1tVjNBNXpoT2MwRXVpWkdwY3Vjamh0VVRnSjVkczg3cWpPMmNsQ2E0WHNtVVp4TExYcW16TDRwdDRYUUpPS3BWLWtJYlkxVlRGbmRVOGF2LUI0Y3h4QmdIUnhJR1Z4UUtKd3o3dG42SWdYY0FhNXpTcjlkeGZBY0NJTTN3UThvQnFVTDQ3SGtsRjhrX1FkX3p2aGlDczJxVGZMUmJhZHk2TklreUFXUHZDMWd0eGdRZUMyTjZoZTZtRGtzVjBKMVUyVnVCaUZSOF8xXzlJX3k1MXBzY0dzeVJn?oc=5\" target=\"_blank\" rel=\"nofollow noopener\">Fromages rappel\u00e9s : au moins deux morts apr\u00e8s une probable contamination \u00e0 la bact\u00e9rie Listeria<\/a>&nbsp;&nbsp;Le Parisien<\/li>\n<li><a href=\"https:\/\/news.google.com\/rss\/articles\/CBMixAFBVV95cUxNRFV1ekJMaXJ4SC1EaFpuNVpnUDBiYy1zU2VlQ3B3WG0ybnpFS2ZONVB1N0dPZlJWTGt0S0o3eUZCVU1OQVA4Q1JWeGYtdnVoTThyZ2VDV3A0UnNwZGdpZHNXVk9DUTI5c0JiUC1PVFdhc3JtT2Rvb3p0d3ZLVUpSejZjM0pacm8tYU9NVGVFSG5HVDE4VDA1Ni1XRk5qdlY1TW5JLTl6UTN5cUYtSmdvaUNPT1BUaDdHWWdSVlNKS2puUDNE?oc=5\" target=\"_blank\" rel=\"nofollow noopener\">Plus de 40 lots de fromages des marques Le Berger, Le Lion, Saveur d\u2019antan et Le Petit Grignoteur rappel\u00e9s pour suspicion de Listeria<\/a>&nbsp;&nbsp;Le Monde.fr<\/li>\n<\/ol>\n","protected":false},"excerpt":{"rendered":"Risque de listeria : la laiterie Chavegrand, en Creuse, retire 105 r\u00e9f\u00e9rences de fromage, \u00ab\u00a0par mesure de pr\u00e9caution\u00a0\u00bb&nbsp;&nbsp;francebleu.fr&hellip;\n","protected":false},"author":2,"featured_media":1445,"comment_status":"","ping_status":"","sticky":false,"template":"","format":"standard","meta":{"footnotes":""},"categories":[6],"tags":[35,33,34,1011,27],"class_list":{"0":"post-314632","1":"post","2":"type-post","3":"status-publish","4":"format-standard","5":"has-post-thumbnail","7":"category-economie","8":"tag-business","9":"tag-economie","10":"tag-economy","11":"tag-fr","12":"tag-france"},"share_on_mastodon":{"url":"https:\/\/pubeurope.com\/@fr\/115017485091858509","error":""},"_links":{"self":[{"href":"https:\/\/www.europesays.com\/fr\/wp-json\/wp\/v2\/posts\/314632","targetHints":{"allow":["GET"]}}],"collection":[{"href":"https:\/\/www.europesays.com\/fr\/wp-json\/wp\/v2\/posts"}],"about":[{"href":"https:\/\/www.europesays.com\/fr\/wp-json\/wp\/v2\/types\/post"}],"author":[{"embeddable":true,"href":"https:\/\/www.europesays.com\/fr\/wp-json\/wp\/v2\/users\/2"}],"replies":[{"embeddable":true,"href":"https:\/\/www.europesays.com\/fr\/wp-json\/wp\/v2\/comments?post=314632"}],"version-history":[{"count":0,"href":"https:\/\/www.europesays.com\/fr\/wp-json\/wp\/v2\/posts\/314632\/revisions"}],"wp:featuredmedia":[{"embeddable":true,"href":"https:\/\/www.europesays.com\/fr\/wp-json\/wp\/v2\/media\/1445"}],"wp:attachment":[{"href":"https:\/\/www.europesays.com\/fr\/wp-json\/wp\/v2\/media?parent=314632"}],"wp:term":[{"taxonomy":"category","embeddable":true,"href":"https:\/\/www.europesays.com\/fr\/wp-json\/wp\/v2\/categories?post=314632"},{"taxonomy":"post_tag","embeddable":true,"href":"https:\/\/www.europesays.com\/fr\/wp-json\/wp\/v2\/tags?post=314632"}],"curies":[{"name":"wp","href":"https:\/\/api.w.org\/{rel}","templated":true}]}}