{"id":314645,"date":"2025-08-12T19:47:11","date_gmt":"2025-08-12T19:47:11","guid":{"rendered":"https:\/\/www.europesays.com\/fr\/314645\/"},"modified":"2025-08-12T19:47:11","modified_gmt":"2025-08-12T19:47:11","slug":"un-candidat-aux-municipales-a-toulon-interpelle-pour-une-serie-dallegations-frauduleuses","status":"publish","type":"post","link":"https:\/\/www.europesays.com\/fr\/314645\/","title":{"rendered":"Un candidat aux municipales \u00e0 Toulon interpell\u00e9 pour une s\u00e9rie d\u2019all\u00e9gations frauduleuses"},"content":{"rendered":"<p><strong>Le jeune homme de 18 ans, vis\u00e9 par un mandat de recherche, est soup\u00e7onn\u00e9 d\u2019avoir usurp\u00e9 plusieurs identit\u00e9s dans le cadre d\u2019affaires d\u2019escroquerie.<\/strong><\/p>\n<p>L\u2019un des candidats d\u00e9clar\u00e9s pour les \u00e9lections municipales de 2026 \u00e0 Toulon a \u00e9t\u00e9 interpell\u00e9 puis plac\u00e9 en garde \u00e0 vue dans le cadre d\u2019une enqu\u00eate pour escroquerie, faux et usage de faux, ainsi qu\u2019usurpation de fonction. Eddie Goujit, \u00e2g\u00e9 de 18 ans, a \u00e9t\u00e9 appr\u00e9hend\u00e9 lundi dans l\u2019Ard\u00e8che, o\u00f9 il exer\u00e7ait une activit\u00e9 saisonni\u00e8re.<\/p>\n<p>Les investigations r\u00e9v\u00e8lent que le jeune homme aurait abus\u00e9 de plusieurs identit\u00e9s, se pr\u00e9sentant tour \u00e0 tour comme un \u00e9lu r\u00e9gional, un collaborateur de la maire de Toulon, ou encore un proche de personnalit\u00e9s politiques locales. Ces man\u0153uvres, \u00e9tal\u00e9es entre 2024 et 2025, lui auraient permis d\u2019obtenir ind\u00fbment des avantages aupr\u00e8s de divers interlocuteurs. Un mandat de recherche avait \u00e9t\u00e9 \u00e9mis \u00e0 son encontre apr\u00e8s qu\u2019il eut ignor\u00e9 plusieurs convocations judiciaires, malgr\u00e9 ses d\u00e9clarations publiques affirmant sa volont\u00e9 de coop\u00e9rer.<\/p>\n<p>L\u2019affaire est d\u00e9sormais suivie par les services comp\u00e9tents de Toulon. Interrog\u00e9 plus t\u00f4t dans l\u2019ann\u00e9e sur ces accusations, l\u2019int\u00e9ress\u00e9 avait ni\u00e9 en bloc, exigeant des preuves tangibles. Les autorit\u00e9s poursuivent leurs investigations pour d\u00e9terminer l\u2019\u00e9tendue des faits qui lui sont reproch\u00e9s.<\/p>\n","protected":false},"excerpt":{"rendered":"Le jeune homme de 18 ans, vis\u00e9 par un mandat de recherche, est soup\u00e7onn\u00e9 d\u2019avoir usurp\u00e9 plusieurs identit\u00e9s&hellip;\n","protected":false},"author":2,"featured_media":314646,"comment_status":"","ping_status":"","sticky":false,"template":"","format":"standard","meta":{"footnotes":""},"categories":[9619],"tags":[1111,11,1777,674,1011,27,12,882,25,2310],"class_list":{"0":"post-314645","1":"post","2":"type-post","3":"status-publish","4":"format-standard","5":"has-post-thumbnail","7":"category-toulon","8":"tag-actu","9":"tag-actualites","10":"tag-eu","11":"tag-europe","12":"tag-fr","13":"tag-france","14":"tag-news","15":"tag-provence-alpes-cote-dazur","16":"tag-republique-francaise","17":"tag-toulon"},"share_on_mastodon":{"url":"https:\/\/pubeurope.com\/@fr\/115017524381127674","error":""},"_links":{"self":[{"href":"https:\/\/www.europesays.com\/fr\/wp-json\/wp\/v2\/posts\/314645","targetHints":{"allow":["GET"]}}],"collection":[{"href":"https:\/\/www.europesays.com\/fr\/wp-json\/wp\/v2\/posts"}],"about":[{"href":"https:\/\/www.europesays.com\/fr\/wp-json\/wp\/v2\/types\/post"}],"author":[{"embeddable":true,"href":"https:\/\/www.europesays.com\/fr\/wp-json\/wp\/v2\/users\/2"}],"replies":[{"embeddable":true,"href":"https:\/\/www.europesays.com\/fr\/wp-json\/wp\/v2\/comments?post=314645"}],"version-history":[{"count":0,"href":"https:\/\/www.europesays.com\/fr\/wp-json\/wp\/v2\/posts\/314645\/revisions"}],"wp:featuredmedia":[{"embeddable":true,"href":"https:\/\/www.europesays.com\/fr\/wp-json\/wp\/v2\/media\/314646"}],"wp:attachment":[{"href":"https:\/\/www.europesays.com\/fr\/wp-json\/wp\/v2\/media?parent=314645"}],"wp:term":[{"taxonomy":"category","embeddable":true,"href":"https:\/\/www.europesays.com\/fr\/wp-json\/wp\/v2\/categories?post=314645"},{"taxonomy":"post_tag","embeddable":true,"href":"https:\/\/www.europesays.com\/fr\/wp-json\/wp\/v2\/tags?post=314645"}],"curies":[{"name":"wp","href":"https:\/\/api.w.org\/{rel}","templated":true}]}}