{"id":314647,"date":"2025-08-12T19:48:11","date_gmt":"2025-08-12T19:48:11","guid":{"rendered":"https:\/\/www.europesays.com\/fr\/314647\/"},"modified":"2025-08-12T19:48:11","modified_gmt":"2025-08-12T19:48:11","slug":"un-bijou-grave-et-un-maillot-de-foot-trahissent-deux-agresseurs","status":"publish","type":"post","link":"https:\/\/www.europesays.com\/fr\/314647\/","title":{"rendered":"un bijou grav\u00e9 et un maillot de foot trahissent deux agresseurs"},"content":{"rendered":"<p>            Par<br \/>\n        <strong><br \/>\n            <a href=\"https:\/\/actu.fr\/auteur\/lea-pippinato\" title=\"Consulter tous les articles de L\u00e9a Pippinato\" rel=\"nofollow noopener\" target=\"_blank\">L\u00e9a Pippinato<\/a><br \/>\n        <\/strong><\/p>\n<p>        Publi\u00e9 le<\/p>\n<p>            12 ao\u00fbt 2025 \u00e0 18h29        <\/p>\n<p><strong>Dans la nuit du 9 au 10 ao\u00fbt 2025<\/strong>, \u00e0 <strong>Montpellier<\/strong>, un <strong>touriste de 19 ans<\/strong> marche seul dans le secteur Rondelet lorsque <strong>deux individus<\/strong> sur un scooter s\u2019arr\u00eatent derri\u00e8re lui. Le passager, casque sur la t\u00eate, descend, s\u2019approche et lui ass\u00e8ne plusieurs coups \u00e0 la poitrine pour cr\u00e9er un contact. Profitant de la diversion, il arrache la <strong>gourmette<\/strong> que le jeune porte au poignet et remonte aussit\u00f4t sur le deux-roues o\u00f9 l\u2019attend le conducteur. Le scooter repart en direction du cours Gambetta.<\/p>\n<p>    <a href=\"https:\/\/www.google.com\/maps\/embed?pb=!1m18!1m12!1m3!1d2889.1694189872237!2d3.872088576459659!3d43.60301397110461!2m3!1f0!2f0!3f0!3m2!1i1024!2i768!4f13.1!3m3!1m2!1s0x12b6afaf9ef2bcf5%3A0x187e8e0be14f80e!2sPl.%20Rondelet%2C%2034000%20Montpellier!5e0!3m2!1sfr!2sfr!4v1755008114552!5m2!1sfr!2sfr\" title=\"Ouvrie le lien\" rel=\"nofollow noopener\" target=\"_blank\">Cliquez ici pour visualiser le contenu<\/a><\/p>\n<p class=\" wall-content\">Un \u00e9quipage de police secours passe \u00e0 proximit\u00e9 et croise la victime, qui raconte sa m\u00e9saventure. Les policiers diffusent le signalement des agresseurs, pr\u00e9cisant qu\u2019un des deux porte un <strong>maillot de football reconnaissable<\/strong>. Un peu plus tard, une patrouille du commandement de nuit rep\u00e8re au square Figuerolles un groupe de cinq ou six hommes. Parmi eux, l\u2019un porte le v\u00eatement signal\u00e9. Les agents le contr\u00f4lent et d\u00e9couvrent sur lui un cutter ainsi que la gourmette vol\u00e9e, grav\u00e9e au pr\u00e9nom de la victime.<\/p>\n<p>Un lourd dossier administratif<\/p>\n<p class=\" wall-content\">Voyant la sc\u00e8ne, le second suspect tente de rejoindre en h\u00e2te un scooter stationn\u00e9 \u00e0 proximit\u00e9, mais la Bac (brigade anti-criminalit\u00e9), arriv\u00e9e sur place au m\u00eame moment, l\u2019interpelle \u00e0 son tour. Les deux hommes, \u00e2g\u00e9s de 35 et 39 ans, sont de nationalit\u00e9 alg\u00e9rienne et en situation irr\u00e9guli\u00e8re. Le conducteur est d\u00e9j\u00e0 vis\u00e9 par une OQTF (obligation de quitter le territoire fran\u00e7ais), une interdiction de retour ainsi qu\u2019une interdiction de port d\u2019arme. Le passager, lui, fait \u00e9galement l\u2019objet d\u2019une obligation de quitter le territoire.<\/p>\n<p class=\" wall-content\">Plac\u00e9s en garde \u00e0 vue, ils reconnaissent partiellement les faits. Pr\u00e9sent\u00e9s au parquet de Montpellier ce lundi 11 ao\u00fbt, ils sont \u00e9crou\u00e9s dans la soir\u00e9e. Leur jugement, renvoy\u00e9, doit se tenir<strong> ce mercredi 13 ao\u00fbt apr\u00e8s-midi<\/strong>. La victime, qui s\u2019appr\u00eatait \u00e0 rentrer chez elle, a pu r\u00e9cup\u00e9rer sa gourmette avant de quitter Montpellier.<\/p>\n<p>Vid\u00e9os : en ce moment sur Actu<\/p>\n<p class=\" wall-content\">Suivez toute l\u2019actualit\u00e9 de vos villes et m\u00e9dias favoris en vous inscrivant \u00e0 <a href=\"https:\/\/moncompte.actu.fr\" title=\"D\u00e9couvez Mon Actu\" rel=\"nofollow noopener\" data-trk=\"{&quot;cta&quot;:{&quot;action&quot;:&quot;https:\\\/\\\/moncompte.actu.fr&quot;,&quot;category&quot;:&quot;mon compte&quot;,&quot;from&quot;:&quot;article footer&quot;,&quot;name&quot;:&quot;Mon actu&quot;,&quot;type&quot;:&quot;cta&quot;}}\" target=\"_blank\">Mon Actu<\/a>.<\/p>\n","protected":false},"excerpt":{"rendered":"Par L\u00e9a Pippinato Publi\u00e9 le 12 ao\u00fbt 2025 \u00e0 18h29 Dans la nuit du 9 au 10 ao\u00fbt&hellip;\n","protected":false},"author":2,"featured_media":314648,"comment_status":"","ping_status":"","sticky":false,"template":"","format":"standard","meta":{"footnotes":""},"categories":[9599],"tags":[1111,11,1777,674,118,1011,27,2208,12,2680,1072,25,602,7501],"class_list":{"0":"post-314647","1":"post","2":"type-post","3":"status-publish","4":"format-standard","5":"has-post-thumbnail","7":"category-montpellier","8":"tag-actu","9":"tag-actualites","10":"tag-eu","11":"tag-europe","12":"tag-faits-divers","13":"tag-fr","14":"tag-france","15":"tag-montpellier","16":"tag-news","17":"tag-occitanie","18":"tag-police","19":"tag-republique-francaise","20":"tag-tourisme","21":"tag-violences-urbaines"},"share_on_mastodon":{"url":"https:\/\/pubeurope.com\/@fr\/115017528379895832","error":""},"_links":{"self":[{"href":"https:\/\/www.europesays.com\/fr\/wp-json\/wp\/v2\/posts\/314647","targetHints":{"allow":["GET"]}}],"collection":[{"href":"https:\/\/www.europesays.com\/fr\/wp-json\/wp\/v2\/posts"}],"about":[{"href":"https:\/\/www.europesays.com\/fr\/wp-json\/wp\/v2\/types\/post"}],"author":[{"embeddable":true,"href":"https:\/\/www.europesays.com\/fr\/wp-json\/wp\/v2\/users\/2"}],"replies":[{"embeddable":true,"href":"https:\/\/www.europesays.com\/fr\/wp-json\/wp\/v2\/comments?post=314647"}],"version-history":[{"count":0,"href":"https:\/\/www.europesays.com\/fr\/wp-json\/wp\/v2\/posts\/314647\/revisions"}],"wp:featuredmedia":[{"embeddable":true,"href":"https:\/\/www.europesays.com\/fr\/wp-json\/wp\/v2\/media\/314648"}],"wp:attachment":[{"href":"https:\/\/www.europesays.com\/fr\/wp-json\/wp\/v2\/media?parent=314647"}],"wp:term":[{"taxonomy":"category","embeddable":true,"href":"https:\/\/www.europesays.com\/fr\/wp-json\/wp\/v2\/categories?post=314647"},{"taxonomy":"post_tag","embeddable":true,"href":"https:\/\/www.europesays.com\/fr\/wp-json\/wp\/v2\/tags?post=314647"}],"curies":[{"name":"wp","href":"https:\/\/api.w.org\/{rel}","templated":true}]}}