{"id":314649,"date":"2025-08-12T19:49:10","date_gmt":"2025-08-12T19:49:10","guid":{"rendered":"https:\/\/www.europesays.com\/fr\/314649\/"},"modified":"2025-08-12T19:49:10","modified_gmt":"2025-08-12T19:49:10","slug":"a-montpellier-des-amenagements-urbains-pour-un-peu-moins-suffoquer-lete","status":"publish","type":"post","link":"https:\/\/www.europesays.com\/fr\/314649\/","title":{"rendered":"\u00c0 Montpellier, des am\u00e9nagements urbains pour (un peu) moins suffoquer l\u2019\u00e9t\u00e9"},"content":{"rendered":"<p><strong>D\u00c9CRYPTAGE <\/strong>&#8211; Plus de v\u00e9g\u00e9taux, moins de surfaces imperm\u00e9ables, des fontaines, des rev\u00eatements plus adapt\u00e9s\u2026 La ville tente de lutter contre les \u00eelots de chaleur.<\/p>\n<p class=\"fig-paragraph\">\u00ab\u00a0Vous voyez, quand il y a un vide-grenier, je me mets l\u00e0, \u00e0 l\u2019ombre\u00a0\u00bb, nous montre Pierre-Louis Bez, un artisan \u00e0 la retraite que tout le monde ici appelle \u00ab\u00a0Pilou\u00a0\u00bb. Il fait doux dans cette portion de la rue de Lorraine, dans le quartier M\u00e9diterran\u00e9e, derri\u00e8re la gare centrale de\u00a0<a href=\"http:\/\/www.lefigaro.fr\/actualite-france\/montpellier-un-mineur-arrete-en-flagrant-delit-de-declenchement-d-un-incendie-20250802\" data-fig-type=\"NewsFlash\" data-gtm-custom-categorie=\"navigation\" data-gtm-custom-action=\"crossclick\" data-gtm-custom-label=\"Contextuel\" data-gtm-event=\"customEventSPE\" data-fig-domain=\"LEFIGARO\" target=\"_blank\" rel=\"noopener\">Montpellier<\/a>. Et pour cause\u00a0: une immense plante grimpante enjambe la rue, d\u2019un trottoir \u00e0 l\u2019autre, offrant aux passants la douceur de son ombre. En cette fin de matin\u00e9e d\u2019ao\u00fbt, le mercure a d\u00e9j\u00e0 largement d\u00e9pass\u00e9 les 30\u00a0\u00b0C par endroits \u00e0 Montpellier. Mais pas sous l\u2019arche v\u00e9g\u00e9tale.<\/p>\n<p class=\"fig-paragraph\">Plusieurs fa\u00e7ades de la rue sont recouvertes de\u00a0<a href=\"https:\/\/www.lefigaro.fr\/jardin\/fiche-plante\/2017\/11\/07\/30011-20171107FICFIG00034-plumbago-de-willmott-jolie-fleur-de-rocaille.php\" data-fig-type=\"Article\" data-gtm-custom-categorie=\"navigation\" data-gtm-custom-action=\"crossclick\" data-gtm-custom-label=\"Contextuel\" data-gtm-event=\"customEventSPE\" data-fig-domain=\"LEFIGARO\" target=\"_blank\" rel=\"noopener\">plumbagos\u00a0<\/a>et autres plantes. \u00ab\u00a0\u00c7a cr\u00e9e une ambiance particuli\u00e8re, sourit Gilles, un habitant du quartier. C\u2019\u00e9tait devenu une rue un peu isol\u00e9e o\u00f9 plus personne n\u2019allait\u00a0\u00bb. La v\u00e9g\u00e9talisation des fa\u00e7ades lui a redonn\u00e9 une nouvelle vie. \u00ab\u00a0Maintenant, tout le monde veut y habiter\u00a0!\u00a0\u00bb<\/p>\n<p class=\"fig-body-link\">\n            \u00c0 lire aussi<br \/>\n        <a class=\"fig-body-link__link fig-premium-mark\" href=\"http:\/\/www.lefigaro.fr\/social\/nous-sommes-beaucoup-moins-productifs-face-a-la-canicule-le-monde-du-travail-tente-de-s-adapter-20250812\" target=\"_blank\" data-fig-type=\"NewsFlash\" rel=\"noopener\" data-gtm-custom-categorie=\"navigation\" data-gtm-custom-action=\"crossclick\" data-gtm-custom-label=\"Contextuel\" data-gtm-event=\"customEventSPE\" data-fig-domain=\"LEFIGARO\">\u00abNous sommes beaucoup moins productifs\u00bb\u00a0: face \u00e0 la canicule, le monde du travail tente de s\u2019adapter<br \/>\n    <\/a>\n<\/p>\n<p>27\u00a0\u00b0C sous l\u2019arche, 38 au soleil<\/p>\n<p class=\"fig-paragraph\">Une centaine de plantes grimpantes embellissent les murs de ce petit quartier\u2026<\/p>\n<p class=\"fig-premium-paywall__infos\">\n        Cet article est r\u00e9serv\u00e9 aux abonn\u00e9s.        Il vous reste 81% \u00e0 d\u00e9couvrir.\n    <\/p>\n<p>                <img  data- alt=\"Le Figaro\" class=\"fig-img--complete fig-img\"\/><\/p>\n<p class=\"fig-premium-paywall__title\">Vous avez envie de lire la suite ?<\/p>\n<p class=\"fig-premium-paywall__subtitle\">D\u00e9bloquez tous les articles imm\u00e9diatement.<\/p>\n<p class=\"fig-premium-paywall__connect\">\n                D\u00e9j\u00e0 abonn\u00e9\u00a0?                <a class=\"fig-premium-paywall__connect-link\" href=\"https:\/\/connect.lefigaro.fr\/login?client=horizon_web&amp;type=main&amp;redirect_uri=https%3A%2F%2Fwww.lefigaro.fr%2Fsciences%2Fa-montpellier-des-amenagements-urbains-pour-un-peu-moins-suffoquer-l-ete-20250812\" data-js-gtm=\"{&quot;customCategorie&quot;: &quot;conversion&quot;, &quot;customAction&quot;: &quot;before_Landing_Connexion_paywall_auto&quot;, &quot;customLabel&quot;: &quot;bGVmaWdhcm8uZnJfXzFmMDc3OGQyLTIxMjMtNmRmNi05MjhhLWFkNWJhODQ2M2Y2YV9fQXJ0aWNsZQ==_\u00c0 Montpellier, des am\u00e9nagements urbains pour (un peu) moins suffoquer l\u2019\u00e9t\u00e9_77&quot;, &quot;customIDSPE&quot;: &quot;bGVmaWdhcm8uZnJfXzFmMDc3OGQyLTIxMjMtNmRmNi05MjhhLWFkNWJhODQ2M2Y2YV9fQXJ0aWNsZQ==&quot;, &quot;event&quot;: &quot;customEventSPE&quot;}\" target=\"_blank\" rel=\"noopener\"><br \/>\n                    Connectez-vous<br \/>\n                <\/a>\n            <\/p>\n","protected":false},"excerpt":{"rendered":"D\u00c9CRYPTAGE &#8211; Plus de v\u00e9g\u00e9taux, moins de surfaces imperm\u00e9ables, des fontaines, des rev\u00eatements plus adapt\u00e9s\u2026 La ville tente&hellip;\n","protected":false},"author":2,"featured_media":314650,"comment_status":"","ping_status":"","sticky":false,"template":"","format":"standard","meta":{"footnotes":""},"categories":[9599],"tags":[1111,11,6698,1777,674,1011,27,2208,12,2680,25],"class_list":{"0":"post-314649","1":"post","2":"type-post","3":"status-publish","4":"format-standard","5":"has-post-thumbnail","7":"category-montpellier","8":"tag-actu","9":"tag-actualites","10":"tag-canicule","11":"tag-eu","12":"tag-europe","13":"tag-fr","14":"tag-france","15":"tag-montpellier","16":"tag-news","17":"tag-occitanie","18":"tag-republique-francaise"},"share_on_mastodon":{"url":"https:\/\/pubeurope.com\/@fr\/115017532235076187","error":""},"_links":{"self":[{"href":"https:\/\/www.europesays.com\/fr\/wp-json\/wp\/v2\/posts\/314649","targetHints":{"allow":["GET"]}}],"collection":[{"href":"https:\/\/www.europesays.com\/fr\/wp-json\/wp\/v2\/posts"}],"about":[{"href":"https:\/\/www.europesays.com\/fr\/wp-json\/wp\/v2\/types\/post"}],"author":[{"embeddable":true,"href":"https:\/\/www.europesays.com\/fr\/wp-json\/wp\/v2\/users\/2"}],"replies":[{"embeddable":true,"href":"https:\/\/www.europesays.com\/fr\/wp-json\/wp\/v2\/comments?post=314649"}],"version-history":[{"count":0,"href":"https:\/\/www.europesays.com\/fr\/wp-json\/wp\/v2\/posts\/314649\/revisions"}],"wp:featuredmedia":[{"embeddable":true,"href":"https:\/\/www.europesays.com\/fr\/wp-json\/wp\/v2\/media\/314650"}],"wp:attachment":[{"href":"https:\/\/www.europesays.com\/fr\/wp-json\/wp\/v2\/media?parent=314649"}],"wp:term":[{"taxonomy":"category","embeddable":true,"href":"https:\/\/www.europesays.com\/fr\/wp-json\/wp\/v2\/categories?post=314649"},{"taxonomy":"post_tag","embeddable":true,"href":"https:\/\/www.europesays.com\/fr\/wp-json\/wp\/v2\/tags?post=314649"}],"curies":[{"name":"wp","href":"https:\/\/api.w.org\/{rel}","templated":true}]}}