{"id":314651,"date":"2025-08-12T19:51:36","date_gmt":"2025-08-12T19:51:36","guid":{"rendered":"https:\/\/www.europesays.com\/fr\/314651\/"},"modified":"2025-08-12T19:51:36","modified_gmt":"2025-08-12T19:51:36","slug":"vous-demolissez-nos-droits-a-rouen-les-travailleurs-migrants-se-mobilisent-contre-la-destruction-de-leur-foyer","status":"publish","type":"post","link":"https:\/\/www.europesays.com\/fr\/314651\/","title":{"rendered":"\u00ab Vous d\u00e9molissez nos droits \u00bb\u00a0: \u00e0 Rouen, les travailleurs migrants se mobilisent contre la destruction de leur foyer"},"content":{"rendered":"<p class=\"paragraph text_align_left lp-f-body-02\">Ils ont lanc\u00e9 une action en justice : les r\u00e9sidents du Foyer Mo\u00efse <a href=\"https:\/\/www.leparisien.fr\/seine-maritime-76\/lonf-veut-mettre-les-forets-de-france-dans-votre-poche-une-appli-gratuite-dabord-testee-autour-de-rouen-13-08-2024-RTOLZWTQBZATBHLN3POE7647LM.php\" target=\"_blank\" rel=\"noopener\">\u00e0 Rouen <\/a>veulent conserver le b\u00e2timent, la mosqu\u00e9e et les lieux de partage menac\u00e9s par une d\u00e9lib\u00e9ration du Conseil Municipal du 27 juin 2024 autorisant leur d\u00e9molition, \u00e0 la demande de Rouen Habitat, entre 2025 et 2026 pour laisser place \u00e0 une r\u00e9sidence sociale selon les directives du plan de traitement des foyers de travailleurs migrants publi\u00e9 en 2014 (PTFTM).<\/p>\n<p class=\"paragraph text_align_left lp-f-body-02\">Inaugur\u00e9 en 1969, le Foyer Mo\u00efse \u00ab destin\u00e9 \u00e0 mettre \u00e0 l\u2019abri des travailleurs s\u00e9n\u00e9galais et mauritaniens a \u00e9t\u00e9 financ\u00e9 avec le soutien alors des gouvernements des deux pays et construit sur deux terrains agricoles alors \u00e0 l\u2019ext\u00e9rieur de la ville qui, depuis, l\u2019a entour\u00e9 \u00bb, d\u00e9clare Diamio Coulibaly, retrait\u00e9 arriv\u00e9 en 1974. Il a \u00e9t\u00e9 imagin\u00e9 par l\u2019architecte Robert G\u00e9nermont (qui a obtenu un prix de l\u2019Equerre d\u2019argent en 1961) \u00ab dans un style avant-gardiste avec des places de villages, des cours de maisons, avec sa cuisine, son bar, ses vastes chambres, ses espaces d\u2019alphab\u00e9tisation et de culture ainsi que sa mosqu\u00e9e int\u00e9gr\u00e9e au plan avec une incantation \u00e0 c\u00f4t\u00e9 du Mihrab trait\u00e9e de mani\u00e8re moderniste \u00bb, d\u00e9taille Stany Cambot, pr\u00e9sident de l\u2019association \u00c9chelle Inconnue, qui regroupe des architectes, artistes, journalistes, etc.<\/p>\n<p>\u00ab Un vrai village \u00bb<\/p>\n<p class=\"paragraph text_align_left lp-f-body-02\">La r\u00e9putation d\u2019accueil et de solidarit\u00e9 du Foyer Mo\u00efse a fait rapidement le tour de l\u2019Hexagone, \u00ab et m\u00eame jusqu\u2019en Afrique. Entre les ann\u00e9es 1970 et 1980, les 104 chambres sur quatre \u00e9tages ont permis \u00e0 plus de 200 migrants d\u2019avoir un toit. Il est devenu une vraie communaut\u00e9 avec ses marchands ambulants, ses diff\u00e9rentes ethnies qui se c\u00f4toient sans jamais de probl\u00e8me. Un vrai village m\u00eame si nous ne parlons pas tous la m\u00eame langue \u00bb, poursuit Dia Moussa, d\u00e9l\u00e9gu\u00e9 des r\u00e9sidents.<\/p>\n<p class=\"paragraph text_align_left lp-f-body-02\">Rouen Habitat a pour projet de le remplacer par \u00ab 98 chambres, 15 places de stationnement a\u00e9riennes, des locaux administratifs, des salles collectives, des locaux techniques et un local v\u00e9lo, le tout sur une surface de plancher de 2900m2 dans un b\u00e2timent en R + 2 \u00bb selon sa pr\u00e9sentation lors de son Conseil d\u2019Administration du 14 d\u00e9cembre 2023. Intol\u00e9rable pour Souleymane Konat\u00e9, pr\u00e9sident de SOFRESFOM (Solidarit\u00e9 des r\u00e9sidents et sauvegarde des foyers de migrants), \u00ab car, m\u00eame si le Foyer Mo\u00efse n\u2019\u00e9chappe pas \u00e0 la r\u00e8gle du PTFTM, nous voulons pointer du doigt la particularit\u00e9 de son niveau architectural \u00bb.<\/p>\n<p class=\"paragraph text_align_left lp-f-body-02\">\u00ab Avec une reconstruction en r\u00e9sidence sociale, Rouen Habitat propose une barre d\u2019immeuble avec des espaces r\u00e9duits et des chambres avec un lavabo et un micro-onde. Si vous d\u00e9molissez notre maison, vous d\u00e9molissez nos droits, argumente Souleymane Konat\u00e9. Les r\u00e9sidents veulent rester dans ces murs et r\u00e9clament une r\u00e9habilitation, mais ils ne sont pas entendus. Certains sont-l\u00e0 depuis 1969 et veulent conserver cette vie sociale. Nous n\u2019avons pas \u00e9t\u00e9 int\u00e9gr\u00e9s dans les discussions. La mosqu\u00e9e est la seule en France dans un foyer de migrants et ce fut la deuxi\u00e8me inaugur\u00e9e en France apr\u00e8s la Grande Mosqu\u00e9e de Paris. Il y a du m\u00e9pris dans tout cela. C\u2019est pourquoi, nous refusons maintenant d\u2019aller \u00e0 la moindre r\u00e9union. \u00bb<\/p>\n<p>Une lettre ouverte<\/p>\n<p class=\"paragraph text_align_left lp-f-body-02\">Alors, avec le soutien d\u2019\u00c9chelle Inconnue, les r\u00e9sidents ont choisi de prendre la voie judiciaire aupr\u00e8s du Tribunal Administratif et de faire appel \u00e0 Maitre Chlo\u00e9 Chalot du barreau de Rouen. \u00ab Nous r\u00e9clamons les diagnostics financier, d\u2019amiante et patrimonial, poursuit Stany Cambot. Au fil des ann\u00e9es, le bailleur n\u2019est jamais intervenu et a laiss\u00e9 pourrir le b\u00e2timent et maintenant, on nous parle de dignit\u00e9 et de qualit\u00e9 de vie. Est-ce normal de ne pas pouvoir se r\u00e9unir dans un lieu de vie ? Est-ce normal d\u2019oublier l\u2019histoire et les destin\u00e9es de ces S\u00e9n\u00e9galais et Mauritaniens ? Est-ce qu\u2019il faut en finir avec ce patrimoine ? Nous voulons un vrai travail d\u2019inventaire patrimonial. Pour cela, nous avons \u00e9dit\u00e9 une lettre ouverte pour soutenir tous ces r\u00e9sidents (<a href=\"https:\/\/urldefense.com\/v3\/__https:\/www.echelleinconnue.net\/accueil\/signatures\/__;!!Lt0KOR8!QKDSgtNKiqcDZle_1FRativyCElyNA1uRyAaB5_GhmsU06K_Mv3_65nYwMdiOmo8P79p5nK6khW6JLjs6EproKNJwfUo$\" target=\"_blank\" rel=\"noopener\">https:\/\/www.echelleinconnue.net\/accueil\/signatures\/<\/a>) \u00bb<\/p>\n<p class=\"paragraph text_align_left lp-f-body-02\">De son c\u00f4t\u00e9, l\u2019architecte Robert G\u00e9nermont a demand\u00e9 le classement du Foyer Mo\u00efse au titre d\u2019ACR (Architecture contemporaine remarquable). \u00ab Nous apportons notre soutien \u00e0 cette d\u00e9marche, assure Stany Cambot. Il faut savoir qu\u2019il est aussi le cr\u00e9ateur de l\u2019H\u00f4tel de Police de Rouen et de la Cit\u00e9 Administrative. Tous les deux ont \u00e9t\u00e9 r\u00e9nov\u00e9s, alors pourquoi pas le foyer ? \u00bb<\/p>\n","protected":false},"excerpt":{"rendered":"Ils ont lanc\u00e9 une action en justice : les r\u00e9sidents du Foyer Mo\u00efse \u00e0 Rouen veulent conserver le&hellip;\n","protected":false},"author":2,"featured_media":314652,"comment_status":"","ping_status":"","sticky":false,"template":"","format":"standard","meta":{"footnotes":""},"categories":[9587],"tags":[1111,917,11,459,1777,674,1011,27,1116,12,5161,25,9590,11074],"class_list":{"0":"post-314651","1":"post","2":"type-post","3":"status-publish","4":"format-standard","5":"has-post-thumbnail","7":"category-rouen","8":"tag-actu","9":"tag-actu-locale","10":"tag-actualites","11":"tag-departements-horsidfo","12":"tag-eu","13":"tag-europe","14":"tag-fr","15":"tag-france","16":"tag-immobilier","17":"tag-news","18":"tag-normandie","19":"tag-republique-francaise","20":"tag-rouen","21":"tag-seine-maritime-76"},"share_on_mastodon":{"url":"https:\/\/pubeurope.com\/@fr\/115017540138986988","error":""},"_links":{"self":[{"href":"https:\/\/www.europesays.com\/fr\/wp-json\/wp\/v2\/posts\/314651","targetHints":{"allow":["GET"]}}],"collection":[{"href":"https:\/\/www.europesays.com\/fr\/wp-json\/wp\/v2\/posts"}],"about":[{"href":"https:\/\/www.europesays.com\/fr\/wp-json\/wp\/v2\/types\/post"}],"author":[{"embeddable":true,"href":"https:\/\/www.europesays.com\/fr\/wp-json\/wp\/v2\/users\/2"}],"replies":[{"embeddable":true,"href":"https:\/\/www.europesays.com\/fr\/wp-json\/wp\/v2\/comments?post=314651"}],"version-history":[{"count":0,"href":"https:\/\/www.europesays.com\/fr\/wp-json\/wp\/v2\/posts\/314651\/revisions"}],"wp:featuredmedia":[{"embeddable":true,"href":"https:\/\/www.europesays.com\/fr\/wp-json\/wp\/v2\/media\/314652"}],"wp:attachment":[{"href":"https:\/\/www.europesays.com\/fr\/wp-json\/wp\/v2\/media?parent=314651"}],"wp:term":[{"taxonomy":"category","embeddable":true,"href":"https:\/\/www.europesays.com\/fr\/wp-json\/wp\/v2\/categories?post=314651"},{"taxonomy":"post_tag","embeddable":true,"href":"https:\/\/www.europesays.com\/fr\/wp-json\/wp\/v2\/tags?post=314651"}],"curies":[{"name":"wp","href":"https:\/\/api.w.org\/{rel}","templated":true}]}}