{"id":314655,"date":"2025-08-12T19:53:54","date_gmt":"2025-08-12T19:53:54","guid":{"rendered":"https:\/\/www.europesays.com\/fr\/314655\/"},"modified":"2025-08-12T19:53:54","modified_gmt":"2025-08-12T19:53:54","slug":"isere-porte-disparu-un-homme-de-76-ans-secouru-de-nuit-dans-le-vercors","status":"publish","type":"post","link":"https:\/\/www.europesays.com\/fr\/314655\/","title":{"rendered":"Is\u00e8re. Port\u00e9 disparu, un homme de 76 ans secouru de nuit dans le Vercors"},"content":{"rendered":"<p>L\u2019alerte avait \u00e9t\u00e9 donn\u00e9e ce samedi 9\u00a0ao\u00fbt au matin par la famille d\u2019un homme \u00e2g\u00e9 de 76 ans, parti faire une randonn\u00e9e vendredi vers le sommet du Moucherotte dans le Vercors et qui n\u2019est jamais rentr\u00e9 aupr\u00e8s des siens. D\u2019importants moyens ont \u00e9t\u00e9 mis en place pour tenter de retrouver le randonneur. Une \u00e9quipe cynophile et cinq secouristes du peloton de gendarmerie de haute montagne (PGHM) ont particip\u00e9 aux recherches, qui se sont concentr\u00e9es dans la zone du Moucherotte.<\/p>\n<p>Finalement, vers 21\u00a0h\u00a030, les secouristes sont parvenus \u00e0 localiser le septuag\u00e9naire, qui avait chut\u00e9 durant sa randonn\u00e9e. Bless\u00e9 et affaibli, d\u2019apr\u00e8s nos renseignements, il a \u00e9t\u00e9 h\u00e9liport\u00e9 au CHU Grenoble Alpes.<\/p>\n<p>Par ailleurs, l\u2019homme \u00e2g\u00e9 de 75 ans, port\u00e9 disparu dans le secteur du lac du Poursollet (massif du Taillefer), <a href=\"https:\/\/www.ledauphine.com\/faits-divers-justice\/2025\/08\/08\/un-promeneur-de-75-ans-recherche-depuis-jeudi-soir-pres-du-lac-de-poursollet\" target=\"_blank\" rel=\"noopener\"> \u00e9tait toujours recherch\u00e9<\/a> ce samedi. Bien que la zone de recherche ait \u00e9t\u00e9 \u00e9largie, notamment du c\u00f4t\u00e9 des barres rocheuses, les secouristes du PGHM n\u2019ont toujours aucune nouvelle de ce septuag\u00e9naire parti pour une courte promenade, jeudi, vers 16\u00a0h.<\/p>\n","protected":false},"excerpt":{"rendered":"L\u2019alerte avait \u00e9t\u00e9 donn\u00e9e ce samedi 9\u00a0ao\u00fbt au matin par la famille d\u2019un homme \u00e2g\u00e9 de 76 ans,&hellip;\n","protected":false},"author":2,"featured_media":314656,"comment_status":"","ping_status":"","sticky":false,"template":"","format":"standard","meta":{"footnotes":""},"categories":[9566],"tags":[1111,11,2430,3676,112,1777,674,274,107,1011,27,2731,108,32346,12,25,45383],"class_list":{"0":"post-314655","1":"post","2":"type-post","3":"status-publish","4":"format-standard","5":"has-post-thumbnail","7":"category-grenoble","8":"tag-actu","9":"tag-actualites","10":"tag-auvergne-rhone-alpes","11":"tag-disparition-inquietante","12":"tag-edition-grenoble-agglomeration","13":"tag-eu","14":"tag-europe","15":"tag-faits-divers-justice","16":"tag-fil-info","17":"tag-fr","18":"tag-france","19":"tag-grenoble","20":"tag-isere","21":"tag-le-vercors","22":"tag-news","23":"tag-republique-francaise","24":"tag-saint-nizier-du-moucherotte"},"share_on_mastodon":{"url":"https:\/\/pubeurope.com\/@fr\/115017552070245438","error":""},"_links":{"self":[{"href":"https:\/\/www.europesays.com\/fr\/wp-json\/wp\/v2\/posts\/314655","targetHints":{"allow":["GET"]}}],"collection":[{"href":"https:\/\/www.europesays.com\/fr\/wp-json\/wp\/v2\/posts"}],"about":[{"href":"https:\/\/www.europesays.com\/fr\/wp-json\/wp\/v2\/types\/post"}],"author":[{"embeddable":true,"href":"https:\/\/www.europesays.com\/fr\/wp-json\/wp\/v2\/users\/2"}],"replies":[{"embeddable":true,"href":"https:\/\/www.europesays.com\/fr\/wp-json\/wp\/v2\/comments?post=314655"}],"version-history":[{"count":0,"href":"https:\/\/www.europesays.com\/fr\/wp-json\/wp\/v2\/posts\/314655\/revisions"}],"wp:featuredmedia":[{"embeddable":true,"href":"https:\/\/www.europesays.com\/fr\/wp-json\/wp\/v2\/media\/314656"}],"wp:attachment":[{"href":"https:\/\/www.europesays.com\/fr\/wp-json\/wp\/v2\/media?parent=314655"}],"wp:term":[{"taxonomy":"category","embeddable":true,"href":"https:\/\/www.europesays.com\/fr\/wp-json\/wp\/v2\/categories?post=314655"},{"taxonomy":"post_tag","embeddable":true,"href":"https:\/\/www.europesays.com\/fr\/wp-json\/wp\/v2\/tags?post=314655"}],"curies":[{"name":"wp","href":"https:\/\/api.w.org\/{rel}","templated":true}]}}