{"id":31466,"date":"2025-04-17T10:38:25","date_gmt":"2025-04-17T10:38:25","guid":{"rendered":"https:\/\/www.europesays.com\/fr\/31466\/"},"modified":"2025-04-17T10:38:25","modified_gmt":"2025-04-17T10:38:25","slug":"invite-burna-boy-un-concert-historique-au-stade-de-france-quotidien","status":"publish","type":"post","link":"https:\/\/www.europesays.com\/fr\/31466\/","title":{"rendered":"Invit\u00e9 : Burna Boy, un concert historique au Stade de France &#8211; Quotidien"},"content":{"rendered":"<p id=\"descriptionPanel\" aria-labelledby=\"descriptionArrow\" aria-expanded=\"false\" class=\"mr-2 line-clamp-2 pr-2.5 text-secondary overflow-visible\">La superstar mondiale Burna Boy se pr\u00e9pare \u00e0 donner un concert historique au Stade de France en devenant le premier artiste africain non francophone \u00e0 s&rsquo;y produire. Invit\u00e9 sur le plateau de Quotidien, le chanteur se confie sur sa vie au Nig\u00e9ria, l&rsquo;origine de son nom de sc\u00e8ne mais aussi sur son prochain album, \u00ab\u00a0No sign of Weakness\u00a0\u00bb. Burna Boy parle \u00e9galement de ses collaborations avec des artistes francophones comme Jo\u00e9 Dw\u00e8t Fil\u00e9, Aya Nakamura et Stromae.<\/p>\n<p><a class=\"shrink-0\" href=\"https:\/\/www.tf1.fr\/tmc\/quotidien-avec-yann-barthes\" target=\"_blank\" rel=\"noopener\"><img decoding=\"async\" src=\"https:\/\/www.europesays.com\/fr\/wp-content\/uploads\/2025\/04\/program-card-portrait-3-quotidien-2024-v2-66f2e9-45d01d-0@1x.jpg\" width=\"138\" height=\"184\" alt=\"Quotidien\" loading=\"eager\" fetchpriority=\"auto\" class=\"aspect-[3\/4] h-24 w-auto rounded-3px\"\/><\/a><\/p>\n","protected":false},"excerpt":{"rendered":"La superstar mondiale Burna Boy se pr\u00e9pare \u00e0 donner un concert historique au Stade de France en devenant&hellip;\n","protected":false},"author":2,"featured_media":31467,"comment_status":"","ping_status":"","sticky":false,"template":"","format":"standard","meta":{"footnotes":""},"categories":[4],"tags":[11,3483,10698,1011,27,12,1404,10699,25,10701,10702,10700],"class_list":{"0":"post-31466","1":"post","2":"type-post","3":"status-publish","4":"format-standard","5":"has-post-thumbnail","7":"category-france","8":"tag-actualites","9":"tag-extrait","10":"tag-extrait-quotidien","11":"tag-fr","12":"tag-france","13":"tag-news","14":"tag-quotidien","15":"tag-quotidien-extrait","16":"tag-republique-francaise","17":"tag-streaming-quotidien","18":"tag-video-en-streaming-quotidien","19":"tag-video-quotidien"},"share_on_mastodon":{"url":"https:\/\/pubeurope.com\/@fr\/114352875364791909","error":""},"_links":{"self":[{"href":"https:\/\/www.europesays.com\/fr\/wp-json\/wp\/v2\/posts\/31466","targetHints":{"allow":["GET"]}}],"collection":[{"href":"https:\/\/www.europesays.com\/fr\/wp-json\/wp\/v2\/posts"}],"about":[{"href":"https:\/\/www.europesays.com\/fr\/wp-json\/wp\/v2\/types\/post"}],"author":[{"embeddable":true,"href":"https:\/\/www.europesays.com\/fr\/wp-json\/wp\/v2\/users\/2"}],"replies":[{"embeddable":true,"href":"https:\/\/www.europesays.com\/fr\/wp-json\/wp\/v2\/comments?post=31466"}],"version-history":[{"count":0,"href":"https:\/\/www.europesays.com\/fr\/wp-json\/wp\/v2\/posts\/31466\/revisions"}],"wp:featuredmedia":[{"embeddable":true,"href":"https:\/\/www.europesays.com\/fr\/wp-json\/wp\/v2\/media\/31467"}],"wp:attachment":[{"href":"https:\/\/www.europesays.com\/fr\/wp-json\/wp\/v2\/media?parent=31466"}],"wp:term":[{"taxonomy":"category","embeddable":true,"href":"https:\/\/www.europesays.com\/fr\/wp-json\/wp\/v2\/categories?post=31466"},{"taxonomy":"post_tag","embeddable":true,"href":"https:\/\/www.europesays.com\/fr\/wp-json\/wp\/v2\/tags?post=31466"}],"curies":[{"name":"wp","href":"https:\/\/api.w.org\/{rel}","templated":true}]}}