{"id":314660,"date":"2025-08-12T19:56:12","date_gmt":"2025-08-12T19:56:12","guid":{"rendered":"https:\/\/www.europesays.com\/fr\/314660\/"},"modified":"2025-08-12T19:56:12","modified_gmt":"2025-08-12T19:56:12","slug":"un-flop-contre-une-bouchee-de-pain-les-supporters-partages","status":"publish","type":"post","link":"https:\/\/www.europesays.com\/fr\/314660\/","title":{"rendered":"un flop contre une bouch\u00e9e de pain, les supporters partag\u00e9s"},"content":{"rendered":"<p>Apr\u00e8s le temps des mauvais choix et une saison 2024\/2025 plus que compliqu\u00e9e en Ligue 1, le <a href=\"https:\/\/www.dailymercato.com\/club\/stade-rennais-fc-24\" rel=\"nofollow noopener\" target=\"_blank\">Stade Rennais<\/a> semble bien d\u00e9cid\u00e9 \u00e0 repartir du bon pied. Depuis le d\u00e9but du mercato estival, les Rouge et Noir ont d\u00e9j\u00e0 remerci\u00e9 une quinzaine de joueurs, de mani\u00e8re temporaire ou d\u00e9finitive.\u00a0<\/p>\n<p>Le groupe dirig\u00e9 par Habib Beye \u00e9tant toujours trop cons\u00e9quent, d&rsquo;autres d\u00e9parts sont \u00e0 pr\u00e9voir. Et visiblement, le club dirig\u00e9 par Arnaud Pouille est pr\u00eat \u00e0 tout pour exfiltrer les derniers ind\u00e9sirables. Quitte \u00e0 perdre pas mal d&rsquo;argent.\u00a0<\/p>\n<blockquote class=\"twitter-tweet\"><p>&#13;<\/p>\n<p dir=\"ltr\" lang=\"fr\">\ud83c\uddf2\ud83c\udde6 Ibrahim Salah va quitter le Stade Rennais! <\/p>\n<p>\ud83d\udcb0 Le <a href=\"https:\/\/twitter.com\/hashtag\/SRFC?src=hash&amp;ref_src=twsrc%5Etfw\" rel=\"nofollow noopener\" target=\"_blank\">#SRFC<\/a> veut \u20ac1,5M pour lib\u00e9rer le Marocain. <\/p>\n<p>\ud83d\udde3\ufe0f Le FC B\u00e2le, le Hamburger SV et Getafe ont d\u00e9j\u00e0 fait part d&rsquo;un int\u00e9r\u00eat concret pour Salah. <\/p>\n<p>\u231b\ufe0f Cela va bouger&#8230; plus d&rsquo;infos \u00e0 venir! \ud83d\udd1c <a href=\"https:\/\/twitter.com\/hashtag\/dimamaghrib?src=hash&amp;ref_src=twsrc%5Etfw\" rel=\"nofollow noopener\" target=\"_blank\">#dimamaghrib<\/a> <a href=\"https:\/\/twitter.com\/hashtag\/mercato?src=hash&amp;ref_src=twsrc%5Etfw\" rel=\"nofollow noopener\" target=\"_blank\">#mercato<\/a> <a href=\"https:\/\/twitter.com\/hashtag\/JPL?src=hash&amp;ref_src=twsrc%5Etfw\" rel=\"nofollow noopener\" target=\"_blank\">#JPL<\/a> <a href=\"https:\/\/t.co\/OvQ9ASytd5\" rel=\"nofollow\">pic.twitter.com\/OvQ9ASytd5<\/a><\/p>\n<p>&#13;<br \/>\n\u2014 Sacha Tavolieri (@sachatavolieri) <a href=\"https:\/\/twitter.com\/sachatavolieri\/status\/1954948763232981415?ref_src=twsrc%5Etfw\" rel=\"nofollow noopener\" target=\"_blank\">August 11, 2025<\/a><\/p><\/blockquote>\n<p>Rennes sur le point de brader Ibrahim Salah<\/p>\n<p>Pr\u00eat\u00e9 au Stade Brestois la saison derni\u00e8re, Ibrahim Salah a notamment pu prendre part \u00e0 l&rsquo;aventure des Finist\u00e9riens en <a href=\"https:\/\/www.dailymercato.com\/ligue-des-champions\" rel=\"nofollow noopener\" target=\"_blank\">Ligue des champions<\/a>. H\u00e9las pour lui, l&rsquo;ailier gauche marocain de 23 ans n&rsquo;a pas crev\u00e9 l&rsquo;\u00e9cran. Et un d\u00e9part cet \u00e9t\u00e9 parait in\u00e9luctable.\u00a0<\/p>\n<p>Selon Sacha Tavolieri, Rennes est pr\u00eat \u00e0 l\u00e2cher Salah contre un ch\u00e8que \u00e0 1,5 million d&rsquo;euros, soit 5 millions de moins que son prix d&rsquo;achat. Une perte s\u00e8che cons\u00e9quente qui ne laisse pas indiff\u00e9rents les supporters bretons. \u00c0 ce prix-l\u00e0, le FC B\u00e2le (Suisse), Hambourg (Allemagne) et Getafe (Espagne) seraient d\u00e9j\u00e0 venus aux renseignements. On les comprend.\u00a0<\/p>\n<p>Nordiste pure souche, qui pr\u00e9f\u00e8re un bon match de National avec l&rsquo;USBCO \u00e0 la rivalit\u00e9 entre le RC Lens et le LOSC. Fan des grosses ambiances avant tout, de l&rsquo;ASSE \u00e0 l&rsquo;OM en passant par Strasbourg. Aux armes !<\/p>\n<p>            <script async src=\"https:\/\/platform.twitter.com\/widgets.js\" charset=\"utf-8\"><\/script><\/p>\n","protected":false},"excerpt":{"rendered":"Apr\u00e8s le temps des mauvais choix et une saison 2024\/2025 plus que compliqu\u00e9e en Ligue 1, le Stade&hellip;\n","protected":false},"author":2,"featured_media":314661,"comment_status":"","ping_status":"","sticky":false,"template":"","format":"standard","meta":{"footnotes":""},"categories":[2821],"tags":[1111,11,829,1777,674,1011,27,12,584,25],"class_list":{"0":"post-314660","1":"post","2":"type-post","3":"status-publish","4":"format-standard","5":"has-post-thumbnail","7":"category-rennes","8":"tag-actu","9":"tag-actualites","10":"tag-bretagne","11":"tag-eu","12":"tag-europe","13":"tag-fr","14":"tag-france","15":"tag-news","16":"tag-rennes","17":"tag-republique-francaise"},"share_on_mastodon":{"url":"https:\/\/pubeurope.com\/@fr\/115017560261166063","error":""},"_links":{"self":[{"href":"https:\/\/www.europesays.com\/fr\/wp-json\/wp\/v2\/posts\/314660","targetHints":{"allow":["GET"]}}],"collection":[{"href":"https:\/\/www.europesays.com\/fr\/wp-json\/wp\/v2\/posts"}],"about":[{"href":"https:\/\/www.europesays.com\/fr\/wp-json\/wp\/v2\/types\/post"}],"author":[{"embeddable":true,"href":"https:\/\/www.europesays.com\/fr\/wp-json\/wp\/v2\/users\/2"}],"replies":[{"embeddable":true,"href":"https:\/\/www.europesays.com\/fr\/wp-json\/wp\/v2\/comments?post=314660"}],"version-history":[{"count":0,"href":"https:\/\/www.europesays.com\/fr\/wp-json\/wp\/v2\/posts\/314660\/revisions"}],"wp:featuredmedia":[{"embeddable":true,"href":"https:\/\/www.europesays.com\/fr\/wp-json\/wp\/v2\/media\/314661"}],"wp:attachment":[{"href":"https:\/\/www.europesays.com\/fr\/wp-json\/wp\/v2\/media?parent=314660"}],"wp:term":[{"taxonomy":"category","embeddable":true,"href":"https:\/\/www.europesays.com\/fr\/wp-json\/wp\/v2\/categories?post=314660"},{"taxonomy":"post_tag","embeddable":true,"href":"https:\/\/www.europesays.com\/fr\/wp-json\/wp\/v2\/tags?post=314660"}],"curies":[{"name":"wp","href":"https:\/\/api.w.org\/{rel}","templated":true}]}}