{"id":314662,"date":"2025-08-12T19:57:39","date_gmt":"2025-08-12T19:57:39","guid":{"rendered":"https:\/\/www.europesays.com\/fr\/314662\/"},"modified":"2025-08-12T19:57:39","modified_gmt":"2025-08-12T19:57:39","slug":"a-30-min-de-strasbourg-ce-festival-pique-notre-curiosite","status":"publish","type":"post","link":"https:\/\/www.europesays.com\/fr\/314662\/","title":{"rendered":"\u00e0 30 min de Strasbourg, ce festival pique notre curiosit\u00e9"},"content":{"rendered":"<p>    <img loading=\"lazy\" width=\"1800\" height=\"900\" src=\"https:\/\/www.europesays.com\/fr\/wp-content\/uploads\/2025\/04\/jeanne-callthepolice.jpg\" class=\"attachment-full size-full\" alt=\"\" id=\"imageLove\" decoding=\"async\"  \/><\/p>\n<p id=\"breadcrumbs\"><a href=\"https:\/\/pokaa.fr\/\" target=\"_blank\" rel=\"noopener\">Accueil<\/a> \/ <a href=\"https:\/\/pokaa.fr\/categories\/ses-sorties\/\" target=\"_blank\" rel=\"noopener\">Sorties<\/a> \/ Voyage temporel + concerts XXL : \u00e0 30 min de Strasbourg, ce festival pique notre curiosit\u00e9<\/p>\n<p>                    Sorties<\/p>\n<p><strong>Nich\u00e9e \u00e0 une trentaine de minutes de Strasbourg, la ville d\u2019Erstein regorge de surprises. \u00c7a tombe bien : sur place, le festival Tempus revient du 22 au 24 ao\u00fbt, avec son volet historique, mais aussi et surtout, son versant musical qui va faire vibrer les Alsacien(ne)s, avec des invit\u00e9(e)s de choix. On vous fait le topo !<\/strong><\/p>\n<p><strong>La ville d\u2019Erstein<\/strong> est bien connue pour son sucre \u00e9ponyme, indispensable des placards alsaciens (et pas que). Mais ce petit coin alsacien idyllique a pour ambition de nous faire vibrer au-del\u00e0 de nos papilles !<\/p>\n<p>Cette ann\u00e9e encore, le <strong>festival Tempus revient nous ambiancer du 22 au 24 ao\u00fbt, <\/strong>avec au programme : <strong>reconstitutions historiques et concerts au sommet. <\/strong>Restez par ici, on vous d\u00e9taille le programme.<\/p>\n<\/p>\n<p>                <img width=\"429\" height=\"500\" src=\"https:\/\/www.europesays.com\/fr\/wp-content\/uploads\/2025\/08\/festival-tempus-music-3-429x500.png\" class=\"attachment-gallery size-gallery\" alt=\"Festival Tempus Music (3)\" data-full-url=\"https:\/\/pokaa.fr\/wp-content\/uploads\/2025\/07\/30\/festival-tempus-music-3.png\" decoding=\"async\" loading=\"lazy\"  \/>            <\/p>\n<p>                <img width=\"620\" height=\"445\" src=\"https:\/\/www.europesays.com\/fr\/wp-content\/uploads\/2025\/08\/festival-tempus-music-5.png\" class=\"attachment-gallery size-gallery\" alt=\"Festival Tempus Music (5)\" data-full-url=\"https:\/\/www.europesays.com\/fr\/wp-content\/uploads\/2025\/08\/festival-tempus-music-5.png\" decoding=\"async\" loading=\"lazy\"  \/>            <\/p>\n<p>                    \u00a9 Site web du festival Tempus \/ Captures d&rsquo;\u00e9cran<\/p>\n<p>Voyager dans le temps la journ\u00e9e<\/p>\n<p>Cette ann\u00e9e, le<strong> festival Tempus Histoire<\/strong> revient pour sa quatri\u00e8me \u00e9dition, du 22 au 24 ao\u00fbt. L\u2019occasion de d\u00e9couvrir diff\u00e9rents <strong>tableaux vivants r\u00e9partis dans les rues, qui reconstituent les coutumes locales au fil des grandes p\u00e9riodes de l\u2019histoire.<\/strong><\/p>\n<p>                <img width=\"619\" height=\"462\" src=\"https:\/\/www.europesays.com\/fr\/wp-content\/uploads\/2025\/08\/tempus-histoire-erstein-4.png\" class=\"attachment-gallery size-gallery\" alt=\"Tempus Histoire Erstein (4)\" data-full-url=\"https:\/\/www.europesays.com\/fr\/wp-content\/uploads\/2025\/08\/tempus-histoire-erstein-4.png\" decoding=\"async\" loading=\"lazy\"  \/>            <\/p>\n<p>                <img width=\"494\" height=\"500\" src=\"https:\/\/www.europesays.com\/fr\/wp-content\/uploads\/2025\/08\/tempus-histoire-erstein-2-494x500.png\" class=\"attachment-gallery size-gallery\" alt=\"Tempus Histoire Erstein (2)\" data-full-url=\"https:\/\/pokaa.fr\/wp-content\/uploads\/2025\/07\/30\/tempus-histoire-erstein-2.png\" decoding=\"async\" loading=\"lazy\"  \/>            <\/p>\n<p>                <img width=\"495\" height=\"500\" src=\"https:\/\/www.europesays.com\/fr\/wp-content\/uploads\/2025\/08\/tempus-histoire-erstein-3-495x500.png\" class=\"attachment-gallery size-gallery\" alt=\"Tempus Histoire Erstein (3)\" data-full-url=\"https:\/\/pokaa.fr\/wp-content\/uploads\/2025\/07\/30\/tempus-histoire-erstein-3.png\" decoding=\"async\" loading=\"lazy\"  \/>            <\/p>\n<p>                <img width=\"370\" height=\"500\" src=\"https:\/\/www.europesays.com\/fr\/wp-content\/uploads\/2025\/08\/tempus-histoire-erstein-1-370x500.png\" class=\"attachment-gallery size-gallery\" alt=\"Tempus Histoire Erstein (1)\" data-full-url=\"https:\/\/pokaa.fr\/wp-content\/uploads\/2025\/07\/30\/tempus-histoire-erstein-1.png\" decoding=\"async\" loading=\"lazy\"  \/>            <\/p>\n<p>                <img width=\"369\" height=\"500\" src=\"https:\/\/www.europesays.com\/fr\/wp-content\/uploads\/2025\/08\/tempus-histoire-erstein-5-369x500.png\" class=\"attachment-gallery size-gallery\" alt=\"Tempus Histoire Erstein (5)\" data-full-url=\"https:\/\/pokaa.fr\/wp-content\/uploads\/2025\/07\/30\/tempus-histoire-erstein-5.png\" decoding=\"async\" loading=\"lazy\"  \/>            <\/p>\n<p>                    \u00a9 Site web du festival Tempus \/ Captures d&rsquo;\u00e9cran<\/p>\n<p>Du N\u00e9olithique aux guerres mondiales, <strong>en passant par le Moyen \u00c2ge et l\u2019\u00e9poque napol\u00e9onienne,<\/strong> vous pourrez d\u00e9couvrir les us, costumes et traditions culinaires de diff\u00e9rents moments de l\u2019histoire, pour le plus grand plaisir des petit(e)s et grand(e)s.<\/p>\n<p>Et ce n\u2019est pas tout : <strong>le festival se d\u00e9cline, pour la seconde fois, avec un versant musical chaud bouillant !\u00a0<\/strong><\/p>\n<p>Et s\u2019ambiancer en musique le soir<\/p>\n<p><strong>Tempus Music<\/strong> veut faire vibrer nos oreilles, et n\u2019a pas l\u00e9sin\u00e9 sur les moyens. <strong>Les 22 et 23 ao\u00fbt,<\/strong> plusieurs personnalit\u00e9s de choix vont d\u00e9filer sur les planches. \u00c0 commencer par <strong>Joseph Kamel<\/strong>, qui a d\u00fb vous envo\u00fbter si vous avez regard\u00e9 l\u2019\u00e9mission The Artist. Mais aussi <strong>Lancelot <\/strong>et ses sons \u00e9lectro-pop po\u00e9tiques, ou encore le chanteur franco-australien <strong>Malo\u2019<\/strong> et ses vibes folk.<\/p>\n<p>Cerise sur le g\u00e2teau\u00a0: <strong>J\u00e9r\u00e9my Fr\u00e9rot<\/strong> sera de la partie, ainsi que <strong>Marc Lavoine<\/strong>, pour f\u00eater les 40 ans de son tube Elle a les yeux revolver. Et pas n\u2019importe comment ! Le tout en reprenant ses meilleurs tubes avec <strong>l\u2019Orchestre du Rhin,<\/strong> avant que le DJ <strong>John Modena <\/strong>ne mette le feu au dancefloor, pour cl\u00f4turer le festival comme il se doit.<\/p>\n<p>                <img width=\"582\" height=\"470\" src=\"https:\/\/www.europesays.com\/fr\/wp-content\/uploads\/2025\/08\/joseph-kamel.png\" class=\"attachment-gallery size-gallery\" alt=\"Joseph Kamel\" data-full-url=\"https:\/\/www.europesays.com\/fr\/wp-content\/uploads\/2025\/08\/joseph-kamel.png\" decoding=\"async\" loading=\"lazy\"  \/>            <\/p>\n<p>                <img width=\"450\" height=\"356\" src=\"https:\/\/www.europesays.com\/fr\/wp-content\/uploads\/2025\/08\/lancelot.png\" class=\"attachment-gallery size-gallery\" alt=\"Lancelot\" data-full-url=\"https:\/\/www.europesays.com\/fr\/wp-content\/uploads\/2025\/08\/lancelot.png\" decoding=\"async\" loading=\"lazy\"  \/>            <\/p>\n<p>                <img width=\"567\" height=\"451\" src=\"https:\/\/www.europesays.com\/fr\/wp-content\/uploads\/2025\/08\/jeremy-frerot.png\" class=\"attachment-gallery size-gallery\" alt=\"J\u00e9r\u00e9my Fr\u00e9rot\" data-full-url=\"https:\/\/www.europesays.com\/fr\/wp-content\/uploads\/2025\/08\/jeremy-frerot.png\" decoding=\"async\" loading=\"lazy\"  \/>            <\/p>\n<p>                <img width=\"573\" height=\"423\" src=\"https:\/\/www.europesays.com\/fr\/wp-content\/uploads\/2025\/08\/malo.png\" class=\"attachment-gallery size-gallery\" alt=\"Malo\u2019\" data-full-url=\"https:\/\/www.europesays.com\/fr\/wp-content\/uploads\/2025\/08\/malo.png\" decoding=\"async\" loading=\"lazy\"  \/>            <\/p>\n<p>                <img width=\"543\" height=\"428\" src=\"https:\/\/www.europesays.com\/fr\/wp-content\/uploads\/2025\/08\/john-modena.png\" class=\"attachment-gallery size-gallery\" alt=\"John Modena\" data-full-url=\"https:\/\/www.europesays.com\/fr\/wp-content\/uploads\/2025\/08\/john-modena.png\" decoding=\"async\" loading=\"lazy\"  \/>            <\/p>\n<p>                <img width=\"494\" height=\"323\" src=\"https:\/\/www.europesays.com\/fr\/wp-content\/uploads\/2025\/08\/orchestre-du-rhin.png\" class=\"attachment-gallery size-gallery\" alt=\"Orchestre du Rhin\" data-full-url=\"https:\/\/www.europesays.com\/fr\/wp-content\/uploads\/2025\/08\/orchestre-du-rhin.png\" decoding=\"async\" loading=\"lazy\"  \/>            <\/p>\n<p>                <img width=\"665\" height=\"329\" src=\"https:\/\/www.europesays.com\/fr\/wp-content\/uploads\/2025\/08\/marc-lavoine.png\" class=\"attachment-gallery size-gallery\" alt=\"Marc Lavoine\" data-full-url=\"https:\/\/www.europesays.com\/fr\/wp-content\/uploads\/2025\/08\/marc-lavoine.png\" decoding=\"async\" loading=\"lazy\"  \/>            <\/p>\n<p>                    Joseph Kamel, Lancelot, J\u00e9r\u00e9my Fr\u00e9rot, Malo&rsquo;, John Modena, Op\u00e9ra du Rhin et Marc Lavoine. \u00a9 Site web du festival Tempus \/ Captures d&rsquo;\u00e9cran<\/p>\n<p>Envie de passer une soir\u00e9e en famille ou entre potes, de savourer des tubes iconiques, de (re)d\u00e9couvrir des p\u00e9pites de la sc\u00e8ne francophone, ou encore de faire votre cardio en montrant vos meilleurs moves ? C\u2019est parti, <strong>la billetterie est <a href=\"https:\/\/www.seetickets.com\/fr\/search?q=erstein\" target=\"_blank\" rel=\"noopener\">par ici\u00a0<\/a>!<\/strong><\/p>\n<p>                <img width=\"622\" height=\"468\" src=\"https:\/\/www.europesays.com\/fr\/wp-content\/uploads\/2025\/08\/festival-tempus-music-2.png\" class=\"attachment-gallery size-gallery\" alt=\"Festival Tempus Music (2)\" data-full-url=\"https:\/\/www.europesays.com\/fr\/wp-content\/uploads\/2025\/08\/festival-tempus-music-2.png\" decoding=\"async\" loading=\"lazy\"  \/>            <\/p>\n<p>                <img width=\"326\" height=\"500\" src=\"https:\/\/www.europesays.com\/fr\/wp-content\/uploads\/2025\/08\/festival-tempus-music-1-326x500.png\" class=\"attachment-gallery size-gallery\" alt=\"Festival Tempus Music (1)\" data-full-url=\"https:\/\/pokaa.fr\/wp-content\/uploads\/2025\/07\/30\/festival-tempus-music-1.png\" decoding=\"async\" loading=\"lazy\"  \/>            <\/p>\n<p>                <img width=\"750\" height=\"500\" src=\"https:\/\/www.europesays.com\/fr\/wp-content\/uploads\/2025\/08\/festival-tempus-music-750x500.png\" class=\"attachment-gallery size-gallery\" alt=\"Festival Tempus Music\" data-full-url=\"https:\/\/pokaa.fr\/wp-content\/uploads\/2025\/07\/30\/festival-tempus-music.png\" decoding=\"async\" loading=\"lazy\"  \/>            <\/p>\n<p>                    \u00a9 Site web du festival Tempus \/ Captures d&rsquo;\u00e9cran<\/p>\n<p>            Festival Tempus \/ Histoire &amp; Music<\/p>\n<p>            Quoi ? <\/p>\n<p>Festival de musique et d\u2019histoire<\/p>\n<p>                Quand ?<\/p>\n<p>Tempus Music : du 22 au 23 ao\u00fbt<br \/>Ouverture des portes \u00e0 18h, concerts \u00e0 partir de 19h30<\/p>\n<p>Tempus Histoire : du 23 au 24 ao\u00fbt<br \/>Samedi : 11h \u2013 20h \/ Dimanche : 10h \u2013 18h<\/p>\n<p>            o\u00f9 ?<\/p>\n<p>Tempus Music : parc de la Lorraine, Erstein<br \/>Tempus Histoire : lieux divers dans la ville d\u2019Erstein (voir programme)<\/p>\n<p>                Plus d&rsquo;infos ?<\/p>\n<p><a href=\"https:\/\/tempus-erstein.fr\/vendredi-22-aout\/\" target=\"_blank\" rel=\"noopener\">Le site web de Tempus Music<\/a> et la <a href=\"https:\/\/www.seetickets.com\/fr\/search?q=erstein\" target=\"_blank\" rel=\"noopener\">billetterie<\/a><br \/><a href=\"https:\/\/tempus-erstein.fr\/tempus-histoire\/\" target=\"_blank\" rel=\"noopener\">Le site web de Tempus Histoire et la programmation compl\u00e8te<\/a><\/p>\n<p>Parking gratuit, avec restauration et boissons.<\/p>\n","protected":false},"excerpt":{"rendered":"Accueil \/ Sorties \/ Voyage temporel + concerts XXL : \u00e0 30 min de Strasbourg, ce festival pique&hellip;\n","protected":false},"author":2,"featured_media":314663,"comment_status":"","ping_status":"","sticky":false,"template":"","format":"standard","meta":{"footnotes":""},"categories":[2820],"tags":[1111,11,19151,1777,674,849,1011,27,775,12,25,640,45384],"class_list":{"0":"post-314662","1":"post","2":"type-post","3":"status-publish","4":"format-standard","5":"has-post-thumbnail","7":"category-strasbourg","8":"tag-actu","9":"tag-actualites","10":"tag-erstein","11":"tag-eu","12":"tag-europe","13":"tag-festival","14":"tag-fr","15":"tag-france","16":"tag-grand-est","17":"tag-news","18":"tag-republique-francaise","19":"tag-strasbourg","20":"tag-tempus"},"share_on_mastodon":{"url":"https:\/\/pubeurope.com\/@fr\/115017564671235152","error":""},"_links":{"self":[{"href":"https:\/\/www.europesays.com\/fr\/wp-json\/wp\/v2\/posts\/314662","targetHints":{"allow":["GET"]}}],"collection":[{"href":"https:\/\/www.europesays.com\/fr\/wp-json\/wp\/v2\/posts"}],"about":[{"href":"https:\/\/www.europesays.com\/fr\/wp-json\/wp\/v2\/types\/post"}],"author":[{"embeddable":true,"href":"https:\/\/www.europesays.com\/fr\/wp-json\/wp\/v2\/users\/2"}],"replies":[{"embeddable":true,"href":"https:\/\/www.europesays.com\/fr\/wp-json\/wp\/v2\/comments?post=314662"}],"version-history":[{"count":0,"href":"https:\/\/www.europesays.com\/fr\/wp-json\/wp\/v2\/posts\/314662\/revisions"}],"wp:featuredmedia":[{"embeddable":true,"href":"https:\/\/www.europesays.com\/fr\/wp-json\/wp\/v2\/media\/314663"}],"wp:attachment":[{"href":"https:\/\/www.europesays.com\/fr\/wp-json\/wp\/v2\/media?parent=314662"}],"wp:term":[{"taxonomy":"category","embeddable":true,"href":"https:\/\/www.europesays.com\/fr\/wp-json\/wp\/v2\/categories?post=314662"},{"taxonomy":"post_tag","embeddable":true,"href":"https:\/\/www.europesays.com\/fr\/wp-json\/wp\/v2\/tags?post=314662"}],"curies":[{"name":"wp","href":"https:\/\/api.w.org\/{rel}","templated":true}]}}